{"id":2536,"date":"2020-04-27T07:39:00","date_gmt":"2020-04-27T07:39:00","guid":{"rendered":"http:\/\/dpsniemojowice.pl\/2021\/?p=2536"},"modified":"2020-05-04T07:44:18","modified_gmt":"2020-05-04T07:44:18","slug":"szkolenie-dotyczace-koronowirusa-sars-cov-2-covid-19","status":"publish","type":"post","link":"https:\/\/dpsniemojowice.pl\/2021\/aktualnosci\/szkolenie-dotyczace-koronowirusa-sars-cov-2-covid-19\/","title":{"rendered":"Szkolenie dotycz\u0105ce koronowirusa SARS-CoV-2 Covid-19"},"content":{"rendered":"\n<p> W dniu 27.04.2020r. w Domu Pomocy Spo\u0142ecznej w Niemojowicach, odby\u0142o si\u0119 szkolenie przeprowadzone przez 9 \u0141\u00f3dzk\u0105 Brygad\u0119 Obrony Terytorialnej.  <\/p>\n\n\n\n<!--more-->\n\n\n\n<figure class=\"wp-block-gallery columns-1 is-cropped\"><ul class=\"blocks-gallery-grid\"><li class=\"blocks-gallery-item\"><figure><img loading=\"lazy\" width=\"1024\" height=\"768\" src=\"http:\/\/dpsniemojowice.pl\/2021\/wp-content\/uploads\/2020\/05\/DSC03382-min-1024x768.jpg\" alt=\"\" data-id=\"2537\" data-full-url=\"http:\/\/dpsniemojowice.pl\/2021\/wp-content\/uploads\/2020\/05\/DSC03382-min-scaled.jpg\" data-link=\"http:\/\/dpsniemojowice.pl\/2021\/?attachment_id=2537\" class=\"wp-image-2537\" srcset=\"https:\/\/dpsniemojowice.pl\/2021\/wp-content\/uploads\/2020\/05\/DSC03382-min-1024x768.jpg 1024w, https:\/\/dpsniemojowice.pl\/2021\/wp-content\/uploads\/2020\/05\/DSC03382-min-300x225.jpg 300w, https:\/\/dpsniemojowice.pl\/2021\/wp-content\/uploads\/2020\/05\/DSC03382-min-768x576.jpg 768w, https:\/\/dpsniemojowice.pl\/2021\/wp-content\/uploads\/2020\/05\/DSC03382-min-1536x1152.jpg 1536w, https:\/\/dpsniemojowice.pl\/2021\/wp-content\/uploads\/2020\/05\/DSC03382-min-2048x1536.jpg 2048w\" sizes=\"(max-width: 1024px) 100vw, 1024px\" \/><\/figure><\/li><\/ul><\/figure>\n\n\n\n<p> Szkolenie dotyczy\u0142o sytuacji epidemiologicznej spowodowanej <a>koronowirusem <\/a><em>SARS-CoV-2<\/em>Covid-19. Prowadz\u0105ca szkolenie przedstawi\u0142a wszystkie wiadomo\u015bci dotycz\u0105ce wirusa: czym jest, jak si\u0119 przenosi, jak si\u0119 uchroni\u0107, jak zachowa\u0107 podczas zagro\u017cenia, jakie stosowa\u0107 \u015brodki ochrony osobistej i inne informacje dotycz\u0105ce ww. tematu. <\/p>\n","protected":false},"excerpt":{"rendered":"<p>W dniu 27.04.2020r. w Domu Pomocy Spo\u0142ecznej w Niemojowicach, odby\u0142o si\u0119 szkolenie przeprowadzone przez 9 \u0141\u00f3dzk\u0105 Brygad\u0119 Obrony Terytorialnej.<\/p>\n","protected":false},"author":1,"featured_media":2537,"comment_status":"open","ping_status":"open","sticky":false,"template":"","format":"standard","meta":{"ngg_post_thumbnail":0},"categories":[1],"tags":[],"_links":{"self":[{"href":"https:\/\/dpsniemojowice.pl\/2021\/wp-json\/wp\/v2\/posts\/2536"}],"collection":[{"href":"https:\/\/dpsniemojowice.pl\/2021\/wp-json\/wp\/v2\/posts"}],"about":[{"href":"https:\/\/dpsniemojowice.pl\/2021\/wp-json\/wp\/v2\/types\/post"}],"author":[{"embeddable":true,"href":"https:\/\/dpsniemojowice.pl\/2021\/wp-json\/wp\/v2\/users\/1"}],"replies":[{"embeddable":true,"href":"https:\/\/dpsniemojowice.pl\/2021\/wp-json\/wp\/v2\/comments?post=2536"}],"version-history":[{"count":2,"href":"https:\/\/dpsniemojowice.pl\/2021\/wp-json\/wp\/v2\/posts\/2536\/revisions"}],"predecessor-version":[{"id":2539,"href":"https:\/\/dpsniemojowice.pl\/2021\/wp-json\/wp\/v2\/posts\/2536\/revisions\/2539"}],"wp:featuredmedia":[{"embeddable":true,"href":"https:\/\/dpsniemojowice.pl\/2021\/wp-json\/wp\/v2\/media\/2537"}],"wp:attachment":[{"href":"https:\/\/dpsniemojowice.pl\/2021\/wp-json\/wp\/v2\/media?parent=2536"}],"wp:term":[{"taxonomy":"category","embeddable":true,"href":"https:\/\/dpsniemojowice.pl\/2021\/wp-json\/wp\/v2\/categories?post=2536"},{"taxonomy":"post_tag","embeddable":true,"href":"https:\/\/dpsniemojowice.pl\/2021\/wp-json\/wp\/v2\/tags?post=2536"}],"curies":[{"name":"wp","href":"https:\/\/api.w.org\/{rel}","templated":true}]}}