{"id":2602,"date":"2020-07-09T11:00:00","date_gmt":"2020-07-09T11:00:00","guid":{"rendered":"http:\/\/dpsniemojowice.pl\/2021\/?p=2602"},"modified":"2020-07-09T13:11:25","modified_gmt":"2020-07-09T13:11:25","slug":"niespodziewana-wizyta-2","status":"publish","type":"post","link":"https:\/\/dpsniemojowice.pl\/2021\/aktualnosci\/niespodziewana-wizyta-2\/","title":{"rendered":"Niespodziewana wizyta\u2026"},"content":{"rendered":"\n<p> W dniu 09.07.2020 r. Wicewojewoda \u0141\u00f3dzki Karol M\u0142ynarczyk wraz ze Starost\u0105 Powiatu Opoczy\u0144skiego Marcinem Baranowskim oraz Wicestarost\u0105 Mari\u0105 Barbar\u0105 Chomicz\u00a0 zaskoczyli mi\u0142\u0105 i jak\u017ce potrzebn\u0105 wizyt\u0105 Dyrektora i Pracownik\u00f3w Domu Pomocy Spo\u0142ecznej w Niemojowicach.  <\/p>\n\n\n\n<!--more-->\n\n\n\n<p>Celem wizyty by\u0142o osobiste podzi\u0119kowanie z\u0142o\u017cone na\nr\u0119ce pani Dyrektor Renaty Koneckiej dla wszystkich pracownik\u00f3w Domu Pomocy\nSpo\u0142ecznej w Niemojowicach za zaanga\u017cowanie w walk\u0119 z epidemi\u0105 COVID-19.<\/p>\n\n\n\n<p>Wicewojewoda przekaza\u0142 s\u0142owa najwy\u017cszego uznania. <\/p>\n\n\n\n<p>Starosta Powiatu Opoczy\u0144skiego Marcin Baranowski\ndo\u0142\u0105czy\u0142 si\u0119 do podzi\u0119kowa\u0144 i przekaza\u0142 imienne dyplomy dla wszystkich\npracownik\u00f3w. \n\nKa\u017cde wyrazy uznania i\ndocenienia ci\u0119\u017ckiej pracy pracownik\u00f3w domu pomocy spo\u0142ecznej s\u0105 niezwykle wa\u017cne\ni umacniaj\u0105 w dalszym niesieniu pomocy. Dzi\u0119kujemy.\n\n\n\n<\/p>\n\n\n\n<figure class=\"wp-block-gallery columns-1\"><ul class=\"blocks-gallery-grid\"><li class=\"blocks-gallery-item\"><figure><img loading=\"lazy\" width=\"1024\" height=\"768\" src=\"http:\/\/dpsniemojowice.pl\/2021\/wp-content\/uploads\/2020\/07\/DSC03740-min-1024x768.jpg\" alt=\"\" data-id=\"2603\" data-full-url=\"http:\/\/dpsniemojowice.pl\/2021\/wp-content\/uploads\/2020\/07\/DSC03740-min-scaled.jpg\" data-link=\"http:\/\/dpsniemojowice.pl\/2021\/?attachment_id=2603\" class=\"wp-image-2603\" srcset=\"https:\/\/dpsniemojowice.pl\/2021\/wp-content\/uploads\/2020\/07\/DSC03740-min-1024x768.jpg 1024w, https:\/\/dpsniemojowice.pl\/2021\/wp-content\/uploads\/2020\/07\/DSC03740-min-300x225.jpg 300w, https:\/\/dpsniemojowice.pl\/2021\/wp-content\/uploads\/2020\/07\/DSC03740-min-768x576.jpg 768w, https:\/\/dpsniemojowice.pl\/2021\/wp-content\/uploads\/2020\/07\/DSC03740-min-1536x1152.jpg 1536w, https:\/\/dpsniemojowice.pl\/2021\/wp-content\/uploads\/2020\/07\/DSC03740-min-2048x1536.jpg 2048w\" sizes=\"(max-width: 1024px) 100vw, 1024px\" \/><\/figure><\/li><li class=\"blocks-gallery-item\"><figure><img loading=\"lazy\" width=\"1024\" height=\"768\" src=\"http:\/\/dpsniemojowice.pl\/2021\/wp-content\/uploads\/2020\/07\/DSC03750-min-1024x768.jpg\" alt=\"\" data-id=\"2604\" data-full-url=\"http:\/\/dpsniemojowice.pl\/2021\/wp-content\/uploads\/2020\/07\/DSC03750-min-scaled.jpg\" data-link=\"http:\/\/dpsniemojowice.pl\/2021\/?attachment_id=2604\" class=\"wp-image-2604\" srcset=\"https:\/\/dpsniemojowice.pl\/2021\/wp-content\/uploads\/2020\/07\/DSC03750-min-1024x768.jpg 1024w, https:\/\/dpsniemojowice.pl\/2021\/wp-content\/uploads\/2020\/07\/DSC03750-min-300x225.jpg 300w, https:\/\/dpsniemojowice.pl\/2021\/wp-content\/uploads\/2020\/07\/DSC03750-min-768x576.jpg 768w, https:\/\/dpsniemojowice.pl\/2021\/wp-content\/uploads\/2020\/07\/DSC03750-min-1536x1152.jpg 1536w, https:\/\/dpsniemojowice.pl\/2021\/wp-content\/uploads\/2020\/07\/DSC03750-min-2048x1536.jpg 2048w\" sizes=\"(max-width: 1024px) 100vw, 1024px\" \/><\/figure><\/li><\/ul><\/figure>\n","protected":false},"excerpt":{"rendered":"<p>W dniu 09.07.2020 r. Wicewojewoda \u0141\u00f3dzki Karol M\u0142ynarczyk wraz ze Starost\u0105 Powiatu Opoczy\u0144skiego Marcinem Baranowskim oraz Wicestarost\u0105 Mari\u0105 Barbar\u0105 Chomicz\u00a0 zaskoczyli mi\u0142\u0105 i jak\u017ce potrzebn\u0105 wizyt\u0105 Dyrektora i Pracownik\u00f3w Domu Pomocy Spo\u0142ecznej w Niemojowicach.<\/p>\n","protected":false},"author":1,"featured_media":2604,"comment_status":"closed","ping_status":"open","sticky":false,"template":"","format":"standard","meta":{"ngg_post_thumbnail":0},"categories":[1],"tags":[],"_links":{"self":[{"href":"https:\/\/dpsniemojowice.pl\/2021\/wp-json\/wp\/v2\/posts\/2602"}],"collection":[{"href":"https:\/\/dpsniemojowice.pl\/2021\/wp-json\/wp\/v2\/posts"}],"about":[{"href":"https:\/\/dpsniemojowice.pl\/2021\/wp-json\/wp\/v2\/types\/post"}],"author":[{"embeddable":true,"href":"https:\/\/dpsniemojowice.pl\/2021\/wp-json\/wp\/v2\/users\/1"}],"replies":[{"embeddable":true,"href":"https:\/\/dpsniemojowice.pl\/2021\/wp-json\/wp\/v2\/comments?post=2602"}],"version-history":[{"count":1,"href":"https:\/\/dpsniemojowice.pl\/2021\/wp-json\/wp\/v2\/posts\/2602\/revisions"}],"predecessor-version":[{"id":2605,"href":"https:\/\/dpsniemojowice.pl\/2021\/wp-json\/wp\/v2\/posts\/2602\/revisions\/2605"}],"wp:featuredmedia":[{"embeddable":true,"href":"https:\/\/dpsniemojowice.pl\/2021\/wp-json\/wp\/v2\/media\/2604"}],"wp:attachment":[{"href":"https:\/\/dpsniemojowice.pl\/2021\/wp-json\/wp\/v2\/media?parent=2602"}],"wp:term":[{"taxonomy":"category","embeddable":true,"href":"https:\/\/dpsniemojowice.pl\/2021\/wp-json\/wp\/v2\/categories?post=2602"},{"taxonomy":"post_tag","embeddable":true,"href":"https:\/\/dpsniemojowice.pl\/2021\/wp-json\/wp\/v2\/tags?post=2602"}],"curies":[{"name":"wp","href":"https:\/\/api.w.org\/{rel}","templated":true}]}}