{"id":263,"date":"2013-09-20T20:30:11","date_gmt":"2013-09-20T20:30:11","guid":{"rendered":"http:\/\/dpsniemojowice.pl\/2021\/?p=263"},"modified":"2013-09-20T21:22:11","modified_gmt":"2013-09-20T21:22:11","slug":"ii-spotkanie-integracyjne-trzech-domow-pomocy-spolecznej-konskie-drzewica-i-niemojowice","status":"publish","type":"post","link":"https:\/\/dpsniemojowice.pl\/2021\/aktualnosci\/ii-spotkanie-integracyjne-trzech-domow-pomocy-spolecznej-konskie-drzewica-i-niemojowice\/","title":{"rendered":"II spotkanie integracyjne trzech Dom\u00f3w Pomocy Spo\u0142ecznej:  Ko\u0144skie, Drzewica i Niemojowice"},"content":{"rendered":"<p style=\"text-align: justify;\"><span style=\"color: #000000;\">Dom Pomocy Spo\u0142ecznej w Niemojowicach w dniu 19 wrze\u015bnia 2013r. zorganizowa\u0142 <b>II spotkanie integracyjne trzech Dom\u00f3w Pomocy Spo\u0142ecznej:\u00a0 Ko\u0144skie, Drzewica i Niemojowice<\/b>. Spotkanie to mia\u0142o na celu zintegrowanie \u015brodowisk os\u00f3b niepe\u0142nosprawnych oraz os\u00f3b pracuj\u0105cych na rzecz mieszka\u0144c\u00f3w.<!--more--><\/span><\/p>\n<p><span style=\"color: #000000;\">Uroczysto\u015b\u0107 t\u0105 swoj\u0105 obecno\u015bci\u0105 u\u015bwietnili zaproszeni go\u015bcie:<\/span><\/p>\n<ul>\n<li><span style=\"color: #000000;\">Starosta Powiatu Opoczy\u0144skiego -Pan Marek Ksyta<\/span><\/li>\n<li><span style=\"color: #000000;\">Przewodnicz\u0105cy Rady Powiatu w Opocznie \u2013 Pan Andrzej Kopania<\/span><\/li>\n<li><span style=\"color: #000000;\">W\u00f3jt Gminy \u017barn\u00f3w \u2013 Pan Krzysztof Nawrocki<\/span><\/li>\n<li><span style=\"color: #000000;\">Sekretarz Gminy \u017barn\u00f3w \u2013 Pan Bogdan Kubiszewski<\/span><\/li>\n<li><span style=\"color: #000000;\">Skarbnik Powiatu Opoczy\u0144skiego \u2013 Pani Anna S\u0142oniewska<\/span><\/li>\n<li><span style=\"color: #000000;\">Sekretarz Powiatu Opoczy\u0144skiego \u2013 Pani Gra\u017cyna Wielgus<\/span><\/li>\n<li><span style=\"color: #000000;\">Kierownik Gminnego O\u015brodka Pomocy Spo\u0142ecznej w \u017barnowie \u2013 Pani Ma\u0142gorzata Pietruszka<\/span><\/li>\n<li><span style=\"color: #000000;\">Duszpasterz DPS w Niemojowicach \u2013 Proboszcz Parafii \u015bw. Miko\u0142aja w \u017barnowie ks.\u00a0 Jan Dere\u0144<\/span><\/li>\n<li><span style=\"color: #000000;\">Wsp\u00f3\u0142w\u0142a\u015bcicielka O\u015brodka Szkoleniowego \u201e AT\u201d\u00a0 w Opocznie \u2013 Pani Anna Ka\u017amierczyk<\/span><\/li>\n<li><span style=\"color: #000000;\">Kierownik Niepublicznego O\u015brodka Zdrowia w \u017barnowie \u00a0\u2013 dr Urszula Godzi\u0105tkowska<\/span><\/li>\n<li><span style=\"color: #000000;\">w\u0142a\u015bcicielka Zak\u0142adu Fryzjerskiego w \u017barnowie \u2013 Pani Gra\u017cyna Noori wraz z pracownikami<\/span><\/li>\n<\/ul>\n<p style=\"text-align: justify;\"><span style=\"color: #000000;\">Po przywitaniu przyby\u0142ych go\u015bci przez Dyrektora DPS w Niemojowicach \u2013 Pani\u0105 Renat\u0119 Koneck\u0105, \u00a0mieszka\u0144cy naszego Domu wyst\u0105pili z programem artystycznym. Grup\u0119 os\u00f3b wyst\u0119puj\u0105cych przygotowa\u0142 Instruktor Terapii Zaj\u0119ciowej \u2013 Pani Anna D\u0105browska.\u00a0<\/span><\/p>\n<p style=\"text-align: justify;\"><span style=\"color: #000000;\">Spotkanie integracyjne mia\u0142o charakter taneczno \u2013 zabawowy. Pracownicy naszego Domu przygotowali szereg konkurs\u00f3w i zabaw grupowych. Mi\u0119dzy innymi du\u017c\u0105 atrakcj\u0105 by\u0142 wyb\u00f3r Mis i Mistera spo\u015br\u00f3d mieszka\u0144c\u00f3w Dom\u00f3w. Miss spotkania zosta\u0142a &#8211; mieszkanka DPS Niemojowice, natomiast Misterem &#8211; mieszkaniec DPS w Drzewicy.<\/span><\/p>\n<p style=\"text-align: justify;\"><span style=\"color: #000000;\">Wszyscy uczestnicy zabawy mieli zapewniony pocz\u0119stunek w formie groch\u00f3wki oraz potraw z grilla. Nie zabrak\u0142o r\u00f3wnie\u017c wypiek\u00f3w domowych przygotowanych przez zesp\u00f3\u0142 kucharek z DPS w Niemojowicach. \u00a0<\/span><\/p>\n<p style=\"text-align: justify;\"><span style=\"color: #000000;\">Zabawa przebiega\u0142a w mi\u0142ej, przyjaznej atmosferze. Trwa\u0142a do p\u00f3\u017anych godzin popo\u0142udniowych. Wszystkim dopisywa\u0142 dobry humor i z u\u015bmiechem na twarzach wr\u00f3cili do swoich Dom\u00f3w.<\/span><\/p>\n<p style=\"text-align: justify;\"><span style=\"color: #000000;\">Bior\u0105c pod uwag\u0119 integracj\u0119 zaproszonych dom\u00f3w &#8211; Dom Pomocy Spo\u0142ecznej w Niemojowicach planuje wpisa\u0107 na sta\u0142e takie spotkanie w sw\u00f3j harmonogram imprez kulturalno \u2013 o\u015bwiatowych tak, aby sta\u0142o si\u0119 tradycj\u0105.\u00a0<\/span><\/p>\n<p style=\"text-align: center;\"><!-- index.php -->\n<div\n\tclass=\"ngg-galleryoverview ngg-ajax-pagination-none\"\n\tid=\"ngg-gallery-40e91a7941b758a2b6026a3370218812-1\">\n\n    \t<div class=\"slideshowlink\">\n        <a href='https:\/\/dpsniemojowice.pl\/2021\/aktualnosci\/ii-spotkanie-integracyjne-trzech-domow-pomocy-spolecznej-konskie-drzewica-i-niemojowice\/nggallery\/slideshow'>Pokaz slajd\u00f3w<\/a>\n\t\t\n\t<\/div>\n\t\t\t<!-- Thumbnails -->\n\t\t\t\t<div id=\"ngg-image-0\" class=\"ngg-gallery-thumbnail-box\" >\n\t\t\t\t        <div class=\"ngg-gallery-thumbnail\">\n            <a href=\"https:\/\/dpsniemojowice.pl\/2021\/wp-content\/gallery\/ii-spotkanie-integracyjne-trzech-domow-pomocy-spolecznej-konskie-drzewica-i-niemojowice\/img_8451.jpg\"\n               title=\"\"\n               data-src=\"https:\/\/dpsniemojowice.pl\/2021\/wp-content\/gallery\/ii-spotkanie-integracyjne-trzech-domow-pomocy-spolecznej-konskie-drzewica-i-niemojowice\/img_8451.jpg\"\n               data-thumbnail=\"https:\/\/dpsniemojowice.pl\/2021\/wp-content\/gallery\/ii-spotkanie-integracyjne-trzech-domow-pomocy-spolecznej-konskie-drzewica-i-niemojowice\/thumbs\/thumbs_img_8451.jpg\"\n               data-image-id=\"164\"\n               data-title=\"img_8451\"\n               data-description=\"\"\n               data-image-slug=\"img_8451\"\n               class=\"shutterset_40e91a7941b758a2b6026a3370218812\">\n                <img\n                    title=\"img_8451\"\n                    alt=\"img_8451\"\n                    src=\"https:\/\/dpsniemojowice.pl\/2021\/wp-content\/gallery\/ii-spotkanie-integracyjne-trzech-domow-pomocy-spolecznej-konskie-drzewica-i-niemojowice\/thumbs\/thumbs_img_8451.jpg\"\n                    width=\"100\"\n                    height=\"75\"\n                    style=\"max-width:100%;\"\n                \/>\n            <\/a>\n        <\/div>\n\t\t\t\t\t\t\t<\/div> \n\t\t\t\n        \n\t\t\t\t<div id=\"ngg-image-1\" class=\"ngg-gallery-thumbnail-box\" >\n\t\t\t\t        <div class=\"ngg-gallery-thumbnail\">\n            <a href=\"https:\/\/dpsniemojowice.pl\/2021\/wp-content\/gallery\/ii-spotkanie-integracyjne-trzech-domow-pomocy-spolecznej-konskie-drzewica-i-niemojowice\/img_8484.jpg\"\n               title=\"\"\n               data-src=\"https:\/\/dpsniemojowice.pl\/2021\/wp-content\/gallery\/ii-spotkanie-integracyjne-trzech-domow-pomocy-spolecznej-konskie-drzewica-i-niemojowice\/img_8484.jpg\"\n               data-thumbnail=\"https:\/\/dpsniemojowice.pl\/2021\/wp-content\/gallery\/ii-spotkanie-integracyjne-trzech-domow-pomocy-spolecznej-konskie-drzewica-i-niemojowice\/thumbs\/thumbs_img_8484.jpg\"\n               data-image-id=\"165\"\n               data-title=\"img_8484\"\n               data-description=\"\"\n               data-image-slug=\"img_8484\"\n               class=\"shutterset_40e91a7941b758a2b6026a3370218812\">\n                <img\n                    title=\"img_8484\"\n                    alt=\"img_8484\"\n                    src=\"https:\/\/dpsniemojowice.pl\/2021\/wp-content\/gallery\/ii-spotkanie-integracyjne-trzech-domow-pomocy-spolecznej-konskie-drzewica-i-niemojowice\/thumbs\/thumbs_img_8484.jpg\"\n                    width=\"100\"\n                    height=\"75\"\n                    style=\"max-width:100%;\"\n                \/>\n            <\/a>\n        <\/div>\n\t\t\t\t\t\t\t<\/div> \n\t\t\t\n        \n\t\t\t\t<div id=\"ngg-image-2\" class=\"ngg-gallery-thumbnail-box\" >\n\t\t\t\t        <div class=\"ngg-gallery-thumbnail\">\n            <a href=\"https:\/\/dpsniemojowice.pl\/2021\/wp-content\/gallery\/ii-spotkanie-integracyjne-trzech-domow-pomocy-spolecznej-konskie-drzewica-i-niemojowice\/img_8518.jpg\"\n               title=\"\"\n               data-src=\"https:\/\/dpsniemojowice.pl\/2021\/wp-content\/gallery\/ii-spotkanie-integracyjne-trzech-domow-pomocy-spolecznej-konskie-drzewica-i-niemojowice\/img_8518.jpg\"\n               data-thumbnail=\"https:\/\/dpsniemojowice.pl\/2021\/wp-content\/gallery\/ii-spotkanie-integracyjne-trzech-domow-pomocy-spolecznej-konskie-drzewica-i-niemojowice\/thumbs\/thumbs_img_8518.jpg\"\n               data-image-id=\"166\"\n               data-title=\"img_8518\"\n               data-description=\"\"\n               data-image-slug=\"img_8518\"\n               class=\"shutterset_40e91a7941b758a2b6026a3370218812\">\n                <img\n                    title=\"img_8518\"\n                    alt=\"img_8518\"\n                    src=\"https:\/\/dpsniemojowice.pl\/2021\/wp-content\/gallery\/ii-spotkanie-integracyjne-trzech-domow-pomocy-spolecznej-konskie-drzewica-i-niemojowice\/thumbs\/thumbs_img_8518.jpg\"\n                    width=\"100\"\n                    height=\"75\"\n                    style=\"max-width:100%;\"\n                \/>\n            <\/a>\n        <\/div>\n\t\t\t\t\t\t\t<\/div> \n\t\t\t\n        \n\t\t\t\t<div id=\"ngg-image-3\" class=\"ngg-gallery-thumbnail-box\" >\n\t\t\t\t        <div class=\"ngg-gallery-thumbnail\">\n            <a href=\"https:\/\/dpsniemojowice.pl\/2021\/wp-content\/gallery\/ii-spotkanie-integracyjne-trzech-domow-pomocy-spolecznej-konskie-drzewica-i-niemojowice\/img_8527.jpg\"\n               title=\"\"\n               data-src=\"https:\/\/dpsniemojowice.pl\/2021\/wp-content\/gallery\/ii-spotkanie-integracyjne-trzech-domow-pomocy-spolecznej-konskie-drzewica-i-niemojowice\/img_8527.jpg\"\n               data-thumbnail=\"https:\/\/dpsniemojowice.pl\/2021\/wp-content\/gallery\/ii-spotkanie-integracyjne-trzech-domow-pomocy-spolecznej-konskie-drzewica-i-niemojowice\/thumbs\/thumbs_img_8527.jpg\"\n               data-image-id=\"167\"\n               data-title=\"img_8527\"\n               data-description=\"\"\n               data-image-slug=\"img_8527\"\n               class=\"shutterset_40e91a7941b758a2b6026a3370218812\">\n                <img\n                    title=\"img_8527\"\n                    alt=\"img_8527\"\n                    src=\"https:\/\/dpsniemojowice.pl\/2021\/wp-content\/gallery\/ii-spotkanie-integracyjne-trzech-domow-pomocy-spolecznej-konskie-drzewica-i-niemojowice\/thumbs\/thumbs_img_8527.jpg\"\n                    width=\"100\"\n                    height=\"75\"\n                    style=\"max-width:100%;\"\n                \/>\n            <\/a>\n        <\/div>\n\t\t\t\t\t\t\t<\/div> \n\t\t\t\n        \n\t\t\t\t<div id=\"ngg-image-4\" class=\"ngg-gallery-thumbnail-box\" >\n\t\t\t\t        <div class=\"ngg-gallery-thumbnail\">\n            <a href=\"https:\/\/dpsniemojowice.pl\/2021\/wp-content\/gallery\/ii-spotkanie-integracyjne-trzech-domow-pomocy-spolecznej-konskie-drzewica-i-niemojowice\/img_8582.jpg\"\n               title=\"\"\n               data-src=\"https:\/\/dpsniemojowice.pl\/2021\/wp-content\/gallery\/ii-spotkanie-integracyjne-trzech-domow-pomocy-spolecznej-konskie-drzewica-i-niemojowice\/img_8582.jpg\"\n               data-thumbnail=\"https:\/\/dpsniemojowice.pl\/2021\/wp-content\/gallery\/ii-spotkanie-integracyjne-trzech-domow-pomocy-spolecznej-konskie-drzewica-i-niemojowice\/thumbs\/thumbs_img_8582.jpg\"\n               data-image-id=\"168\"\n               data-title=\"img_8582\"\n               data-description=\"\"\n               data-image-slug=\"img_8582\"\n               class=\"shutterset_40e91a7941b758a2b6026a3370218812\">\n                <img\n                    title=\"img_8582\"\n                    alt=\"img_8582\"\n                    src=\"https:\/\/dpsniemojowice.pl\/2021\/wp-content\/gallery\/ii-spotkanie-integracyjne-trzech-domow-pomocy-spolecznej-konskie-drzewica-i-niemojowice\/thumbs\/thumbs_img_8582.jpg\"\n                    width=\"100\"\n                    height=\"75\"\n                    style=\"max-width:100%;\"\n                \/>\n            <\/a>\n        <\/div>\n\t\t\t\t\t\t\t<\/div> \n\t\t\t\n        \n\t\t\t\t<div id=\"ngg-image-5\" class=\"ngg-gallery-thumbnail-box\" >\n\t\t\t\t        <div class=\"ngg-gallery-thumbnail\">\n            <a href=\"https:\/\/dpsniemojowice.pl\/2021\/wp-content\/gallery\/ii-spotkanie-integracyjne-trzech-domow-pomocy-spolecznej-konskie-drzewica-i-niemojowice\/img_8718.jpg\"\n               title=\"\"\n               data-src=\"https:\/\/dpsniemojowice.pl\/2021\/wp-content\/gallery\/ii-spotkanie-integracyjne-trzech-domow-pomocy-spolecznej-konskie-drzewica-i-niemojowice\/img_8718.jpg\"\n               data-thumbnail=\"https:\/\/dpsniemojowice.pl\/2021\/wp-content\/gallery\/ii-spotkanie-integracyjne-trzech-domow-pomocy-spolecznej-konskie-drzewica-i-niemojowice\/thumbs\/thumbs_img_8718.jpg\"\n               data-image-id=\"169\"\n               data-title=\"img_8718\"\n               data-description=\"\"\n               data-image-slug=\"img_8718\"\n               class=\"shutterset_40e91a7941b758a2b6026a3370218812\">\n                <img\n                    title=\"img_8718\"\n                    alt=\"img_8718\"\n                    src=\"https:\/\/dpsniemojowice.pl\/2021\/wp-content\/gallery\/ii-spotkanie-integracyjne-trzech-domow-pomocy-spolecznej-konskie-drzewica-i-niemojowice\/thumbs\/thumbs_img_8718.jpg\"\n                    width=\"100\"\n                    height=\"75\"\n                    style=\"max-width:100%;\"\n                \/>\n            <\/a>\n        <\/div>\n\t\t\t\t\t\t\t<\/div> \n\t\t\t\n        \n\t\t\t\t<div id=\"ngg-image-6\" class=\"ngg-gallery-thumbnail-box\" >\n\t\t\t\t        <div class=\"ngg-gallery-thumbnail\">\n            <a href=\"https:\/\/dpsniemojowice.pl\/2021\/wp-content\/gallery\/ii-spotkanie-integracyjne-trzech-domow-pomocy-spolecznej-konskie-drzewica-i-niemojowice\/img_8748.jpg\"\n               title=\"\"\n               data-src=\"https:\/\/dpsniemojowice.pl\/2021\/wp-content\/gallery\/ii-spotkanie-integracyjne-trzech-domow-pomocy-spolecznej-konskie-drzewica-i-niemojowice\/img_8748.jpg\"\n               data-thumbnail=\"https:\/\/dpsniemojowice.pl\/2021\/wp-content\/gallery\/ii-spotkanie-integracyjne-trzech-domow-pomocy-spolecznej-konskie-drzewica-i-niemojowice\/thumbs\/thumbs_img_8748.jpg\"\n               data-image-id=\"170\"\n               data-title=\"img_8748\"\n               data-description=\"\"\n               data-image-slug=\"img_8748\"\n               class=\"shutterset_40e91a7941b758a2b6026a3370218812\">\n                <img\n                    title=\"img_8748\"\n                    alt=\"img_8748\"\n                    src=\"https:\/\/dpsniemojowice.pl\/2021\/wp-content\/gallery\/ii-spotkanie-integracyjne-trzech-domow-pomocy-spolecznej-konskie-drzewica-i-niemojowice\/thumbs\/thumbs_img_8748.jpg\"\n                    width=\"100\"\n                    height=\"75\"\n                    style=\"max-width:100%;\"\n                \/>\n            <\/a>\n        <\/div>\n\t\t\t\t\t\t\t<\/div> \n\t\t\t\n        \n\t\t\t\t<div id=\"ngg-image-7\" class=\"ngg-gallery-thumbnail-box\" >\n\t\t\t\t        <div class=\"ngg-gallery-thumbnail\">\n            <a href=\"https:\/\/dpsniemojowice.pl\/2021\/wp-content\/gallery\/ii-spotkanie-integracyjne-trzech-domow-pomocy-spolecznej-konskie-drzewica-i-niemojowice\/img_8791.jpg\"\n               title=\"\"\n               data-src=\"https:\/\/dpsniemojowice.pl\/2021\/wp-content\/gallery\/ii-spotkanie-integracyjne-trzech-domow-pomocy-spolecznej-konskie-drzewica-i-niemojowice\/img_8791.jpg\"\n               data-thumbnail=\"https:\/\/dpsniemojowice.pl\/2021\/wp-content\/gallery\/ii-spotkanie-integracyjne-trzech-domow-pomocy-spolecznej-konskie-drzewica-i-niemojowice\/thumbs\/thumbs_img_8791.jpg\"\n               data-image-id=\"171\"\n               data-title=\"img_8791\"\n               data-description=\"\"\n               data-image-slug=\"img_8791\"\n               class=\"shutterset_40e91a7941b758a2b6026a3370218812\">\n                <img\n                    title=\"img_8791\"\n                    alt=\"img_8791\"\n                    src=\"https:\/\/dpsniemojowice.pl\/2021\/wp-content\/gallery\/ii-spotkanie-integracyjne-trzech-domow-pomocy-spolecznej-konskie-drzewica-i-niemojowice\/thumbs\/thumbs_img_8791.jpg\"\n                    width=\"100\"\n                    height=\"75\"\n                    style=\"max-width:100%;\"\n                \/>\n            <\/a>\n        <\/div>\n\t\t\t\t\t\t\t<\/div> \n\t\t\t\n        \n\t\t\t\t<div id=\"ngg-image-8\" class=\"ngg-gallery-thumbnail-box\" >\n\t\t\t\t        <div class=\"ngg-gallery-thumbnail\">\n            <a href=\"https:\/\/dpsniemojowice.pl\/2021\/wp-content\/gallery\/ii-spotkanie-integracyjne-trzech-domow-pomocy-spolecznej-konskie-drzewica-i-niemojowice\/img_8826.jpg\"\n               title=\"\"\n               data-src=\"https:\/\/dpsniemojowice.pl\/2021\/wp-content\/gallery\/ii-spotkanie-integracyjne-trzech-domow-pomocy-spolecznej-konskie-drzewica-i-niemojowice\/img_8826.jpg\"\n               data-thumbnail=\"https:\/\/dpsniemojowice.pl\/2021\/wp-content\/gallery\/ii-spotkanie-integracyjne-trzech-domow-pomocy-spolecznej-konskie-drzewica-i-niemojowice\/thumbs\/thumbs_img_8826.jpg\"\n               data-image-id=\"172\"\n               data-title=\"img_8826\"\n               data-description=\"\"\n               data-image-slug=\"img_8826\"\n               class=\"shutterset_40e91a7941b758a2b6026a3370218812\">\n                <img\n                    title=\"img_8826\"\n                    alt=\"img_8826\"\n                    src=\"https:\/\/dpsniemojowice.pl\/2021\/wp-content\/gallery\/ii-spotkanie-integracyjne-trzech-domow-pomocy-spolecznej-konskie-drzewica-i-niemojowice\/thumbs\/thumbs_img_8826.jpg\"\n                    width=\"100\"\n                    height=\"75\"\n                    style=\"max-width:100%;\"\n                \/>\n            <\/a>\n        <\/div>\n\t\t\t\t\t\t\t<\/div> \n\t\t\t\n        \n\t\t\t\t<div id=\"ngg-image-9\" class=\"ngg-gallery-thumbnail-box\" >\n\t\t\t\t        <div class=\"ngg-gallery-thumbnail\">\n            <a href=\"https:\/\/dpsniemojowice.pl\/2021\/wp-content\/gallery\/ii-spotkanie-integracyjne-trzech-domow-pomocy-spolecznej-konskie-drzewica-i-niemojowice\/img_8854.jpg\"\n               title=\"\"\n               data-src=\"https:\/\/dpsniemojowice.pl\/2021\/wp-content\/gallery\/ii-spotkanie-integracyjne-trzech-domow-pomocy-spolecznej-konskie-drzewica-i-niemojowice\/img_8854.jpg\"\n               data-thumbnail=\"https:\/\/dpsniemojowice.pl\/2021\/wp-content\/gallery\/ii-spotkanie-integracyjne-trzech-domow-pomocy-spolecznej-konskie-drzewica-i-niemojowice\/thumbs\/thumbs_img_8854.jpg\"\n               data-image-id=\"173\"\n               data-title=\"img_8854\"\n               data-description=\"\"\n               data-image-slug=\"img_8854\"\n               class=\"shutterset_40e91a7941b758a2b6026a3370218812\">\n                <img\n                    title=\"img_8854\"\n                    alt=\"img_8854\"\n                    src=\"https:\/\/dpsniemojowice.pl\/2021\/wp-content\/gallery\/ii-spotkanie-integracyjne-trzech-domow-pomocy-spolecznej-konskie-drzewica-i-niemojowice\/thumbs\/thumbs_img_8854.jpg\"\n                    width=\"100\"\n                    height=\"75\"\n                    style=\"max-width:100%;\"\n                \/>\n            <\/a>\n        <\/div>\n\t\t\t\t\t\t\t<\/div> \n\t\t\t\n        \n\t\t\t\t<div id=\"ngg-image-10\" class=\"ngg-gallery-thumbnail-box\" >\n\t\t\t\t        <div class=\"ngg-gallery-thumbnail\">\n            <a href=\"https:\/\/dpsniemojowice.pl\/2021\/wp-content\/gallery\/ii-spotkanie-integracyjne-trzech-domow-pomocy-spolecznej-konskie-drzewica-i-niemojowice\/img_8867.jpg\"\n               title=\"\"\n               data-src=\"https:\/\/dpsniemojowice.pl\/2021\/wp-content\/gallery\/ii-spotkanie-integracyjne-trzech-domow-pomocy-spolecznej-konskie-drzewica-i-niemojowice\/img_8867.jpg\"\n               data-thumbnail=\"https:\/\/dpsniemojowice.pl\/2021\/wp-content\/gallery\/ii-spotkanie-integracyjne-trzech-domow-pomocy-spolecznej-konskie-drzewica-i-niemojowice\/thumbs\/thumbs_img_8867.jpg\"\n               data-image-id=\"174\"\n               data-title=\"img_8867\"\n               data-description=\"\"\n               data-image-slug=\"img_8867\"\n               class=\"shutterset_40e91a7941b758a2b6026a3370218812\">\n                <img\n                    title=\"img_8867\"\n                    alt=\"img_8867\"\n                    src=\"https:\/\/dpsniemojowice.pl\/2021\/wp-content\/gallery\/ii-spotkanie-integracyjne-trzech-domow-pomocy-spolecznej-konskie-drzewica-i-niemojowice\/thumbs\/thumbs_img_8867.jpg\"\n                    width=\"100\"\n                    height=\"75\"\n                    style=\"max-width:100%;\"\n                \/>\n            <\/a>\n        <\/div>\n\t\t\t\t\t\t\t<\/div> \n\t\t\t\n        \n\t\t\t\t<div id=\"ngg-image-11\" class=\"ngg-gallery-thumbnail-box\" >\n\t\t\t\t        <div class=\"ngg-gallery-thumbnail\">\n            <a href=\"https:\/\/dpsniemojowice.pl\/2021\/wp-content\/gallery\/ii-spotkanie-integracyjne-trzech-domow-pomocy-spolecznej-konskie-drzewica-i-niemojowice\/img_8902.jpg\"\n               title=\"\"\n               data-src=\"https:\/\/dpsniemojowice.pl\/2021\/wp-content\/gallery\/ii-spotkanie-integracyjne-trzech-domow-pomocy-spolecznej-konskie-drzewica-i-niemojowice\/img_8902.jpg\"\n               data-thumbnail=\"https:\/\/dpsniemojowice.pl\/2021\/wp-content\/gallery\/ii-spotkanie-integracyjne-trzech-domow-pomocy-spolecznej-konskie-drzewica-i-niemojowice\/thumbs\/thumbs_img_8902.jpg\"\n               data-image-id=\"175\"\n               data-title=\"img_8902\"\n               data-description=\"\"\n               data-image-slug=\"img_8902\"\n               class=\"shutterset_40e91a7941b758a2b6026a3370218812\">\n                <img\n                    title=\"img_8902\"\n                    alt=\"img_8902\"\n                    src=\"https:\/\/dpsniemojowice.pl\/2021\/wp-content\/gallery\/ii-spotkanie-integracyjne-trzech-domow-pomocy-spolecznej-konskie-drzewica-i-niemojowice\/thumbs\/thumbs_img_8902.jpg\"\n                    width=\"100\"\n                    height=\"75\"\n                    style=\"max-width:100%;\"\n                \/>\n            <\/a>\n        <\/div>\n\t\t\t\t\t\t\t<\/div> \n\t\t\t\n        \n\t\t\t\t<div id=\"ngg-image-12\" class=\"ngg-gallery-thumbnail-box\" >\n\t\t\t\t        <div class=\"ngg-gallery-thumbnail\">\n            <a href=\"https:\/\/dpsniemojowice.pl\/2021\/wp-content\/gallery\/ii-spotkanie-integracyjne-trzech-domow-pomocy-spolecznej-konskie-drzewica-i-niemojowice\/img_8974.jpg\"\n               title=\"\"\n               data-src=\"https:\/\/dpsniemojowice.pl\/2021\/wp-content\/gallery\/ii-spotkanie-integracyjne-trzech-domow-pomocy-spolecznej-konskie-drzewica-i-niemojowice\/img_8974.jpg\"\n               data-thumbnail=\"https:\/\/dpsniemojowice.pl\/2021\/wp-content\/gallery\/ii-spotkanie-integracyjne-trzech-domow-pomocy-spolecznej-konskie-drzewica-i-niemojowice\/thumbs\/thumbs_img_8974.jpg\"\n               data-image-id=\"176\"\n               data-title=\"img_8974\"\n               data-description=\"\"\n               data-image-slug=\"img_8974\"\n               class=\"shutterset_40e91a7941b758a2b6026a3370218812\">\n                <img\n                    title=\"img_8974\"\n                    alt=\"img_8974\"\n                    src=\"https:\/\/dpsniemojowice.pl\/2021\/wp-content\/gallery\/ii-spotkanie-integracyjne-trzech-domow-pomocy-spolecznej-konskie-drzewica-i-niemojowice\/thumbs\/thumbs_img_8974.jpg\"\n                    width=\"100\"\n                    height=\"75\"\n                    style=\"max-width:100%;\"\n                \/>\n            <\/a>\n        <\/div>\n\t\t\t\t\t\t\t<\/div> \n\t\t\t\n        \n\t\t\t\t<div id=\"ngg-image-13\" class=\"ngg-gallery-thumbnail-box\" >\n\t\t\t\t        <div class=\"ngg-gallery-thumbnail\">\n            <a href=\"https:\/\/dpsniemojowice.pl\/2021\/wp-content\/gallery\/ii-spotkanie-integracyjne-trzech-domow-pomocy-spolecznej-konskie-drzewica-i-niemojowice\/img_8981.jpg\"\n               title=\"\"\n               data-src=\"https:\/\/dpsniemojowice.pl\/2021\/wp-content\/gallery\/ii-spotkanie-integracyjne-trzech-domow-pomocy-spolecznej-konskie-drzewica-i-niemojowice\/img_8981.jpg\"\n               data-thumbnail=\"https:\/\/dpsniemojowice.pl\/2021\/wp-content\/gallery\/ii-spotkanie-integracyjne-trzech-domow-pomocy-spolecznej-konskie-drzewica-i-niemojowice\/thumbs\/thumbs_img_8981.jpg\"\n               data-image-id=\"177\"\n               data-title=\"img_8981\"\n               data-description=\"\"\n               data-image-slug=\"img_8981\"\n               class=\"shutterset_40e91a7941b758a2b6026a3370218812\">\n                <img\n                    title=\"img_8981\"\n                    alt=\"img_8981\"\n                    src=\"https:\/\/dpsniemojowice.pl\/2021\/wp-content\/gallery\/ii-spotkanie-integracyjne-trzech-domow-pomocy-spolecznej-konskie-drzewica-i-niemojowice\/thumbs\/thumbs_img_8981.jpg\"\n                    width=\"100\"\n                    height=\"75\"\n                    style=\"max-width:100%;\"\n                \/>\n            <\/a>\n        <\/div>\n\t\t\t\t\t\t\t<\/div> \n\t\t\t\n        \n\t\t\t\t<div id=\"ngg-image-14\" class=\"ngg-gallery-thumbnail-box\" >\n\t\t\t\t        <div class=\"ngg-gallery-thumbnail\">\n            <a href=\"https:\/\/dpsniemojowice.pl\/2021\/wp-content\/gallery\/ii-spotkanie-integracyjne-trzech-domow-pomocy-spolecznej-konskie-drzewica-i-niemojowice\/img_9003.jpg\"\n               title=\"\"\n               data-src=\"https:\/\/dpsniemojowice.pl\/2021\/wp-content\/gallery\/ii-spotkanie-integracyjne-trzech-domow-pomocy-spolecznej-konskie-drzewica-i-niemojowice\/img_9003.jpg\"\n               data-thumbnail=\"https:\/\/dpsniemojowice.pl\/2021\/wp-content\/gallery\/ii-spotkanie-integracyjne-trzech-domow-pomocy-spolecznej-konskie-drzewica-i-niemojowice\/thumbs\/thumbs_img_9003.jpg\"\n               data-image-id=\"178\"\n               data-title=\"img_9003\"\n               data-description=\"\"\n               data-image-slug=\"img_9003\"\n               class=\"shutterset_40e91a7941b758a2b6026a3370218812\">\n                <img\n                    title=\"img_9003\"\n                    alt=\"img_9003\"\n                    src=\"https:\/\/dpsniemojowice.pl\/2021\/wp-content\/gallery\/ii-spotkanie-integracyjne-trzech-domow-pomocy-spolecznej-konskie-drzewica-i-niemojowice\/thumbs\/thumbs_img_9003.jpg\"\n                    width=\"100\"\n                    height=\"75\"\n                    style=\"max-width:100%;\"\n                \/>\n            <\/a>\n        <\/div>\n\t\t\t\t\t\t\t<\/div> \n\t\t\t\n        \n\t\t\t\t<div id=\"ngg-image-15\" class=\"ngg-gallery-thumbnail-box\" >\n\t\t\t\t        <div class=\"ngg-gallery-thumbnail\">\n            <a href=\"https:\/\/dpsniemojowice.pl\/2021\/wp-content\/gallery\/ii-spotkanie-integracyjne-trzech-domow-pomocy-spolecznej-konskie-drzewica-i-niemojowice\/img_9056.jpg\"\n               title=\"\"\n               data-src=\"https:\/\/dpsniemojowice.pl\/2021\/wp-content\/gallery\/ii-spotkanie-integracyjne-trzech-domow-pomocy-spolecznej-konskie-drzewica-i-niemojowice\/img_9056.jpg\"\n               data-thumbnail=\"https:\/\/dpsniemojowice.pl\/2021\/wp-content\/gallery\/ii-spotkanie-integracyjne-trzech-domow-pomocy-spolecznej-konskie-drzewica-i-niemojowice\/thumbs\/thumbs_img_9056.jpg\"\n               data-image-id=\"179\"\n               data-title=\"img_9056\"\n               data-description=\"\"\n               data-image-slug=\"img_9056\"\n               class=\"shutterset_40e91a7941b758a2b6026a3370218812\">\n                <img\n                    title=\"img_9056\"\n                    alt=\"img_9056\"\n                    src=\"https:\/\/dpsniemojowice.pl\/2021\/wp-content\/gallery\/ii-spotkanie-integracyjne-trzech-domow-pomocy-spolecznej-konskie-drzewica-i-niemojowice\/thumbs\/thumbs_img_9056.jpg\"\n                    width=\"100\"\n                    height=\"75\"\n                    style=\"max-width:100%;\"\n                \/>\n            <\/a>\n        <\/div>\n\t\t\t\t\t\t\t<\/div> \n\t\t\t\n        \n\t\t\t\t<div id=\"ngg-image-16\" class=\"ngg-gallery-thumbnail-box\" >\n\t\t\t\t        <div class=\"ngg-gallery-thumbnail\">\n            <a href=\"https:\/\/dpsniemojowice.pl\/2021\/wp-content\/gallery\/ii-spotkanie-integracyjne-trzech-domow-pomocy-spolecznej-konskie-drzewica-i-niemojowice\/img_9068.jpg\"\n               title=\"\"\n               data-src=\"https:\/\/dpsniemojowice.pl\/2021\/wp-content\/gallery\/ii-spotkanie-integracyjne-trzech-domow-pomocy-spolecznej-konskie-drzewica-i-niemojowice\/img_9068.jpg\"\n               data-thumbnail=\"https:\/\/dpsniemojowice.pl\/2021\/wp-content\/gallery\/ii-spotkanie-integracyjne-trzech-domow-pomocy-spolecznej-konskie-drzewica-i-niemojowice\/thumbs\/thumbs_img_9068.jpg\"\n               data-image-id=\"180\"\n               data-title=\"img_9068\"\n               data-description=\"\"\n               data-image-slug=\"img_9068\"\n               class=\"shutterset_40e91a7941b758a2b6026a3370218812\">\n                <img\n                    title=\"img_9068\"\n                    alt=\"img_9068\"\n                    src=\"https:\/\/dpsniemojowice.pl\/2021\/wp-content\/gallery\/ii-spotkanie-integracyjne-trzech-domow-pomocy-spolecznej-konskie-drzewica-i-niemojowice\/thumbs\/thumbs_img_9068.jpg\"\n                    width=\"100\"\n                    height=\"75\"\n                    style=\"max-width:100%;\"\n                \/>\n            <\/a>\n        <\/div>\n\t\t\t\t\t\t\t<\/div> \n\t\t\t\n        \n\t\t\t\t<div id=\"ngg-image-17\" class=\"ngg-gallery-thumbnail-box\" >\n\t\t\t\t        <div class=\"ngg-gallery-thumbnail\">\n            <a href=\"https:\/\/dpsniemojowice.pl\/2021\/wp-content\/gallery\/ii-spotkanie-integracyjne-trzech-domow-pomocy-spolecznej-konskie-drzewica-i-niemojowice\/glowne.jpg\"\n               title=\"\"\n               data-src=\"https:\/\/dpsniemojowice.pl\/2021\/wp-content\/gallery\/ii-spotkanie-integracyjne-trzech-domow-pomocy-spolecznej-konskie-drzewica-i-niemojowice\/glowne.jpg\"\n               data-thumbnail=\"https:\/\/dpsniemojowice.pl\/2021\/wp-content\/gallery\/ii-spotkanie-integracyjne-trzech-domow-pomocy-spolecznej-konskie-drzewica-i-niemojowice\/thumbs\/thumbs_glowne.jpg\"\n               data-image-id=\"181\"\n               data-title=\"glowne\"\n               data-description=\"\"\n               data-image-slug=\"glowne\"\n               class=\"shutterset_40e91a7941b758a2b6026a3370218812\">\n                <img\n                    title=\"glowne\"\n                    alt=\"glowne\"\n                    src=\"https:\/\/dpsniemojowice.pl\/2021\/wp-content\/gallery\/ii-spotkanie-integracyjne-trzech-domow-pomocy-spolecznej-konskie-drzewica-i-niemojowice\/thumbs\/thumbs_glowne.jpg\"\n                    width=\"100\"\n                    height=\"75\"\n                    style=\"max-width:100%;\"\n                \/>\n            <\/a>\n        <\/div>\n\t\t\t\t\t\t\t<\/div> \n\t\t\t\n        \n\t\t\n\t\t<!-- Pagination -->\n\t<div class='ngg-clear'><\/div>\t<\/div>\n<\/p>\n<p style=\"text-align: center;\"><a href=\"http:\/\/dpsniemojowice.pl\/2021\/wp-content\/uploads\/2013\/09\/19.09.2013.png\"><img loading=\"lazy\" class=\"aligncenter size-full wp-image-273\" alt=\"19.09.2013\" src=\"http:\/\/dpsniemojowice.pl\/2021\/wp-content\/uploads\/2013\/09\/19.09.2013.png\" width=\"559\" height=\"394\" srcset=\"https:\/\/dpsniemojowice.pl\/2021\/wp-content\/uploads\/2013\/09\/19.09.2013.png 2800w, https:\/\/dpsniemojowice.pl\/2021\/wp-content\/uploads\/2013\/09\/19.09.2013-300x212.png 300w, https:\/\/dpsniemojowice.pl\/2021\/wp-content\/uploads\/2013\/09\/19.09.2013-1024x724.png 1024w\" sizes=\"(max-width: 559px) 100vw, 559px\" \/><\/a><\/p>\n","protected":false},"excerpt":{"rendered":"<p>Dom Pomocy Spo\u0142ecznej w Niemojowicach w dniu 19 wrze\u015bnia 2013r. zorganizowa\u0142 II spotkanie integracyjne trzech Dom\u00f3w Pomocy Spo\u0142ecznej:\u00a0 Ko\u0144skie, Drzewica i Niemojowice. Spotkanie to mia\u0142o na celu zintegrowanie \u015brodowisk os\u00f3b niepe\u0142nosprawnych oraz os\u00f3b pracuj\u0105cych na rzecz mieszka\u0144c\u00f3w.<\/p>\n","protected":false},"author":1,"featured_media":267,"comment_status":"open","ping_status":"open","sticky":false,"template":"","format":"standard","meta":{"ngg_post_thumbnail":0},"categories":[1],"tags":[],"_links":{"self":[{"href":"https:\/\/dpsniemojowice.pl\/2021\/wp-json\/wp\/v2\/posts\/263"}],"collection":[{"href":"https:\/\/dpsniemojowice.pl\/2021\/wp-json\/wp\/v2\/posts"}],"about":[{"href":"https:\/\/dpsniemojowice.pl\/2021\/wp-json\/wp\/v2\/types\/post"}],"author":[{"embeddable":true,"href":"https:\/\/dpsniemojowice.pl\/2021\/wp-json\/wp\/v2\/users\/1"}],"replies":[{"embeddable":true,"href":"https:\/\/dpsniemojowice.pl\/2021\/wp-json\/wp\/v2\/comments?post=263"}],"version-history":[{"count":9,"href":"https:\/\/dpsniemojowice.pl\/2021\/wp-json\/wp\/v2\/posts\/263\/revisions"}],"predecessor-version":[{"id":270,"href":"https:\/\/dpsniemojowice.pl\/2021\/wp-json\/wp\/v2\/posts\/263\/revisions\/270"}],"wp:featuredmedia":[{"embeddable":true,"href":"https:\/\/dpsniemojowice.pl\/2021\/wp-json\/wp\/v2\/media\/267"}],"wp:attachment":[{"href":"https:\/\/dpsniemojowice.pl\/2021\/wp-json\/wp\/v2\/media?parent=263"}],"wp:term":[{"taxonomy":"category","embeddable":true,"href":"https:\/\/dpsniemojowice.pl\/2021\/wp-json\/wp\/v2\/categories?post=263"},{"taxonomy":"post_tag","embeddable":true,"href":"https:\/\/dpsniemojowice.pl\/2021\/wp-json\/wp\/v2\/tags?post=263"}],"curies":[{"name":"wp","href":"https:\/\/api.w.org\/{rel}","templated":true}]}}