{"id":2782,"date":"2020-09-30T11:00:58","date_gmt":"2020-09-30T11:00:58","guid":{"rendered":"http:\/\/dpsniemojowice.pl\/2021\/?p=2782"},"modified":"2020-10-07T11:46:35","modified_gmt":"2020-10-07T11:46:35","slug":"projekt-lodzkie-pomaga","status":"publish","type":"post","link":"https:\/\/dpsniemojowice.pl\/2021\/aktualnosci\/projekt-lodzkie-pomaga\/","title":{"rendered":"Projekt &#8222;\u0141\u00f3dzkie Pomaga&#8221;"},"content":{"rendered":"\n<figure class=\"wp-block-image size-large is-resized\"><img loading=\"lazy\" src=\"http:\/\/dpsniemojowice.pl\/2021\/wp-content\/uploads\/2020\/10\/FE_POWER_poziom_pl-1_rgb-1024x132.jpg\" alt=\"\" class=\"wp-image-2783\" width=\"523\" height=\"67\" srcset=\"https:\/\/dpsniemojowice.pl\/2021\/wp-content\/uploads\/2020\/10\/FE_POWER_poziom_pl-1_rgb-1024x132.jpg 1024w, https:\/\/dpsniemojowice.pl\/2021\/wp-content\/uploads\/2020\/10\/FE_POWER_poziom_pl-1_rgb-300x39.jpg 300w, https:\/\/dpsniemojowice.pl\/2021\/wp-content\/uploads\/2020\/10\/FE_POWER_poziom_pl-1_rgb-768x99.jpg 768w, https:\/\/dpsniemojowice.pl\/2021\/wp-content\/uploads\/2020\/10\/FE_POWER_poziom_pl-1_rgb-1536x197.jpg 1536w, https:\/\/dpsniemojowice.pl\/2021\/wp-content\/uploads\/2020\/10\/FE_POWER_poziom_pl-1_rgb-2048x263.jpg 2048w\" sizes=\"(max-width: 523px) 100vw, 523px\" \/><\/figure>\n\n\n\n<p class=\"has-text-align-center\"><strong>Dom Pomocy Spo\u0142ecznej w Niemojowicach<\/strong> realizuje projekt pn<strong>. \u201e\u0141\u00f3dzkie pomaga\u201d<\/strong><\/p>\n\n\n\n<p>Wsp\u00f3\u0142finansowany przez Uni\u0119 Europejsk\u0105 w ramach Europejskiego Funduszu Spo\u0142ecznego, Dzia\u0142anie 2.8 Rozw\u00f3j us\u0142ug spo\u0142ecznych \u015bwiadczonych w \u015brodowisku lokalnym Programu Operacyjnego Wiedza Edukacja Rozw\u00f3j 2014-2020.<\/p>\n\n\n\n<!--more-->\n\n\n\n<p>Celem projektu jest \u0142agodzenie skutk\u00f3w pandemii COVID-19 oraz przeciwdzia\u0142anie jej negatywnym konsekwencjom, w szczeg\u00f3lno\u015bci dla os\u00f3b znajduj\u0105cych si\u0119 w grupie ryzyka tj. ochrona \u017cycia pensjonariuszy Domu Pomocy Spo\u0142ecznej w Niemojowicach poprzez ograniczenie skutk\u00f3w COVID-19.<\/p>\n\n\n\n<p>Planowanymi efektami jest wyp\u0142ata dodatk\u00f3w do wynagrodze\u0144 dla\u00a0 pracownik\u00f3w bezpo\u015brednio pracuj\u0105cych z mieszka\u0144cami za okres <strong>od<\/strong>\u00a0<strong>15 lipca 2020 r. do 14 pa\u017adziernika 2020r<\/strong>. w ilo\u015bci 44,25 etatu, koszty zwi\u0105zane z zapewnieniem noclegu dla pracownik\u00f3w dps pracuj\u0105cych bezpo\u015brednio z mieszka\u0144cami poza miejscem zamieszkania na czas ewentualnego wyst\u0105pienia COVID-19 oraz doposa\u017cenie 2 miejsc na kwarantann\u0119 dla mieszka\u0144c\u00f3w i doposa\u017cenie posiadanych miejsc przez dps przeznaczanych na kwarantann\u0119 dla pracownik\u00f3w zajmuj\u0105cych si\u0119 bezpo\u015brednio mieszka\u0144cami.<\/p>\n\n\n\n<p>Dofinansowanie grantu dla Domu Pomocy Spo\u0142ecznej w Niemojowicach wynosi <strong>294.737,50 z\u0142.<\/strong><\/p>\n\n\n\n<!-- index.php -->\n<div\n\tclass=\"ngg-galleryoverview ngg-ajax-pagination-none\"\n\tid=\"ngg-gallery-ac3e7d5ac9e12eff0bf190c1d8a0d6d6-1\">\n\n    \t\t<!-- Thumbnails -->\n\t\t\t\t<div id=\"ngg-image-0\" class=\"ngg-gallery-thumbnail-box\" >\n\t\t\t\t        <div class=\"ngg-gallery-thumbnail\">\n            <a href=\"https:\/\/dpsniemojowice.pl\/2021\/wp-content\/gallery\/092020\/normal_b55902d19de4d6c263ce7d5840e129445490beb6.jpg\"\n               title=\"\"\n               data-src=\"https:\/\/dpsniemojowice.pl\/2021\/wp-content\/gallery\/092020\/normal_b55902d19de4d6c263ce7d5840e129445490beb6.jpg\"\n               data-thumbnail=\"https:\/\/dpsniemojowice.pl\/2021\/wp-content\/gallery\/092020\/thumbs\/thumbs_normal_b55902d19de4d6c263ce7d5840e129445490beb6.jpg\"\n               data-image-id=\"933\"\n               data-title=\"normal_b55902d19de4d6c263ce7d5840e129445490beb6\"\n               data-description=\"\"\n               data-image-slug=\"normal_b55902d19de4d6c263ce7d5840e129445490beb6\"\n               class=\"shutterset_ac3e7d5ac9e12eff0bf190c1d8a0d6d6\">\n                <img\n                    title=\"normal_b55902d19de4d6c263ce7d5840e129445490beb6\"\n                    alt=\"normal_b55902d19de4d6c263ce7d5840e129445490beb6\"\n                    src=\"https:\/\/dpsniemojowice.pl\/2021\/wp-content\/gallery\/092020\/cache\/normal_b55902d19de4d6c263ce7d5840e129445490beb6.jpg-nggid03933-ngg0dyn-800x600x100-00f0w010c010r110f110r010t010.jpg\"\n                    width=\"800\"\n                    height=\"450\"\n                    style=\"max-width:100%;\"\n                \/>\n            <\/a>\n        <\/div>\n\t\t\t\t\t\t\t<\/div> \n\t\t\t\n        \n\t\t\n\t\t<!-- Pagination -->\n\t<div class='ngg-clear'><\/div>\t<\/div>\n\n","protected":false},"excerpt":{"rendered":"<p>Dom Pomocy Spo\u0142ecznej w Niemojowicach realizuje projekt pn. \u201e\u0141\u00f3dzkie pomaga\u201d Wsp\u00f3\u0142finansowany przez Uni\u0119 Europejsk\u0105 w ramach Europejskiego Funduszu Spo\u0142ecznego, Dzia\u0142anie 2.8 Rozw\u00f3j us\u0142ug spo\u0142ecznych \u015bwiadczonych w \u015brodowisku lokalnym Programu Operacyjnego Wiedza Edukacja Rozw\u00f3j 2014-2020.<\/p>\n","protected":false},"author":1,"featured_media":2784,"comment_status":"open","ping_status":"open","sticky":false,"template":"","format":"standard","meta":{"ngg_post_thumbnail":0},"categories":[1],"tags":[],"_links":{"self":[{"href":"https:\/\/dpsniemojowice.pl\/2021\/wp-json\/wp\/v2\/posts\/2782"}],"collection":[{"href":"https:\/\/dpsniemojowice.pl\/2021\/wp-json\/wp\/v2\/posts"}],"about":[{"href":"https:\/\/dpsniemojowice.pl\/2021\/wp-json\/wp\/v2\/types\/post"}],"author":[{"embeddable":true,"href":"https:\/\/dpsniemojowice.pl\/2021\/wp-json\/wp\/v2\/users\/1"}],"replies":[{"embeddable":true,"href":"https:\/\/dpsniemojowice.pl\/2021\/wp-json\/wp\/v2\/comments?post=2782"}],"version-history":[{"count":7,"href":"https:\/\/dpsniemojowice.pl\/2021\/wp-json\/wp\/v2\/posts\/2782\/revisions"}],"predecessor-version":[{"id":2794,"href":"https:\/\/dpsniemojowice.pl\/2021\/wp-json\/wp\/v2\/posts\/2782\/revisions\/2794"}],"wp:featuredmedia":[{"embeddable":true,"href":"https:\/\/dpsniemojowice.pl\/2021\/wp-json\/wp\/v2\/media\/2784"}],"wp:attachment":[{"href":"https:\/\/dpsniemojowice.pl\/2021\/wp-json\/wp\/v2\/media?parent=2782"}],"wp:term":[{"taxonomy":"category","embeddable":true,"href":"https:\/\/dpsniemojowice.pl\/2021\/wp-json\/wp\/v2\/categories?post=2782"},{"taxonomy":"post_tag","embeddable":true,"href":"https:\/\/dpsniemojowice.pl\/2021\/wp-json\/wp\/v2\/tags?post=2782"}],"curies":[{"name":"wp","href":"https:\/\/api.w.org\/{rel}","templated":true}]}}