{"id":2870,"date":"2020-10-14T06:11:00","date_gmt":"2020-10-14T06:11:00","guid":{"rendered":"http:\/\/dpsniemojowice.pl\/2021\/?p=2870"},"modified":"2020-10-15T06:14:24","modified_gmt":"2020-10-15T06:14:24","slug":"wewnetrzny-konkurs-plastyczny-pod-haslem-piekna-zlota-jesien","status":"publish","type":"post","link":"https:\/\/dpsniemojowice.pl\/2021\/aktualnosci\/wewnetrzny-konkurs-plastyczny-pod-haslem-piekna-zlota-jesien\/","title":{"rendered":"Wewn\u0119trzny konkurs plastyczny pod has\u0142em: ,,Pi\u0119kna Z\u0142ota Jesie\u0144\u201d"},"content":{"rendered":"\n<p>W dniu 13.10 2020r. na terenie naszej plac\u00f3wki\u00a0 odby\u0142o si\u0119 rozstrzygni\u0119cie wewn\u0119trznego konkursu plastycznego pod has\u0142em: ,,Pi\u0119kna\u00a0 Z\u0142ota Jesie\u0144\u201d.<\/p>\n\n\n\n<!--more-->\n\n\n\n<p>Uczestnicy konkursu od 06.10 2020r. do 12.10 2020r. podczas zaj\u0119\u0107 w ramach terapii zaj\u0119ciowej&nbsp; wykonuj\u0105c prace plastyczne wykazali swoj\u0105 inwencj\u0119 tw\u00f3rcz\u0105. Technika prac by\u0142a bardzo r\u00f3\u017cna, a konkurencja na wysokim poziomie. Prace zosta\u0142y wyeksponowane i po kr\u00f3tkim zastanowieniu si\u0119 zar\u00f3wno mieszka\u0144c\u00f3w jak i personelu nast\u0105pi\u0142o g\u0142osowanie na wybran\u0105 prac\u0119. Po og\u0142oszeniu werdyktu &nbsp;mieszka\u0144com, kt\u00f3rzy zdobyli &nbsp;I, II, III miejsce jury wr\u0119czy\u0142o dyplomy i nagrody rzeczowe, a pozosta\u0142ym uczestnikom konkursu s\u0142odki upominek. Ze wzgl\u0119du na sytuacj\u0119 epidemiologiczn\u0105 rozstrzygni\u0119cie konkursu odby\u0142o si\u0119 w \u015bcis\u0142ym re\u017cimie sanitarnym.<\/p>\n\n\n\n<p>Wszystkim serdecznie dzi\u0119kujemy i gratulujemy!!!<\/p>\n\n\n\n\n\n\t<div class='ngg-imagebrowser default-view'\n         id='ngg-imagebrowser-d0c9ab36e2981f4773abb66d64db4886-2870'\n         data-nextgen-gallery-id=\"d0c9ab36e2981f4773abb66d64db4886\">\n\n        <h3>DSC04143-min<\/h3>\n\n\t\t<div id=\"ngg-image-0\" class=\"pic\" >\n        \n        <a href='https:\/\/dpsniemojowice.pl\/2021\/wp-content\/gallery\/wewnetrzny-konkurs-plastyczny-pod-haslem-piekna-zlota-jesien\/DSC04143-min.JPG'\n           title=' '\n           data-src=\"https:\/\/dpsniemojowice.pl\/2021\/wp-content\/gallery\/wewnetrzny-konkurs-plastyczny-pod-haslem-piekna-zlota-jesien\/DSC04143-min.JPG\"\n           data-thumbnail=\"https:\/\/dpsniemojowice.pl\/2021\/wp-content\/gallery\/wewnetrzny-konkurs-plastyczny-pod-haslem-piekna-zlota-jesien\/thumbs\/thumbs_DSC04143-min.JPG\"\n           data-image-id=\"934\"\n           data-title=\"DSC04143-min\"\n           data-description=\" \"\n           class=\"shutterset_d0c9ab36e2981f4773abb66d64db4886\">\n            <img title='DSC04143-min'\n                 alt='DSC04143-min'\n                 src='https:\/\/dpsniemojowice.pl\/2021\/wp-content\/gallery\/wewnetrzny-konkurs-plastyczny-pod-haslem-piekna-zlota-jesien\/DSC04143-min.JPG'\/>\n        <\/a>\n\t    \n        <\/div> \n\n        <div class='ngg-imagebrowser-nav'>\n\n            <div class='back'>\n                <a class='ngg-browser-prev'\n                   id='ngg-prev-938'\n                   href='https:\/\/dpsniemojowice.pl\/2021\/aktualnosci\/wewnetrzny-konkurs-plastyczny-pod-haslem-piekna-zlota-jesien\/nggallery\/image\/dsc04193-min\/'>\n                    <i class=\"fa fa-chevron-left\" aria-hidden=\"true\"><\/i>\n                <\/a>\n            <\/div>\n\n            <div class='next'>\n                <a class='ngg-browser-next'\n                   id='ngg-next-935'\n                   href='https:\/\/dpsniemojowice.pl\/2021\/aktualnosci\/wewnetrzny-konkurs-plastyczny-pod-haslem-piekna-zlota-jesien\/nggallery\/image\/dsc04157-min\/'>\n                    <i class=\"fa fa-chevron-right\" aria-hidden=\"true\"><\/i>\n                <\/a>\n            <\/div>\n\n            <div class='counter'>\n                Zdj\u0119cie                1                z                5            <\/div>\n\n            <div class='ngg-imagebrowser-desc'>\n                <p> <\/p>\n            <\/div>\n\n        <\/div>\n    <\/div>\n\n\n","protected":false},"excerpt":{"rendered":"<p>W dniu 13.10 2020r. na terenie naszej plac\u00f3wki\u00a0 odby\u0142o si\u0119 rozstrzygni\u0119cie wewn\u0119trznego konkursu plastycznego pod has\u0142em: ,,Pi\u0119kna\u00a0 Z\u0142ota Jesie\u0144\u201d.<\/p>\n","protected":false},"author":1,"featured_media":2882,"comment_status":"open","ping_status":"open","sticky":false,"template":"","format":"standard","meta":{"ngg_post_thumbnail":0},"categories":[1],"tags":[],"_links":{"self":[{"href":"https:\/\/dpsniemojowice.pl\/2021\/wp-json\/wp\/v2\/posts\/2870"}],"collection":[{"href":"https:\/\/dpsniemojowice.pl\/2021\/wp-json\/wp\/v2\/posts"}],"about":[{"href":"https:\/\/dpsniemojowice.pl\/2021\/wp-json\/wp\/v2\/types\/post"}],"author":[{"embeddable":true,"href":"https:\/\/dpsniemojowice.pl\/2021\/wp-json\/wp\/v2\/users\/1"}],"replies":[{"embeddable":true,"href":"https:\/\/dpsniemojowice.pl\/2021\/wp-json\/wp\/v2\/comments?post=2870"}],"version-history":[{"count":6,"href":"https:\/\/dpsniemojowice.pl\/2021\/wp-json\/wp\/v2\/posts\/2870\/revisions"}],"predecessor-version":[{"id":2884,"href":"https:\/\/dpsniemojowice.pl\/2021\/wp-json\/wp\/v2\/posts\/2870\/revisions\/2884"}],"wp:featuredmedia":[{"embeddable":true,"href":"https:\/\/dpsniemojowice.pl\/2021\/wp-json\/wp\/v2\/media\/2882"}],"wp:attachment":[{"href":"https:\/\/dpsniemojowice.pl\/2021\/wp-json\/wp\/v2\/media?parent=2870"}],"wp:term":[{"taxonomy":"category","embeddable":true,"href":"https:\/\/dpsniemojowice.pl\/2021\/wp-json\/wp\/v2\/categories?post=2870"},{"taxonomy":"post_tag","embeddable":true,"href":"https:\/\/dpsniemojowice.pl\/2021\/wp-json\/wp\/v2\/tags?post=2870"}],"curies":[{"name":"wp","href":"https:\/\/api.w.org\/{rel}","templated":true}]}}