{"id":312,"date":"2013-10-22T19:24:14","date_gmt":"2013-10-22T19:24:14","guid":{"rendered":"http:\/\/dpsniemojowice.pl\/2021\/?p=312"},"modified":"2013-10-25T19:26:57","modified_gmt":"2013-10-25T19:26:57","slug":"dzien-papieski-w-domu-pomocy-spolecznej-w-niemojowicach","status":"publish","type":"post","link":"https:\/\/dpsniemojowice.pl\/2021\/aktualnosci\/dzien-papieski-w-domu-pomocy-spolecznej-w-niemojowicach\/","title":{"rendered":"Dzie\u0144 Papieski w Domu Pomocy Spo\u0142ecznej w Niemojowicach"},"content":{"rendered":"<p style=\"text-align: justify;\">Mieszka\u0144cy DPS w Niemojowicach chc\u0105c utrwali\u0107 pami\u0119\u0107 o naszym rodaku Janie Pawle II przygotowali pod czujnym okiem opiekunek wyst\u0119p oparty na wspomnieniach o papie\u017cu. Organizatorzy stan\u0119li na wysoko\u015bci zadania i z pe\u0142nym zaanga\u017cowaniem wcielili si\u0119 w rol\u0119 aktor\u00f3w, kt\u00f3rzy sw\u00f3j talent zaprezentowali <!--more-->21 pa\u017adziernika 2013 roku , upami\u0119tniaj\u0105c tym samym 35 rocznic\u0119 pontyfikatu Karola Wojty\u0142y. Scenariusz zawiera\u0142 liczne fakty z \u017cycia Papie\u017ca oraz pie\u015bni, kt\u00f3re sam ukocha\u0142.<\/p>\n<p style=\"text-align: justify;\">Mi\u0142\u0105 niespodziank\u0119 naszym mieszka\u0144com przygotowa\u0142a grupa m\u0142odzie\u017cy z Gimnazjum w \u017barnowie. W dniu 23 pa\u017adziernika 2013 roku przedstawili w naszym Domu program s\u0142owno-muzyczny\u00a0 po\u015bwi\u0119cony osobie B\u0142ogos\u0142awionego Jana Paw\u0142a II . W planie znalaz\u0142y si\u0119 informacje dotycz\u0105ce \u017cycia i pontyfikatu Jana Paw\u0142a II, liczne pie\u015bni i piosenki\u00a0 oraz kanony wykonane przy akompaniamencie gitar i skrzypiec. Nie zabrak\u0142o ulubionej pie\u015bni papie\u017ca pt. \u201e Barka\u201d granej na skrzypcach. Mieszka\u0144cy, pomimo wzruszenia, w\u0142\u0105czali si\u0119 we wsp\u00f3lne \u015bpiewanie pie\u015bni, za\u015b wyst\u0119p nagrodzili gromkimi brawami.<\/p>\n<p style=\"text-align: center;\"><!-- index.php -->\n<div\n\tclass=\"ngg-galleryoverview ngg-ajax-pagination-none\"\n\tid=\"ngg-gallery-313-1\">\n\n    \t<div class=\"slideshowlink\">\n        <a href='https:\/\/dpsniemojowice.pl\/2021\/aktualnosci\/dzien-papieski-w-domu-pomocy-spolecznej-w-niemojowicach\/nggallery\/slideshow'>Pokaz slajd\u00f3w<\/a>\n\t\t\n\t<\/div>\n\t\t\t<!-- Thumbnails -->\n\t\t\t\t<div id=\"ngg-image-0\" class=\"ngg-gallery-thumbnail-box\" >\n\t\t\t\t        <div class=\"ngg-gallery-thumbnail\">\n            <a href=\"https:\/\/dpsniemojowice.pl\/2021\/wp-content\/gallery\/dzien-papieski-w-domu-pomocy-spolecznej-w-niemojowicach\/100_4151.jpg\"\n               title=\"\"\n               data-src=\"https:\/\/dpsniemojowice.pl\/2021\/wp-content\/gallery\/dzien-papieski-w-domu-pomocy-spolecznej-w-niemojowicach\/100_4151.jpg\"\n               data-thumbnail=\"https:\/\/dpsniemojowice.pl\/2021\/wp-content\/gallery\/dzien-papieski-w-domu-pomocy-spolecznej-w-niemojowicach\/thumbs\/thumbs_100_4151.jpg\"\n               data-image-id=\"209\"\n               data-title=\"100_4151\"\n               data-description=\"\"\n               data-image-slug=\"100_4151\"\n               class=\"shutterset_313\">\n                <img\n                    title=\"100_4151\"\n                    alt=\"100_4151\"\n                    src=\"https:\/\/dpsniemojowice.pl\/2021\/wp-content\/gallery\/dzien-papieski-w-domu-pomocy-spolecznej-w-niemojowicach\/thumbs\/thumbs_100_4151.jpg\"\n                    width=\"100\"\n                    height=\"75\"\n                    style=\"max-width:100%;\"\n                \/>\n            <\/a>\n        <\/div>\n\t\t\t\t\t\t\t<\/div> \n\t\t\t\n        \n\t\t\t\t<div id=\"ngg-image-1\" class=\"ngg-gallery-thumbnail-box\" >\n\t\t\t\t        <div class=\"ngg-gallery-thumbnail\">\n            <a href=\"https:\/\/dpsniemojowice.pl\/2021\/wp-content\/gallery\/dzien-papieski-w-domu-pomocy-spolecznej-w-niemojowicach\/100_4163.jpg\"\n               title=\"\"\n               data-src=\"https:\/\/dpsniemojowice.pl\/2021\/wp-content\/gallery\/dzien-papieski-w-domu-pomocy-spolecznej-w-niemojowicach\/100_4163.jpg\"\n               data-thumbnail=\"https:\/\/dpsniemojowice.pl\/2021\/wp-content\/gallery\/dzien-papieski-w-domu-pomocy-spolecznej-w-niemojowicach\/thumbs\/thumbs_100_4163.jpg\"\n               data-image-id=\"210\"\n               data-title=\"100_4163\"\n               data-description=\"\"\n               data-image-slug=\"100_4163\"\n               class=\"shutterset_313\">\n                <img\n                    title=\"100_4163\"\n                    alt=\"100_4163\"\n                    src=\"https:\/\/dpsniemojowice.pl\/2021\/wp-content\/gallery\/dzien-papieski-w-domu-pomocy-spolecznej-w-niemojowicach\/thumbs\/thumbs_100_4163.jpg\"\n                    width=\"100\"\n                    height=\"75\"\n                    style=\"max-width:100%;\"\n                \/>\n            <\/a>\n        <\/div>\n\t\t\t\t\t\t\t<\/div> \n\t\t\t\n        \n\t\t\t\t<div id=\"ngg-image-2\" class=\"ngg-gallery-thumbnail-box\" >\n\t\t\t\t        <div class=\"ngg-gallery-thumbnail\">\n            <a href=\"https:\/\/dpsniemojowice.pl\/2021\/wp-content\/gallery\/dzien-papieski-w-domu-pomocy-spolecznej-w-niemojowicach\/100_4198.jpg\"\n               title=\"\"\n               data-src=\"https:\/\/dpsniemojowice.pl\/2021\/wp-content\/gallery\/dzien-papieski-w-domu-pomocy-spolecznej-w-niemojowicach\/100_4198.jpg\"\n               data-thumbnail=\"https:\/\/dpsniemojowice.pl\/2021\/wp-content\/gallery\/dzien-papieski-w-domu-pomocy-spolecznej-w-niemojowicach\/thumbs\/thumbs_100_4198.jpg\"\n               data-image-id=\"211\"\n               data-title=\"100_4198\"\n               data-description=\"\"\n               data-image-slug=\"100_4198\"\n               class=\"shutterset_313\">\n                <img\n                    title=\"100_4198\"\n                    alt=\"100_4198\"\n                    src=\"https:\/\/dpsniemojowice.pl\/2021\/wp-content\/gallery\/dzien-papieski-w-domu-pomocy-spolecznej-w-niemojowicach\/thumbs\/thumbs_100_4198.jpg\"\n                    width=\"100\"\n                    height=\"75\"\n                    style=\"max-width:100%;\"\n                \/>\n            <\/a>\n        <\/div>\n\t\t\t\t\t\t\t<\/div> \n\t\t\t\n        \n\t\t\t\t<div id=\"ngg-image-3\" class=\"ngg-gallery-thumbnail-box\" >\n\t\t\t\t        <div class=\"ngg-gallery-thumbnail\">\n            <a href=\"https:\/\/dpsniemojowice.pl\/2021\/wp-content\/gallery\/dzien-papieski-w-domu-pomocy-spolecznej-w-niemojowicach\/100_4205.jpg\"\n               title=\"\"\n               data-src=\"https:\/\/dpsniemojowice.pl\/2021\/wp-content\/gallery\/dzien-papieski-w-domu-pomocy-spolecznej-w-niemojowicach\/100_4205.jpg\"\n               data-thumbnail=\"https:\/\/dpsniemojowice.pl\/2021\/wp-content\/gallery\/dzien-papieski-w-domu-pomocy-spolecznej-w-niemojowicach\/thumbs\/thumbs_100_4205.jpg\"\n               data-image-id=\"212\"\n               data-title=\"100_4205\"\n               data-description=\"\"\n               data-image-slug=\"100_4205\"\n               class=\"shutterset_313\">\n                <img\n                    title=\"100_4205\"\n                    alt=\"100_4205\"\n                    src=\"https:\/\/dpsniemojowice.pl\/2021\/wp-content\/gallery\/dzien-papieski-w-domu-pomocy-spolecznej-w-niemojowicach\/thumbs\/thumbs_100_4205.jpg\"\n                    width=\"100\"\n                    height=\"75\"\n                    style=\"max-width:100%;\"\n                \/>\n            <\/a>\n        <\/div>\n\t\t\t\t\t\t\t<\/div> \n\t\t\t\n        \n\t\t\t\t<div id=\"ngg-image-4\" class=\"ngg-gallery-thumbnail-box\" >\n\t\t\t\t        <div class=\"ngg-gallery-thumbnail\">\n            <a href=\"https:\/\/dpsniemojowice.pl\/2021\/wp-content\/gallery\/dzien-papieski-w-domu-pomocy-spolecznej-w-niemojowicach\/glowne.jpg\"\n               title=\"\"\n               data-src=\"https:\/\/dpsniemojowice.pl\/2021\/wp-content\/gallery\/dzien-papieski-w-domu-pomocy-spolecznej-w-niemojowicach\/glowne.jpg\"\n               data-thumbnail=\"https:\/\/dpsniemojowice.pl\/2021\/wp-content\/gallery\/dzien-papieski-w-domu-pomocy-spolecznej-w-niemojowicach\/thumbs\/thumbs_glowne.jpg\"\n               data-image-id=\"214\"\n               data-title=\"glowne\"\n               data-description=\"\"\n               data-image-slug=\"glowne-2\"\n               class=\"shutterset_313\">\n                <img\n                    title=\"glowne\"\n                    alt=\"glowne\"\n                    src=\"https:\/\/dpsniemojowice.pl\/2021\/wp-content\/gallery\/dzien-papieski-w-domu-pomocy-spolecznej-w-niemojowicach\/thumbs\/thumbs_glowne.jpg\"\n                    width=\"100\"\n                    height=\"75\"\n                    style=\"max-width:100%;\"\n                \/>\n            <\/a>\n        <\/div>\n\t\t\t\t\t\t\t<\/div> \n\t\t\t\n        \n\t\t\n\t\t<!-- Pagination -->\n\t<div class='ngg-clear'><\/div>\t<\/div>\n<\/p>\n<p style=\"text-align: justify;\">\n","protected":false},"excerpt":{"rendered":"<p>Mieszka\u0144cy DPS w Niemojowicach chc\u0105c utrwali\u0107 pami\u0119\u0107 o naszym rodaku Janie Pawle II przygotowali pod czujnym okiem opiekunek wyst\u0119p oparty na wspomnieniach o papie\u017cu. Organizatorzy stan\u0119li na wysoko\u015bci zadania i z pe\u0142nym zaanga\u017cowaniem wcielili si\u0119 w rol\u0119 aktor\u00f3w, kt\u00f3rzy sw\u00f3j talent zaprezentowali<\/p>\n","protected":false},"author":1,"featured_media":315,"comment_status":"open","ping_status":"open","sticky":false,"template":"","format":"standard","meta":{"ngg_post_thumbnail":0},"categories":[1],"tags":[],"_links":{"self":[{"href":"https:\/\/dpsniemojowice.pl\/2021\/wp-json\/wp\/v2\/posts\/312"}],"collection":[{"href":"https:\/\/dpsniemojowice.pl\/2021\/wp-json\/wp\/v2\/posts"}],"about":[{"href":"https:\/\/dpsniemojowice.pl\/2021\/wp-json\/wp\/v2\/types\/post"}],"author":[{"embeddable":true,"href":"https:\/\/dpsniemojowice.pl\/2021\/wp-json\/wp\/v2\/users\/1"}],"replies":[{"embeddable":true,"href":"https:\/\/dpsniemojowice.pl\/2021\/wp-json\/wp\/v2\/comments?post=312"}],"version-history":[{"count":3,"href":"https:\/\/dpsniemojowice.pl\/2021\/wp-json\/wp\/v2\/posts\/312\/revisions"}],"predecessor-version":[{"id":317,"href":"https:\/\/dpsniemojowice.pl\/2021\/wp-json\/wp\/v2\/posts\/312\/revisions\/317"}],"wp:featuredmedia":[{"embeddable":true,"href":"https:\/\/dpsniemojowice.pl\/2021\/wp-json\/wp\/v2\/media\/315"}],"wp:attachment":[{"href":"https:\/\/dpsniemojowice.pl\/2021\/wp-json\/wp\/v2\/media?parent=312"}],"wp:term":[{"taxonomy":"category","embeddable":true,"href":"https:\/\/dpsniemojowice.pl\/2021\/wp-json\/wp\/v2\/categories?post=312"},{"taxonomy":"post_tag","embeddable":true,"href":"https:\/\/dpsniemojowice.pl\/2021\/wp-json\/wp\/v2\/tags?post=312"}],"curies":[{"name":"wp","href":"https:\/\/api.w.org\/{rel}","templated":true}]}}