{"id":319,"date":"2013-11-15T20:54:20","date_gmt":"2013-11-15T20:54:20","guid":{"rendered":"http:\/\/dpsniemojowice.pl\/2021\/?p=319"},"modified":"2013-11-20T20:59:48","modified_gmt":"2013-11-20T20:59:48","slug":"dzien-niepodleglosci-w-dps","status":"publish","type":"post","link":"https:\/\/dpsniemojowice.pl\/2021\/aktualnosci\/dzien-niepodleglosci-w-dps\/","title":{"rendered":"Dzie\u0144 Niepodleg\u0142o\u015bci w DPS"},"content":{"rendered":"<p style=\"text-align: justify;\">Po raz kolejny bardzo mi\u0142\u0105 niespodziank\u0119 zrobi\u0142a nam m\u0142odzie\u017c z gimnazjum z Bia\u0142aczowa, kt\u00f3ra w dniu 14.11.2013r. odwiedzi\u0142a nasz Dom z przygotowanym programem artystycznym, po\u015bwi\u0119conym Narodowemu \u015awi\u0119tu Niepodleg\u0142o\u015bci.<!--more--> Pod kierownictwem nauczycielek \u2013 pani Katarzyny \u0141\u0105czek i\u00a0 pani\u00a0 El\u017cbiety Al-Khuri dziewcz\u0119ta przygotowa\u0142y i zaprezentowa\u0142y kilka pie\u015bni patriotycznych oraz utwor\u00f3w nawi\u0105zuj\u0105cych tematyk\u0105 do czas\u00f3w walki o niepodleg\u0142o\u015b\u0107 naszej Ojczyzny. Pi\u0119knie wykonane\u00a0 utwory wzruszy\u0142y nie jednego mieszka\u0144ca, a wsp\u00f3lne \u015bpiewanie rozradowa\u0142o niejedno serce.<\/p>\n<p style=\"text-align: justify;\">Cieszymy si\u0119, \u017ce tak mi\u0142a wsp\u00f3\u0142praca trwa nadal, pomimo zmiany miejsca naszego zamieszkania,\u00a0 i \u017ce zawsze mo\u017cemy liczy\u0107 na urozmaicenie wolnego czasu naszych podopiecznych.<\/p>\n<p style=\"text-align: justify;\"><!-- index.php -->\n<div\n\tclass=\"ngg-galleryoverview ngg-ajax-pagination-none\"\n\tid=\"ngg-gallery-320-1\">\n\n    \t<div class=\"slideshowlink\">\n        <a href='https:\/\/dpsniemojowice.pl\/2021\/aktualnosci\/dzien-niepodleglosci-w-dps\/nggallery\/slideshow'>Pokaz slajd\u00f3w<\/a>\n\t\t\n\t<\/div>\n\t\t\t<!-- Thumbnails -->\n\t\t\t\t<div id=\"ngg-image-0\" class=\"ngg-gallery-thumbnail-box\" >\n\t\t\t\t        <div class=\"ngg-gallery-thumbnail\">\n            <a href=\"https:\/\/dpsniemojowice.pl\/2021\/wp-content\/gallery\/dzien-niepodleglosci-w-dps\/100_4273.jpg\"\n               title=\"\"\n               data-src=\"https:\/\/dpsniemojowice.pl\/2021\/wp-content\/gallery\/dzien-niepodleglosci-w-dps\/100_4273.jpg\"\n               data-thumbnail=\"https:\/\/dpsniemojowice.pl\/2021\/wp-content\/gallery\/dzien-niepodleglosci-w-dps\/thumbs\/thumbs_100_4273.jpg\"\n               data-image-id=\"215\"\n               data-title=\"100_4273\"\n               data-description=\"\"\n               data-image-slug=\"100_4273\"\n               class=\"shutterset_320\">\n                <img\n                    title=\"100_4273\"\n                    alt=\"100_4273\"\n                    src=\"https:\/\/dpsniemojowice.pl\/2021\/wp-content\/gallery\/dzien-niepodleglosci-w-dps\/thumbs\/thumbs_100_4273.jpg\"\n                    width=\"100\"\n                    height=\"75\"\n                    style=\"max-width:100%;\"\n                \/>\n            <\/a>\n        <\/div>\n\t\t\t\t\t\t\t<\/div> \n\t\t\t\n        \n\t\t\t\t<div id=\"ngg-image-1\" class=\"ngg-gallery-thumbnail-box\" >\n\t\t\t\t        <div class=\"ngg-gallery-thumbnail\">\n            <a href=\"https:\/\/dpsniemojowice.pl\/2021\/wp-content\/gallery\/dzien-niepodleglosci-w-dps\/100_4277.jpg\"\n               title=\"\"\n               data-src=\"https:\/\/dpsniemojowice.pl\/2021\/wp-content\/gallery\/dzien-niepodleglosci-w-dps\/100_4277.jpg\"\n               data-thumbnail=\"https:\/\/dpsniemojowice.pl\/2021\/wp-content\/gallery\/dzien-niepodleglosci-w-dps\/thumbs\/thumbs_100_4277.jpg\"\n               data-image-id=\"216\"\n               data-title=\"100_4277\"\n               data-description=\"\"\n               data-image-slug=\"100_4277\"\n               class=\"shutterset_320\">\n                <img\n                    title=\"100_4277\"\n                    alt=\"100_4277\"\n                    src=\"https:\/\/dpsniemojowice.pl\/2021\/wp-content\/gallery\/dzien-niepodleglosci-w-dps\/thumbs\/thumbs_100_4277.jpg\"\n                    width=\"100\"\n                    height=\"75\"\n                    style=\"max-width:100%;\"\n                \/>\n            <\/a>\n        <\/div>\n\t\t\t\t\t\t\t<\/div> \n\t\t\t\n        \n\t\t\t\t<div id=\"ngg-image-2\" class=\"ngg-gallery-thumbnail-box\" >\n\t\t\t\t        <div class=\"ngg-gallery-thumbnail\">\n            <a href=\"https:\/\/dpsniemojowice.pl\/2021\/wp-content\/gallery\/dzien-niepodleglosci-w-dps\/100_4288.jpg\"\n               title=\"\"\n               data-src=\"https:\/\/dpsniemojowice.pl\/2021\/wp-content\/gallery\/dzien-niepodleglosci-w-dps\/100_4288.jpg\"\n               data-thumbnail=\"https:\/\/dpsniemojowice.pl\/2021\/wp-content\/gallery\/dzien-niepodleglosci-w-dps\/thumbs\/thumbs_100_4288.jpg\"\n               data-image-id=\"217\"\n               data-title=\"100_4288\"\n               data-description=\"\"\n               data-image-slug=\"100_4288\"\n               class=\"shutterset_320\">\n                <img\n                    title=\"100_4288\"\n                    alt=\"100_4288\"\n                    src=\"https:\/\/dpsniemojowice.pl\/2021\/wp-content\/gallery\/dzien-niepodleglosci-w-dps\/thumbs\/thumbs_100_4288.jpg\"\n                    width=\"100\"\n                    height=\"75\"\n                    style=\"max-width:100%;\"\n                \/>\n            <\/a>\n        <\/div>\n\t\t\t\t\t\t\t<\/div> \n\t\t\t\n        \n\t\t\n\t\t<!-- Pagination -->\n\t<div class='ngg-clear'><\/div>\t<\/div>\n<\/p>\n","protected":false},"excerpt":{"rendered":"<p>Po raz kolejny bardzo mi\u0142\u0105 niespodziank\u0119 zrobi\u0142a nam m\u0142odzie\u017c z gimnazjum z Bia\u0142aczowa, kt\u00f3ra w dniu 14.11.2013r. odwiedzi\u0142a nasz Dom z przygotowanym programem artystycznym, po\u015bwi\u0119conym Narodowemu \u015awi\u0119tu Niepodleg\u0142o\u015bci.<\/p>\n","protected":false},"author":1,"featured_media":325,"comment_status":"open","ping_status":"open","sticky":false,"template":"","format":"standard","meta":{"ngg_post_thumbnail":0},"categories":[1],"tags":[],"_links":{"self":[{"href":"https:\/\/dpsniemojowice.pl\/2021\/wp-json\/wp\/v2\/posts\/319"}],"collection":[{"href":"https:\/\/dpsniemojowice.pl\/2021\/wp-json\/wp\/v2\/posts"}],"about":[{"href":"https:\/\/dpsniemojowice.pl\/2021\/wp-json\/wp\/v2\/types\/post"}],"author":[{"embeddable":true,"href":"https:\/\/dpsniemojowice.pl\/2021\/wp-json\/wp\/v2\/users\/1"}],"replies":[{"embeddable":true,"href":"https:\/\/dpsniemojowice.pl\/2021\/wp-json\/wp\/v2\/comments?post=319"}],"version-history":[{"count":2,"href":"https:\/\/dpsniemojowice.pl\/2021\/wp-json\/wp\/v2\/posts\/319\/revisions"}],"predecessor-version":[{"id":324,"href":"https:\/\/dpsniemojowice.pl\/2021\/wp-json\/wp\/v2\/posts\/319\/revisions\/324"}],"wp:featuredmedia":[{"embeddable":true,"href":"https:\/\/dpsniemojowice.pl\/2021\/wp-json\/wp\/v2\/media\/325"}],"wp:attachment":[{"href":"https:\/\/dpsniemojowice.pl\/2021\/wp-json\/wp\/v2\/media?parent=319"}],"wp:term":[{"taxonomy":"category","embeddable":true,"href":"https:\/\/dpsniemojowice.pl\/2021\/wp-json\/wp\/v2\/categories?post=319"},{"taxonomy":"post_tag","embeddable":true,"href":"https:\/\/dpsniemojowice.pl\/2021\/wp-json\/wp\/v2\/tags?post=319"}],"curies":[{"name":"wp","href":"https:\/\/api.w.org\/{rel}","templated":true}]}}