{"id":3319,"date":"2021-02-09T11:01:12","date_gmt":"2021-02-09T11:01:12","guid":{"rendered":"http:\/\/dpsniemojowice.pl\/2021\/?p=3319"},"modified":"2021-02-09T11:01:15","modified_gmt":"2021-02-09T11:01:15","slug":"wieczor-poezji","status":"publish","type":"post","link":"https:\/\/dpsniemojowice.pl\/2021\/aktualnosci\/wieczor-poezji\/","title":{"rendered":"\u201eWIECZ\u00d3R POEZJI\u201d"},"content":{"rendered":"\n<p>W dniu 05.02.2021r. w godzinach popo\u0142udniowych w Domu Pomocy Spo\u0142ecznej w Niemojowicach odby\u0142 si\u0119 ,,Wiecz\u00f3r poezji\u2019\u2019. Za pomoc\u0105 wierszy, dzie\u0142 literackich, s\u0142uchania muzyki klasycznej instruktorzy terapii zaj\u0119ciowej wraz z mieszka\u0144cami przenie\u015bli uczestnik\u00f3w spotkania do wspania\u0142ego \u015bwiata poezji. <\/p>\n\n\n\n<!--more-->\n\n\n\n<p>Czytanie to nie tylko wysi\u0142ek i trening dla m\u00f3zgu, ale praca nad pami\u0119ci\u0105 i tw\u00f3rczym my\u015bleniem. Wszyscy byli zas\u0142uchani w pi\u0119kn\u0105 poezj\u0119 i refleksyjn\u0105 proz\u0119. By\u0142 to wspania\u0142y czas gdzie my\u015bli b\u0142\u0105dzi\u0142y w przestrzeni poezji i muzyki. Dodatkowych dozna\u0144 zmys\u0142owych podczas seansu czytelniczego dostarczy\u0142a naszym Mieszka\u0144com aromaterapia-pi\u0119knymi, naturalnymi olejkami zapachowymi, a s\u0142odki pocz\u0119stunek by\u0142 zwie\u0144czeniem ca\u0142ego spotkania.<\/p>\n\n\n\n<figure class=\"wp-block-gallery columns-2 is-cropped\"><ul class=\"blocks-gallery-grid\"><li class=\"blocks-gallery-item\"><figure><img loading=\"lazy\" width=\"1024\" height=\"768\" src=\"http:\/\/dpsniemojowice.pl\/2021\/wp-content\/uploads\/2021\/02\/DSC04526-1024x768.jpg\" alt=\"\" data-id=\"3321\" data-full-url=\"http:\/\/dpsniemojowice.pl\/2021\/wp-content\/uploads\/2021\/02\/DSC04526.jpg\" data-link=\"http:\/\/dpsniemojowice.pl\/2021\/?attachment_id=3321\" class=\"wp-image-3321\" srcset=\"https:\/\/dpsniemojowice.pl\/2021\/wp-content\/uploads\/2021\/02\/DSC04526-1024x768.jpg 1024w, https:\/\/dpsniemojowice.pl\/2021\/wp-content\/uploads\/2021\/02\/DSC04526-300x225.jpg 300w, https:\/\/dpsniemojowice.pl\/2021\/wp-content\/uploads\/2021\/02\/DSC04526-768x576.jpg 768w, https:\/\/dpsniemojowice.pl\/2021\/wp-content\/uploads\/2021\/02\/DSC04526-1536x1152.jpg 1536w, https:\/\/dpsniemojowice.pl\/2021\/wp-content\/uploads\/2021\/02\/DSC04526.jpg 1920w\" sizes=\"(max-width: 1024px) 100vw, 1024px\" \/><\/figure><\/li><li class=\"blocks-gallery-item\"><figure><img loading=\"lazy\" width=\"1024\" height=\"768\" src=\"http:\/\/dpsniemojowice.pl\/2021\/wp-content\/uploads\/2021\/02\/DSC04543-1024x768.jpg\" alt=\"\" data-id=\"3322\" data-full-url=\"http:\/\/dpsniemojowice.pl\/2021\/wp-content\/uploads\/2021\/02\/DSC04543.jpg\" data-link=\"http:\/\/dpsniemojowice.pl\/2021\/?attachment_id=3322\" class=\"wp-image-3322\" srcset=\"https:\/\/dpsniemojowice.pl\/2021\/wp-content\/uploads\/2021\/02\/DSC04543-1024x768.jpg 1024w, https:\/\/dpsniemojowice.pl\/2021\/wp-content\/uploads\/2021\/02\/DSC04543-300x225.jpg 300w, https:\/\/dpsniemojowice.pl\/2021\/wp-content\/uploads\/2021\/02\/DSC04543-768x576.jpg 768w, https:\/\/dpsniemojowice.pl\/2021\/wp-content\/uploads\/2021\/02\/DSC04543-1536x1152.jpg 1536w, https:\/\/dpsniemojowice.pl\/2021\/wp-content\/uploads\/2021\/02\/DSC04543.jpg 1920w\" sizes=\"(max-width: 1024px) 100vw, 1024px\" \/><\/figure><\/li><li class=\"blocks-gallery-item\"><figure><img loading=\"lazy\" width=\"768\" height=\"1024\" src=\"http:\/\/dpsniemojowice.pl\/2021\/wp-content\/uploads\/2021\/02\/DSC04549-768x1024.jpg\" alt=\"\" data-id=\"3323\" data-full-url=\"http:\/\/dpsniemojowice.pl\/2021\/wp-content\/uploads\/2021\/02\/DSC04549.jpg\" data-link=\"http:\/\/dpsniemojowice.pl\/2021\/?attachment_id=3323\" class=\"wp-image-3323\" srcset=\"https:\/\/dpsniemojowice.pl\/2021\/wp-content\/uploads\/2021\/02\/DSC04549-768x1024.jpg 768w, https:\/\/dpsniemojowice.pl\/2021\/wp-content\/uploads\/2021\/02\/DSC04549-225x300.jpg 225w, https:\/\/dpsniemojowice.pl\/2021\/wp-content\/uploads\/2021\/02\/DSC04549-1152x1536.jpg 1152w, https:\/\/dpsniemojowice.pl\/2021\/wp-content\/uploads\/2021\/02\/DSC04549.jpg 1440w\" sizes=\"(max-width: 768px) 100vw, 768px\" \/><\/figure><\/li><li class=\"blocks-gallery-item\"><figure><img loading=\"lazy\" width=\"1024\" height=\"768\" src=\"http:\/\/dpsniemojowice.pl\/2021\/wp-content\/uploads\/2021\/02\/DSC04554-1024x768.jpg\" alt=\"\" data-id=\"3324\" data-full-url=\"http:\/\/dpsniemojowice.pl\/2021\/wp-content\/uploads\/2021\/02\/DSC04554.jpg\" data-link=\"http:\/\/dpsniemojowice.pl\/2021\/?attachment_id=3324\" class=\"wp-image-3324\" srcset=\"https:\/\/dpsniemojowice.pl\/2021\/wp-content\/uploads\/2021\/02\/DSC04554-1024x768.jpg 1024w, https:\/\/dpsniemojowice.pl\/2021\/wp-content\/uploads\/2021\/02\/DSC04554-300x225.jpg 300w, https:\/\/dpsniemojowice.pl\/2021\/wp-content\/uploads\/2021\/02\/DSC04554-768x576.jpg 768w, https:\/\/dpsniemojowice.pl\/2021\/wp-content\/uploads\/2021\/02\/DSC04554-1536x1152.jpg 1536w, https:\/\/dpsniemojowice.pl\/2021\/wp-content\/uploads\/2021\/02\/DSC04554.jpg 1920w\" sizes=\"(max-width: 1024px) 100vw, 1024px\" \/><\/figure><\/li><li class=\"blocks-gallery-item\"><figure><img loading=\"lazy\" width=\"1024\" height=\"768\" src=\"http:\/\/dpsniemojowice.pl\/2021\/wp-content\/uploads\/2021\/02\/DSC04563-1024x768.jpg\" alt=\"\" data-id=\"3325\" data-full-url=\"http:\/\/dpsniemojowice.pl\/2021\/wp-content\/uploads\/2021\/02\/DSC04563.jpg\" data-link=\"http:\/\/dpsniemojowice.pl\/2021\/?attachment_id=3325\" class=\"wp-image-3325\" srcset=\"https:\/\/dpsniemojowice.pl\/2021\/wp-content\/uploads\/2021\/02\/DSC04563-1024x768.jpg 1024w, https:\/\/dpsniemojowice.pl\/2021\/wp-content\/uploads\/2021\/02\/DSC04563-300x225.jpg 300w, https:\/\/dpsniemojowice.pl\/2021\/wp-content\/uploads\/2021\/02\/DSC04563-768x576.jpg 768w, https:\/\/dpsniemojowice.pl\/2021\/wp-content\/uploads\/2021\/02\/DSC04563-1536x1152.jpg 1536w, https:\/\/dpsniemojowice.pl\/2021\/wp-content\/uploads\/2021\/02\/DSC04563.jpg 1920w\" sizes=\"(max-width: 1024px) 100vw, 1024px\" \/><\/figure><\/li><\/ul><\/figure>\n\n\n\n<p><\/p>\n","protected":false},"excerpt":{"rendered":"<p>W dniu 05.02.2021r. w godzinach popo\u0142udniowych w Domu Pomocy Spo\u0142ecznej w Niemojowicach odby\u0142 si\u0119 ,,Wiecz\u00f3r poezji\u2019\u2019. Za pomoc\u0105 wierszy, dzie\u0142 literackich, s\u0142uchania muzyki klasycznej instruktorzy terapii zaj\u0119ciowej wraz z mieszka\u0144cami przenie\u015bli uczestnik\u00f3w spotkania do wspania\u0142ego \u015bwiata poezji.<\/p>\n","protected":false},"author":1,"featured_media":3325,"comment_status":"open","ping_status":"open","sticky":false,"template":"","format":"standard","meta":{"ngg_post_thumbnail":0},"categories":[1],"tags":[],"_links":{"self":[{"href":"https:\/\/dpsniemojowice.pl\/2021\/wp-json\/wp\/v2\/posts\/3319"}],"collection":[{"href":"https:\/\/dpsniemojowice.pl\/2021\/wp-json\/wp\/v2\/posts"}],"about":[{"href":"https:\/\/dpsniemojowice.pl\/2021\/wp-json\/wp\/v2\/types\/post"}],"author":[{"embeddable":true,"href":"https:\/\/dpsniemojowice.pl\/2021\/wp-json\/wp\/v2\/users\/1"}],"replies":[{"embeddable":true,"href":"https:\/\/dpsniemojowice.pl\/2021\/wp-json\/wp\/v2\/comments?post=3319"}],"version-history":[{"count":2,"href":"https:\/\/dpsniemojowice.pl\/2021\/wp-json\/wp\/v2\/posts\/3319\/revisions"}],"predecessor-version":[{"id":3326,"href":"https:\/\/dpsniemojowice.pl\/2021\/wp-json\/wp\/v2\/posts\/3319\/revisions\/3326"}],"wp:featuredmedia":[{"embeddable":true,"href":"https:\/\/dpsniemojowice.pl\/2021\/wp-json\/wp\/v2\/media\/3325"}],"wp:attachment":[{"href":"https:\/\/dpsniemojowice.pl\/2021\/wp-json\/wp\/v2\/media?parent=3319"}],"wp:term":[{"taxonomy":"category","embeddable":true,"href":"https:\/\/dpsniemojowice.pl\/2021\/wp-json\/wp\/v2\/categories?post=3319"},{"taxonomy":"post_tag","embeddable":true,"href":"https:\/\/dpsniemojowice.pl\/2021\/wp-json\/wp\/v2\/tags?post=3319"}],"curies":[{"name":"wp","href":"https:\/\/api.w.org\/{rel}","templated":true}]}}