{"id":337,"date":"2013-11-29T22:07:42","date_gmt":"2013-11-29T22:07:42","guid":{"rendered":"http:\/\/dpsniemojowice.pl\/2021\/?p=337"},"modified":"2013-12-02T22:13:06","modified_gmt":"2013-12-02T22:13:06","slug":"andrzejki-w-domu-pomocy-spolecznej-w-niemojowicach","status":"publish","type":"post","link":"https:\/\/dpsniemojowice.pl\/2021\/aktualnosci\/andrzejki-w-domu-pomocy-spolecznej-w-niemojowicach\/","title":{"rendered":"Andrzejki w Domu Pomocy Spo\u0142ecznej w Niemojowicach"},"content":{"rendered":"<p style=\"text-align: justify;\">Andrzejki to czas jedyny w swoim rodzaju. Zgodnie z tradycj\u0105, \u015aw. Andrzej uchyla r\u0105bka tajemnicy wszystkim pragn\u0105cym pozna\u0107, jaka przysz\u0142o\u015b\u0107 ich czeka w uczuciach, zdrowiu czy pracy.<!--more--><\/p>\n<p style=\"text-align: justify;\">Pracownicy Domu Pomocy Spo\u0142ecznej w Niemojowicach wsp\u00f3lnie z pracownikami Warsztat\u00f3w Terapii Zaj\u0119ciowej w \u017barnowie zorganizowali dla swoich podopiecznych zabaw\u0119 andrzejkow\u0105, kt\u00f3ra odby\u0142a si\u0119 na ternie Domu Pomocy Spo\u0142ecznej w dniu 28.11.2013r. Do organizacji tej zabawy przyczyni\u0142y si\u0119 r\u00f3wnie\u017c osoby kontynuuj\u0105ce nauk\u0119 w Zespole Szk\u00f3\u0142 Zawodowych z \u017barnowa w kierunku opiekun w domu pomocy spo\u0142ecznej.<\/p>\n<p style=\"text-align: justify;\">Lanie wosku, wr\u00f3\u017cba ze szkatu\u0142k\u0105, ciasteczka z tajemnic\u0105 dotycz\u0105c\u0105 niedalekiej przysz\u0142o\u015bci oraz wrzucanie monet do wody to tylko niekt\u00f3re z licznych atrakcji przygotowanych na ten dzie\u0144. Ponadto \u00a0pl\u0105sy \u00a0na \u00a0parkiecie,\u00a0 szereg\u00a0 konkurs\u00f3w oraz s\u0142odki\u00a0 i gor\u0105cy\u00a0 pocz\u0119stunek wzbudzi\u0142y w uczestnikach zabawy radosny nastr\u00f3j. Wszyscy \u00a0bawili si\u0119 wspaniale do samego ko\u0144ca.<\/p>\n<p style=\"text-align: justify;\"><!-- index.php -->\n<div\n\tclass=\"ngg-galleryoverview ngg-ajax-pagination-none\"\n\tid=\"ngg-gallery-338-1\">\n\n    \t<div class=\"slideshowlink\">\n        <a href='https:\/\/dpsniemojowice.pl\/2021\/aktualnosci\/andrzejki-w-domu-pomocy-spolecznej-w-niemojowicach\/nggallery\/slideshow'>Pokaz slajd\u00f3w<\/a>\n\t\t\n\t<\/div>\n\t\t\t<!-- Thumbnails -->\n\t\t\t\t<div id=\"ngg-image-0\" class=\"ngg-gallery-thumbnail-box\" >\n\t\t\t\t        <div class=\"ngg-gallery-thumbnail\">\n            <a href=\"https:\/\/dpsniemojowice.pl\/2021\/wp-content\/gallery\/andrzejki-w-domu-pomocy-spolecznej-w-niemojowicach\/img_9640.jpg\"\n               title=\"\"\n               data-src=\"https:\/\/dpsniemojowice.pl\/2021\/wp-content\/gallery\/andrzejki-w-domu-pomocy-spolecznej-w-niemojowicach\/img_9640.jpg\"\n               data-thumbnail=\"https:\/\/dpsniemojowice.pl\/2021\/wp-content\/gallery\/andrzejki-w-domu-pomocy-spolecznej-w-niemojowicach\/thumbs\/thumbs_img_9640.jpg\"\n               data-image-id=\"218\"\n               data-title=\"img_9640\"\n               data-description=\"\"\n               data-image-slug=\"img_9640\"\n               class=\"shutterset_338\">\n                <img\n                    title=\"img_9640\"\n                    alt=\"img_9640\"\n                    src=\"https:\/\/dpsniemojowice.pl\/2021\/wp-content\/gallery\/andrzejki-w-domu-pomocy-spolecznej-w-niemojowicach\/thumbs\/thumbs_img_9640.jpg\"\n                    width=\"100\"\n                    height=\"75\"\n                    style=\"max-width:100%;\"\n                \/>\n            <\/a>\n        <\/div>\n\t\t\t\t\t\t\t<\/div> \n\t\t\t\n        \n\t\t\t\t<div id=\"ngg-image-1\" class=\"ngg-gallery-thumbnail-box\" >\n\t\t\t\t        <div class=\"ngg-gallery-thumbnail\">\n            <a href=\"https:\/\/dpsniemojowice.pl\/2021\/wp-content\/gallery\/andrzejki-w-domu-pomocy-spolecznej-w-niemojowicach\/img_9646.jpg\"\n               title=\"\"\n               data-src=\"https:\/\/dpsniemojowice.pl\/2021\/wp-content\/gallery\/andrzejki-w-domu-pomocy-spolecznej-w-niemojowicach\/img_9646.jpg\"\n               data-thumbnail=\"https:\/\/dpsniemojowice.pl\/2021\/wp-content\/gallery\/andrzejki-w-domu-pomocy-spolecznej-w-niemojowicach\/thumbs\/thumbs_img_9646.jpg\"\n               data-image-id=\"219\"\n               data-title=\"img_9646\"\n               data-description=\"\"\n               data-image-slug=\"img_9646\"\n               class=\"shutterset_338\">\n                <img\n                    title=\"img_9646\"\n                    alt=\"img_9646\"\n                    src=\"https:\/\/dpsniemojowice.pl\/2021\/wp-content\/gallery\/andrzejki-w-domu-pomocy-spolecznej-w-niemojowicach\/thumbs\/thumbs_img_9646.jpg\"\n                    width=\"100\"\n                    height=\"75\"\n                    style=\"max-width:100%;\"\n                \/>\n            <\/a>\n        <\/div>\n\t\t\t\t\t\t\t<\/div> \n\t\t\t\n        \n\t\t\t\t<div id=\"ngg-image-2\" class=\"ngg-gallery-thumbnail-box\" >\n\t\t\t\t        <div class=\"ngg-gallery-thumbnail\">\n            <a href=\"https:\/\/dpsniemojowice.pl\/2021\/wp-content\/gallery\/andrzejki-w-domu-pomocy-spolecznej-w-niemojowicach\/img_9658.jpg\"\n               title=\"\"\n               data-src=\"https:\/\/dpsniemojowice.pl\/2021\/wp-content\/gallery\/andrzejki-w-domu-pomocy-spolecznej-w-niemojowicach\/img_9658.jpg\"\n               data-thumbnail=\"https:\/\/dpsniemojowice.pl\/2021\/wp-content\/gallery\/andrzejki-w-domu-pomocy-spolecznej-w-niemojowicach\/thumbs\/thumbs_img_9658.jpg\"\n               data-image-id=\"220\"\n               data-title=\"img_9658\"\n               data-description=\"\"\n               data-image-slug=\"img_9658\"\n               class=\"shutterset_338\">\n                <img\n                    title=\"img_9658\"\n                    alt=\"img_9658\"\n                    src=\"https:\/\/dpsniemojowice.pl\/2021\/wp-content\/gallery\/andrzejki-w-domu-pomocy-spolecznej-w-niemojowicach\/thumbs\/thumbs_img_9658.jpg\"\n                    width=\"100\"\n                    height=\"75\"\n                    style=\"max-width:100%;\"\n                \/>\n            <\/a>\n        <\/div>\n\t\t\t\t\t\t\t<\/div> \n\t\t\t\n        \n\t\t\t\t<div id=\"ngg-image-3\" class=\"ngg-gallery-thumbnail-box\" >\n\t\t\t\t        <div class=\"ngg-gallery-thumbnail\">\n            <a href=\"https:\/\/dpsniemojowice.pl\/2021\/wp-content\/gallery\/andrzejki-w-domu-pomocy-spolecznej-w-niemojowicach\/img_9704.jpg\"\n               title=\"\"\n               data-src=\"https:\/\/dpsniemojowice.pl\/2021\/wp-content\/gallery\/andrzejki-w-domu-pomocy-spolecznej-w-niemojowicach\/img_9704.jpg\"\n               data-thumbnail=\"https:\/\/dpsniemojowice.pl\/2021\/wp-content\/gallery\/andrzejki-w-domu-pomocy-spolecznej-w-niemojowicach\/thumbs\/thumbs_img_9704.jpg\"\n               data-image-id=\"221\"\n               data-title=\"img_9704\"\n               data-description=\"\"\n               data-image-slug=\"img_9704\"\n               class=\"shutterset_338\">\n                <img\n                    title=\"img_9704\"\n                    alt=\"img_9704\"\n                    src=\"https:\/\/dpsniemojowice.pl\/2021\/wp-content\/gallery\/andrzejki-w-domu-pomocy-spolecznej-w-niemojowicach\/thumbs\/thumbs_img_9704.jpg\"\n                    width=\"100\"\n                    height=\"75\"\n                    style=\"max-width:100%;\"\n                \/>\n            <\/a>\n        <\/div>\n\t\t\t\t\t\t\t<\/div> \n\t\t\t\n        \n\t\t\t\t<div id=\"ngg-image-4\" class=\"ngg-gallery-thumbnail-box\" >\n\t\t\t\t        <div class=\"ngg-gallery-thumbnail\">\n            <a href=\"https:\/\/dpsniemojowice.pl\/2021\/wp-content\/gallery\/andrzejki-w-domu-pomocy-spolecznej-w-niemojowicach\/img_9800.jpg\"\n               title=\"\"\n               data-src=\"https:\/\/dpsniemojowice.pl\/2021\/wp-content\/gallery\/andrzejki-w-domu-pomocy-spolecznej-w-niemojowicach\/img_9800.jpg\"\n               data-thumbnail=\"https:\/\/dpsniemojowice.pl\/2021\/wp-content\/gallery\/andrzejki-w-domu-pomocy-spolecznej-w-niemojowicach\/thumbs\/thumbs_img_9800.jpg\"\n               data-image-id=\"222\"\n               data-title=\"img_9800\"\n               data-description=\"\"\n               data-image-slug=\"img_9800\"\n               class=\"shutterset_338\">\n                <img\n                    title=\"img_9800\"\n                    alt=\"img_9800\"\n                    src=\"https:\/\/dpsniemojowice.pl\/2021\/wp-content\/gallery\/andrzejki-w-domu-pomocy-spolecznej-w-niemojowicach\/thumbs\/thumbs_img_9800.jpg\"\n                    width=\"100\"\n                    height=\"75\"\n                    style=\"max-width:100%;\"\n                \/>\n            <\/a>\n        <\/div>\n\t\t\t\t\t\t\t<\/div> \n\t\t\t\n        \n\t\t\t\t<div id=\"ngg-image-5\" class=\"ngg-gallery-thumbnail-box\" >\n\t\t\t\t        <div class=\"ngg-gallery-thumbnail\">\n            <a href=\"https:\/\/dpsniemojowice.pl\/2021\/wp-content\/gallery\/andrzejki-w-domu-pomocy-spolecznej-w-niemojowicach\/img_9856.jpg\"\n               title=\"\"\n               data-src=\"https:\/\/dpsniemojowice.pl\/2021\/wp-content\/gallery\/andrzejki-w-domu-pomocy-spolecznej-w-niemojowicach\/img_9856.jpg\"\n               data-thumbnail=\"https:\/\/dpsniemojowice.pl\/2021\/wp-content\/gallery\/andrzejki-w-domu-pomocy-spolecznej-w-niemojowicach\/thumbs\/thumbs_img_9856.jpg\"\n               data-image-id=\"223\"\n               data-title=\"img_9856\"\n               data-description=\"\"\n               data-image-slug=\"img_9856\"\n               class=\"shutterset_338\">\n                <img\n                    title=\"img_9856\"\n                    alt=\"img_9856\"\n                    src=\"https:\/\/dpsniemojowice.pl\/2021\/wp-content\/gallery\/andrzejki-w-domu-pomocy-spolecznej-w-niemojowicach\/thumbs\/thumbs_img_9856.jpg\"\n                    width=\"100\"\n                    height=\"75\"\n                    style=\"max-width:100%;\"\n                \/>\n            <\/a>\n        <\/div>\n\t\t\t\t\t\t\t<\/div> \n\t\t\t\n        \n\t\t\t\t<div id=\"ngg-image-6\" class=\"ngg-gallery-thumbnail-box\" >\n\t\t\t\t        <div class=\"ngg-gallery-thumbnail\">\n            <a href=\"https:\/\/dpsniemojowice.pl\/2021\/wp-content\/gallery\/andrzejki-w-domu-pomocy-spolecznej-w-niemojowicach\/img_9879.jpg\"\n               title=\"\"\n               data-src=\"https:\/\/dpsniemojowice.pl\/2021\/wp-content\/gallery\/andrzejki-w-domu-pomocy-spolecznej-w-niemojowicach\/img_9879.jpg\"\n               data-thumbnail=\"https:\/\/dpsniemojowice.pl\/2021\/wp-content\/gallery\/andrzejki-w-domu-pomocy-spolecznej-w-niemojowicach\/thumbs\/thumbs_img_9879.jpg\"\n               data-image-id=\"224\"\n               data-title=\"img_9879\"\n               data-description=\"\"\n               data-image-slug=\"img_9879\"\n               class=\"shutterset_338\">\n                <img\n                    title=\"img_9879\"\n                    alt=\"img_9879\"\n                    src=\"https:\/\/dpsniemojowice.pl\/2021\/wp-content\/gallery\/andrzejki-w-domu-pomocy-spolecznej-w-niemojowicach\/thumbs\/thumbs_img_9879.jpg\"\n                    width=\"100\"\n                    height=\"75\"\n                    style=\"max-width:100%;\"\n                \/>\n            <\/a>\n        <\/div>\n\t\t\t\t\t\t\t<\/div> \n\t\t\t\n        \n\t\t\t\t<div id=\"ngg-image-7\" class=\"ngg-gallery-thumbnail-box\" >\n\t\t\t\t        <div class=\"ngg-gallery-thumbnail\">\n            <a href=\"https:\/\/dpsniemojowice.pl\/2021\/wp-content\/gallery\/andrzejki-w-domu-pomocy-spolecznej-w-niemojowicach\/img_9913.jpg\"\n               title=\"\"\n               data-src=\"https:\/\/dpsniemojowice.pl\/2021\/wp-content\/gallery\/andrzejki-w-domu-pomocy-spolecznej-w-niemojowicach\/img_9913.jpg\"\n               data-thumbnail=\"https:\/\/dpsniemojowice.pl\/2021\/wp-content\/gallery\/andrzejki-w-domu-pomocy-spolecznej-w-niemojowicach\/thumbs\/thumbs_img_9913.jpg\"\n               data-image-id=\"225\"\n               data-title=\"img_9913\"\n               data-description=\"\"\n               data-image-slug=\"img_9913\"\n               class=\"shutterset_338\">\n                <img\n                    title=\"img_9913\"\n                    alt=\"img_9913\"\n                    src=\"https:\/\/dpsniemojowice.pl\/2021\/wp-content\/gallery\/andrzejki-w-domu-pomocy-spolecznej-w-niemojowicach\/thumbs\/thumbs_img_9913.jpg\"\n                    width=\"100\"\n                    height=\"75\"\n                    style=\"max-width:100%;\"\n                \/>\n            <\/a>\n        <\/div>\n\t\t\t\t\t\t\t<\/div> \n\t\t\t\n        \n\t\t\n\t\t<!-- Pagination -->\n\t<div class='ngg-clear'><\/div>\t<\/div>\n<\/p>\n","protected":false},"excerpt":{"rendered":"<p>Andrzejki to czas jedyny w swoim rodzaju. Zgodnie z tradycj\u0105, \u015aw. Andrzej uchyla r\u0105bka tajemnicy wszystkim pragn\u0105cym pozna\u0107, jaka przysz\u0142o\u015b\u0107 ich czeka w uczuciach, zdrowiu czy pracy.<\/p>\n","protected":false},"author":1,"featured_media":340,"comment_status":"open","ping_status":"open","sticky":false,"template":"","format":"standard","meta":{"ngg_post_thumbnail":0},"categories":[1],"tags":[],"_links":{"self":[{"href":"https:\/\/dpsniemojowice.pl\/2021\/wp-json\/wp\/v2\/posts\/337"}],"collection":[{"href":"https:\/\/dpsniemojowice.pl\/2021\/wp-json\/wp\/v2\/posts"}],"about":[{"href":"https:\/\/dpsniemojowice.pl\/2021\/wp-json\/wp\/v2\/types\/post"}],"author":[{"embeddable":true,"href":"https:\/\/dpsniemojowice.pl\/2021\/wp-json\/wp\/v2\/users\/1"}],"replies":[{"embeddable":true,"href":"https:\/\/dpsniemojowice.pl\/2021\/wp-json\/wp\/v2\/comments?post=337"}],"version-history":[{"count":2,"href":"https:\/\/dpsniemojowice.pl\/2021\/wp-json\/wp\/v2\/posts\/337\/revisions"}],"predecessor-version":[{"id":341,"href":"https:\/\/dpsniemojowice.pl\/2021\/wp-json\/wp\/v2\/posts\/337\/revisions\/341"}],"wp:featuredmedia":[{"embeddable":true,"href":"https:\/\/dpsniemojowice.pl\/2021\/wp-json\/wp\/v2\/media\/340"}],"wp:attachment":[{"href":"https:\/\/dpsniemojowice.pl\/2021\/wp-json\/wp\/v2\/media?parent=337"}],"wp:term":[{"taxonomy":"category","embeddable":true,"href":"https:\/\/dpsniemojowice.pl\/2021\/wp-json\/wp\/v2\/categories?post=337"},{"taxonomy":"post_tag","embeddable":true,"href":"https:\/\/dpsniemojowice.pl\/2021\/wp-json\/wp\/v2\/tags?post=337"}],"curies":[{"name":"wp","href":"https:\/\/api.w.org\/{rel}","templated":true}]}}