{"id":3394,"date":"2021-06-27T06:56:19","date_gmt":"2021-06-27T06:56:19","guid":{"rendered":"http:\/\/dpsniemojowice.pl\/2021\/?p=3394"},"modified":"2021-06-27T06:56:22","modified_gmt":"2021-06-27T06:56:22","slug":"dzien-godnosci-osob-niepelnosprawnych","status":"publish","type":"post","link":"https:\/\/dpsniemojowice.pl\/2021\/aktualnosci\/dzien-godnosci-osob-niepelnosprawnych\/","title":{"rendered":"Dzie\u0144 Godno\u015bci Os\u00f3b Niepe\u0142nosprawnych"},"content":{"rendered":"\n<p>W dniu 24.06.2021r. przedstawiciele mieszka\u0144c\u00f3w Naszego Domu wraz z dyrekcj\u0105 Pani\u0105 Renat\u0105 Konecka i Paulin\u0105 Misztal oraz opiekunami uczestniczyli w \u015bwi\u0119cie zorganizowanym przez Powiat Opoczy\u0144ski z okazji \u201eDnia Godno\u015bci Os\u00f3b Niepe\u0142nosprawnych\u201d.<\/p>\n\n\n\n<!--more-->\n\n\n\n<p>O godz. 10.00 odprawiona zosta\u0142a Msza \u015awi\u0119ta w ko\u015bciele Podwy\u017cszenia Krzy\u017ca w Opocznie, w kt\u00f3rej uczestniczy\u0142y osoby niepe\u0142nosprawne i ich opiekunowie. Homilia po\u015bwi\u0119cona by\u0142a niepe\u0142nosprawno\u015bci i cierpieniu z nim zwi\u0105zanym, godno\u015bci i mi\u0142o\u015bci Boga do ka\u017cdego cz\u0142owieka bez wzgl\u0119du na to jakim jest i kim jest. Po zako\u0144czonej Mszy \u015awi\u0119tej Starosta Opoczy\u0144ski Marcin Baranowski przedstawi\u0142 list\u0119 laureat\u00f3w nagrodzonych certyfikatem \u201dCz\u0142owiek o godnym sercu 2021\u201d.Jedn\u0105 z nagrodzonych os\u00f3b zosta\u0142a nasza Pani dyrektor Renata Konecka. Zwie\u0144czeniem obchod\u00f3w \u015bwi\u0119ta by\u0142 przemarsz ulicami miasta, nios\u0105c barwne kwiaty przeszli\u015bmy do Specjalnego O\u015brodka Szkolno \u2013 Wychowawczego \u201eCentrum Edukacji i Rozwoju\u201d gdzie laureatom uroczy\u015bcie wr\u0119czono certyfikaty. Wszystkich uczestnik\u00f3w zaproszono na pocz\u0119stunek oraz zabaw\u0119 przy muzyce. Podkre\u015bli\u0107 nale\u017cy, \u017ce zaproszone instytucje, fundacje i stowarzyszenia mia\u0142y mo\u017cliwo\u015b\u0107 zaprezentowania swoich plac\u00f3wek poprzez wystawienie prac podopiecznych co cieszy\u0142o si\u0119 du\u017cym zainteresowaniem ogl\u0105daj\u0105cych.<\/p>\n\n\n\n<p>Dla os\u00f3b niepe\u0142nosprawnych jest to bardzo wa\u017cny dzie\u0144 organizowany przez Powiat Opoczy\u0144ski za co w imieniu wszystkich os\u00f3b z niepe\u0142nosprawno\u015bciami dzi\u0119kujemy.<\/p>\n\n\n\n<figure class=\"wp-block-gallery columns-3 is-cropped\"><ul class=\"blocks-gallery-grid\"><li class=\"blocks-gallery-item\"><figure><img loading=\"lazy\" width=\"1024\" height=\"768\" src=\"http:\/\/dpsniemojowice.pl\/2021\/wp-content\/uploads\/2021\/06\/DSC06055-1024x768.jpg\" alt=\"\" data-id=\"3395\" data-link=\"http:\/\/dpsniemojowice.pl\/2021\/?attachment_id=3395\" class=\"wp-image-3395\" srcset=\"https:\/\/dpsniemojowice.pl\/2021\/wp-content\/uploads\/2021\/06\/DSC06055-1024x768.jpg 1024w, https:\/\/dpsniemojowice.pl\/2021\/wp-content\/uploads\/2021\/06\/DSC06055-300x225.jpg 300w, https:\/\/dpsniemojowice.pl\/2021\/wp-content\/uploads\/2021\/06\/DSC06055-768x576.jpg 768w, https:\/\/dpsniemojowice.pl\/2021\/wp-content\/uploads\/2021\/06\/DSC06055-1536x1152.jpg 1536w, https:\/\/dpsniemojowice.pl\/2021\/wp-content\/uploads\/2021\/06\/DSC06055.jpg 1920w\" sizes=\"(max-width: 1024px) 100vw, 1024px\" \/><\/figure><\/li><li class=\"blocks-gallery-item\"><figure><img loading=\"lazy\" width=\"1024\" height=\"768\" src=\"http:\/\/dpsniemojowice.pl\/2021\/wp-content\/uploads\/2021\/06\/DSC06069-1024x768.jpg\" alt=\"\" data-id=\"3396\" data-link=\"http:\/\/dpsniemojowice.pl\/2021\/?attachment_id=3396\" class=\"wp-image-3396\" srcset=\"https:\/\/dpsniemojowice.pl\/2021\/wp-content\/uploads\/2021\/06\/DSC06069-1024x768.jpg 1024w, https:\/\/dpsniemojowice.pl\/2021\/wp-content\/uploads\/2021\/06\/DSC06069-300x225.jpg 300w, https:\/\/dpsniemojowice.pl\/2021\/wp-content\/uploads\/2021\/06\/DSC06069-768x576.jpg 768w, https:\/\/dpsniemojowice.pl\/2021\/wp-content\/uploads\/2021\/06\/DSC06069-1536x1152.jpg 1536w, https:\/\/dpsniemojowice.pl\/2021\/wp-content\/uploads\/2021\/06\/DSC06069.jpg 1920w\" sizes=\"(max-width: 1024px) 100vw, 1024px\" \/><\/figure><\/li><li class=\"blocks-gallery-item\"><figure><img loading=\"lazy\" width=\"1024\" height=\"768\" src=\"http:\/\/dpsniemojowice.pl\/2021\/wp-content\/uploads\/2021\/06\/DSC06084-1024x768.jpg\" alt=\"\" data-id=\"3397\" data-link=\"http:\/\/dpsniemojowice.pl\/2021\/?attachment_id=3397\" class=\"wp-image-3397\" srcset=\"https:\/\/dpsniemojowice.pl\/2021\/wp-content\/uploads\/2021\/06\/DSC06084-1024x768.jpg 1024w, https:\/\/dpsniemojowice.pl\/2021\/wp-content\/uploads\/2021\/06\/DSC06084-300x225.jpg 300w, https:\/\/dpsniemojowice.pl\/2021\/wp-content\/uploads\/2021\/06\/DSC06084-768x576.jpg 768w, https:\/\/dpsniemojowice.pl\/2021\/wp-content\/uploads\/2021\/06\/DSC06084-1536x1152.jpg 1536w, https:\/\/dpsniemojowice.pl\/2021\/wp-content\/uploads\/2021\/06\/DSC06084.jpg 1920w\" sizes=\"(max-width: 1024px) 100vw, 1024px\" \/><\/figure><\/li><li class=\"blocks-gallery-item\"><figure><img loading=\"lazy\" width=\"671\" height=\"1024\" src=\"http:\/\/dpsniemojowice.pl\/2021\/wp-content\/uploads\/2021\/06\/DSC06036-671x1024.jpg\" alt=\"\" data-id=\"3398\" data-full-url=\"http:\/\/dpsniemojowice.pl\/2021\/wp-content\/uploads\/2021\/06\/DSC06036.jpg\" data-link=\"http:\/\/dpsniemojowice.pl\/2021\/?attachment_id=3398\" class=\"wp-image-3398\" srcset=\"https:\/\/dpsniemojowice.pl\/2021\/wp-content\/uploads\/2021\/06\/DSC06036-671x1024.jpg 671w, https:\/\/dpsniemojowice.pl\/2021\/wp-content\/uploads\/2021\/06\/DSC06036-197x300.jpg 197w, https:\/\/dpsniemojowice.pl\/2021\/wp-content\/uploads\/2021\/06\/DSC06036-768x1171.jpg 768w, https:\/\/dpsniemojowice.pl\/2021\/wp-content\/uploads\/2021\/06\/DSC06036-1007x1536.jpg 1007w, https:\/\/dpsniemojowice.pl\/2021\/wp-content\/uploads\/2021\/06\/DSC06036.jpg 1259w\" sizes=\"(max-width: 671px) 100vw, 671px\" \/><\/figure><\/li><\/ul><\/figure>\n","protected":false},"excerpt":{"rendered":"<p>W dniu 24.06.2021r. przedstawiciele mieszka\u0144c\u00f3w Naszego Domu wraz z dyrekcj\u0105 Pani\u0105 Renat\u0105 Konecka i Paulin\u0105 Misztal oraz opiekunami uczestniczyli w \u015bwi\u0119cie zorganizowanym przez Powiat Opoczy\u0144ski z okazji \u201eDnia Godno\u015bci Os\u00f3b Niepe\u0142nosprawnych\u201d.<\/p>\n","protected":false},"author":1,"featured_media":3396,"comment_status":"open","ping_status":"open","sticky":false,"template":"","format":"standard","meta":{"ngg_post_thumbnail":0},"categories":[1],"tags":[],"_links":{"self":[{"href":"https:\/\/dpsniemojowice.pl\/2021\/wp-json\/wp\/v2\/posts\/3394"}],"collection":[{"href":"https:\/\/dpsniemojowice.pl\/2021\/wp-json\/wp\/v2\/posts"}],"about":[{"href":"https:\/\/dpsniemojowice.pl\/2021\/wp-json\/wp\/v2\/types\/post"}],"author":[{"embeddable":true,"href":"https:\/\/dpsniemojowice.pl\/2021\/wp-json\/wp\/v2\/users\/1"}],"replies":[{"embeddable":true,"href":"https:\/\/dpsniemojowice.pl\/2021\/wp-json\/wp\/v2\/comments?post=3394"}],"version-history":[{"count":1,"href":"https:\/\/dpsniemojowice.pl\/2021\/wp-json\/wp\/v2\/posts\/3394\/revisions"}],"predecessor-version":[{"id":3399,"href":"https:\/\/dpsniemojowice.pl\/2021\/wp-json\/wp\/v2\/posts\/3394\/revisions\/3399"}],"wp:featuredmedia":[{"embeddable":true,"href":"https:\/\/dpsniemojowice.pl\/2021\/wp-json\/wp\/v2\/media\/3396"}],"wp:attachment":[{"href":"https:\/\/dpsniemojowice.pl\/2021\/wp-json\/wp\/v2\/media?parent=3394"}],"wp:term":[{"taxonomy":"category","embeddable":true,"href":"https:\/\/dpsniemojowice.pl\/2021\/wp-json\/wp\/v2\/categories?post=3394"},{"taxonomy":"post_tag","embeddable":true,"href":"https:\/\/dpsniemojowice.pl\/2021\/wp-json\/wp\/v2\/tags?post=3394"}],"curies":[{"name":"wp","href":"https:\/\/api.w.org\/{rel}","templated":true}]}}