{"id":3411,"date":"2021-07-23T12:40:37","date_gmt":"2021-07-23T12:40:37","guid":{"rendered":"http:\/\/dpsniemojowice.pl\/2021\/?p=3411"},"modified":"2021-07-27T12:17:27","modified_gmt":"2021-07-27T12:17:27","slug":"grant-dla-pielegniarek-dps-niemojowice-w-ramach-ii-naboru-programu-operacyjnego-wiedza-edukacja-rozwoj-2014-2020","status":"publish","type":"post","link":"https:\/\/dpsniemojowice.pl\/2021\/aktualnosci\/grant-dla-pielegniarek-dps-niemojowice-w-ramach-ii-naboru-programu-operacyjnego-wiedza-edukacja-rozwoj-2014-2020\/","title":{"rendered":"GRANT DLA PIEL\u0118GNIAREK DPS NIEMOJOWICE W RAMACH II NABORU PROGRAMU OPERACYJNEGO WIEDZA EDUKACJA ROZW\u00d3J 2014-2020"},"content":{"rendered":"\n<figure class=\"wp-block-image size-large is-resized\"><img loading=\"lazy\" src=\"http:\/\/dpsniemojowice.pl\/2021\/wp-content\/uploads\/2020\/10\/FE_POWER_poziom_pl-1_rgb-1024x132.jpg\" alt=\"\u0142\u00f3dzkie\" class=\"wp-image-2783\" width=\"512\" height=\"66\" srcset=\"https:\/\/dpsniemojowice.pl\/2021\/wp-content\/uploads\/2020\/10\/FE_POWER_poziom_pl-1_rgb-1024x132.jpg 1024w, https:\/\/dpsniemojowice.pl\/2021\/wp-content\/uploads\/2020\/10\/FE_POWER_poziom_pl-1_rgb-300x39.jpg 300w, https:\/\/dpsniemojowice.pl\/2021\/wp-content\/uploads\/2020\/10\/FE_POWER_poziom_pl-1_rgb-768x99.jpg 768w, https:\/\/dpsniemojowice.pl\/2021\/wp-content\/uploads\/2020\/10\/FE_POWER_poziom_pl-1_rgb-1536x197.jpg 1536w, https:\/\/dpsniemojowice.pl\/2021\/wp-content\/uploads\/2020\/10\/FE_POWER_poziom_pl-1_rgb-2048x263.jpg 2048w\" sizes=\"(max-width: 512px) 100vw, 512px\" \/><\/figure>\n\n\n\n<p>Dom Pomocy Spo\u0142ecznej w Niemojowicach informuje, \u017ce jest realizatorem grantu- II nab\u00f3r pod nazw\u0105&nbsp; \u201eZapewnienie bezpiecze\u0144stwa i opieki pacjentom oraz bezpiecze\u0144stwa personelowi zak\u0142ad\u00f3w opieku\u0144czo- leczniczych, dom\u00f3w pomocy spo\u0142ecznej, zak\u0142ad\u00f3w piel\u0119gnacyjno- opieku\u0144czych i hospicj\u00f3w na czas COVID-19\u201d w ramach Programu Operacyjnego Wiedza Edukacja Rozw\u00f3j 2014-2020 wsp\u00f3\u0142finansowanego ze \u015brodk\u00f3w Europejskiego Funduszu Spo\u0142ecznego.&nbsp;<\/p>\n\n\n\n<!--more-->\n\n\n\n<p><strong>W ramach II naboru piel\u0119gniarkom, kt\u00f3rych jedynym miejscem pracy jest&nbsp; DPS Niemojowice &nbsp;zosta\u0142y wyp\u0142acone dodatki do wynagrodze\u0144 za okres od wrze\u015bnia 2020r. do grudnia 2020r.<\/strong><\/p>\n\n\n\n<p>\u0141\u0105czna kwota otrzymanego grantu wynosi: <strong>51&nbsp;562, 54 z\u0142 <\/strong>i jest finansowana z nast\u0119puj\u0105cych \u017ar\u00f3de\u0142:<\/p>\n\n\n\n<ul><li>ze \u015brodk\u00f3w europejskich 84,17 % wydatk\u00f3w kwalifikowalnych Projektu;<\/li><li>ze \u015brodk\u00f3w dotacji celowej 15,83% wydatk\u00f3w kwalifikowalnych Projektu.<\/li><\/ul>\n\n\n\n<p>Okres realizacji projektu trwa od 01.05.2020r.&nbsp; do 31.08.2021r.<\/p>\n\n\n\n<p>Celem grantu jest \u0142agodzenie skutk\u00f3w pandemii COVID-19 oraz przeciwdzia\u0142anie jej negatywnym konsekwencjom, w szczeg\u00f3lno\u015bci dla os\u00f3b znajduj\u0105cych si\u0119 w grupie ryzyka. Zaplanowane wsparcie ma na celu ochron\u0119 zdrowia i \u017cycia pensjonariuszy DPS, poprzez ograniczenie skutk\u00f3w COVID-19 w Domu Pomocy Spo\u0142ecznej funkcjonuj\u0105cym na terenie Powiatu Opoczy\u0144skiego.<\/p>\n\n\n\n<p><\/p>\n","protected":false},"excerpt":{"rendered":"<p>Dom Pomocy Spo\u0142ecznej w Niemojowicach informuje, \u017ce jest realizatorem grantu- II nab\u00f3r pod nazw\u0105&nbsp; \u201eZapewnienie bezpiecze\u0144stwa i opieki pacjentom oraz bezpiecze\u0144stwa personelowi zak\u0142ad\u00f3w opieku\u0144czo- leczniczych, dom\u00f3w pomocy spo\u0142ecznej, zak\u0142ad\u00f3w piel\u0119gnacyjno- opieku\u0144czych i hospicj\u00f3w na czas COVID-19\u201d w ramach Programu Operacyjnego Wiedza Edukacja Rozw\u00f3j 2014-2020 wsp\u00f3\u0142finansowanego ze \u015brodk\u00f3w Europejskiego Funduszu Spo\u0142ecznego.&nbsp;<\/p>\n","protected":false},"author":1,"featured_media":0,"comment_status":"open","ping_status":"open","sticky":false,"template":"","format":"standard","meta":{"ngg_post_thumbnail":0},"categories":[1],"tags":[],"_links":{"self":[{"href":"https:\/\/dpsniemojowice.pl\/2021\/wp-json\/wp\/v2\/posts\/3411"}],"collection":[{"href":"https:\/\/dpsniemojowice.pl\/2021\/wp-json\/wp\/v2\/posts"}],"about":[{"href":"https:\/\/dpsniemojowice.pl\/2021\/wp-json\/wp\/v2\/types\/post"}],"author":[{"embeddable":true,"href":"https:\/\/dpsniemojowice.pl\/2021\/wp-json\/wp\/v2\/users\/1"}],"replies":[{"embeddable":true,"href":"https:\/\/dpsniemojowice.pl\/2021\/wp-json\/wp\/v2\/comments?post=3411"}],"version-history":[{"count":3,"href":"https:\/\/dpsniemojowice.pl\/2021\/wp-json\/wp\/v2\/posts\/3411\/revisions"}],"predecessor-version":[{"id":3414,"href":"https:\/\/dpsniemojowice.pl\/2021\/wp-json\/wp\/v2\/posts\/3411\/revisions\/3414"}],"wp:attachment":[{"href":"https:\/\/dpsniemojowice.pl\/2021\/wp-json\/wp\/v2\/media?parent=3411"}],"wp:term":[{"taxonomy":"category","embeddable":true,"href":"https:\/\/dpsniemojowice.pl\/2021\/wp-json\/wp\/v2\/categories?post=3411"},{"taxonomy":"post_tag","embeddable":true,"href":"https:\/\/dpsniemojowice.pl\/2021\/wp-json\/wp\/v2\/tags?post=3411"}],"curies":[{"name":"wp","href":"https:\/\/api.w.org\/{rel}","templated":true}]}}