{"id":3424,"date":"2021-08-26T09:22:43","date_gmt":"2021-08-26T09:22:43","guid":{"rendered":"http:\/\/dpsniemojowice.pl\/2021\/?p=3424"},"modified":"2021-08-26T09:22:45","modified_gmt":"2021-08-26T09:22:45","slug":"przeglad-tworczosci-artystycznej-podkasana-muza","status":"publish","type":"post","link":"https:\/\/dpsniemojowice.pl\/2021\/aktualnosci\/przeglad-tworczosci-artystycznej-podkasana-muza\/","title":{"rendered":"PRZEGL\u0104D TW\u00d3RCZO\u015aCI ARTYSTYCZNEJ ,,PODKASANA MUZA\u201d"},"content":{"rendered":"\n<p>W dniu 25.08.2021r. po rocznej przerwie z powodu COVID-19 odby\u0142 si\u0119 III Przegl\u0105d Tw\u00f3rczo\u015bci Artystycznej Os\u00f3b z\u00a0 Niepe\u0142nosprawno\u015bci\u0105 pod nazw\u0105 ,,Podkasana Muza\u201d. Wydarzenie mia\u0142o miejsce\u00a0 w Regionalnym Centrum Kultury w Drzewicy. Organizatorem tego przedsi\u0119wzi\u0119cia by\u0142y Warsztaty Terapii Zaj\u0119ciowej w Drzewicy, od kt\u00f3rych otrzymali\u015bmy zaproszenie.<\/p>\n\n\n\n<!--more-->\n\n\n\n<p>Uroczysto\u015b\u0107 rozpocz\u0119\u0142a si\u0119 przywitaniem wszystkich przyby\u0142ych go\u015bci, a nast\u0119pnie ka\u017cda plac\u00f3wka prezentowa\u0142a sw\u00f3j repertuar. Nasza grupa ,,Czarno to widz\u0119\u201d&nbsp; przedstawi\u0142a monta\u017c s\u0142owno-muzyczny. Zaprezentowali\u015bmy wiersz naszego autorstwa oraz piosenki. \u015apiewem porwali\u015bmy publiczno\u015b\u0107 do wsp\u00f3lnej zabaw. Opr\u00f3cz gromkich braw otrzymali\u015bmy r\u00f3wnie\u017c upominki.<\/p>\n\n\n\n<p>Po wyst\u0105pieniu wszystkich\u00a0 grup artystycznych , podzi\u0119kowaniach p\u0142yn\u0105cych z ust organizator\u00f3w i pami\u0105tkowej wsp\u00f3lnej fotografii udali\u015bmy si\u0119 na pocz\u0119stunek. Dzi\u0119kujemy za mo\u017cliwo\u015b\u0107 zaprezentowania naszych talent\u00f3w i do zobaczenia za rok!!!<\/p>\n\n\n\n<figure class=\"wp-block-gallery columns-3 is-cropped\"><ul class=\"blocks-gallery-grid\"><li class=\"blocks-gallery-item\"><figure><img loading=\"lazy\" width=\"1024\" height=\"631\" src=\"http:\/\/dpsniemojowice.pl\/2021\/wp-content\/uploads\/2021\/08\/DSC-1024x631.jpg\" alt=\"\" data-id=\"3425\" data-full-url=\"http:\/\/dpsniemojowice.pl\/2021\/wp-content\/uploads\/2021\/08\/DSC.jpg\" data-link=\"http:\/\/dpsniemojowice.pl\/2021\/?attachment_id=3425\" class=\"wp-image-3425\" srcset=\"https:\/\/dpsniemojowice.pl\/2021\/wp-content\/uploads\/2021\/08\/DSC-1024x631.jpg 1024w, https:\/\/dpsniemojowice.pl\/2021\/wp-content\/uploads\/2021\/08\/DSC-300x185.jpg 300w, https:\/\/dpsniemojowice.pl\/2021\/wp-content\/uploads\/2021\/08\/DSC-768x474.jpg 768w, https:\/\/dpsniemojowice.pl\/2021\/wp-content\/uploads\/2021\/08\/DSC-1536x947.jpg 1536w, https:\/\/dpsniemojowice.pl\/2021\/wp-content\/uploads\/2021\/08\/DSC.jpg 1920w\" sizes=\"(max-width: 1024px) 100vw, 1024px\" \/><\/figure><\/li><li class=\"blocks-gallery-item\"><figure><img loading=\"lazy\" width=\"1024\" height=\"768\" src=\"http:\/\/dpsniemojowice.pl\/2021\/wp-content\/uploads\/2021\/08\/DSC06706-1024x768.jpg\" alt=\"\" data-id=\"3426\" data-full-url=\"http:\/\/dpsniemojowice.pl\/2021\/wp-content\/uploads\/2021\/08\/DSC06706.jpg\" data-link=\"http:\/\/dpsniemojowice.pl\/2021\/?attachment_id=3426\" class=\"wp-image-3426\" srcset=\"https:\/\/dpsniemojowice.pl\/2021\/wp-content\/uploads\/2021\/08\/DSC06706-1024x768.jpg 1024w, https:\/\/dpsniemojowice.pl\/2021\/wp-content\/uploads\/2021\/08\/DSC06706-300x225.jpg 300w, https:\/\/dpsniemojowice.pl\/2021\/wp-content\/uploads\/2021\/08\/DSC06706-768x576.jpg 768w, https:\/\/dpsniemojowice.pl\/2021\/wp-content\/uploads\/2021\/08\/DSC06706-1536x1152.jpg 1536w, https:\/\/dpsniemojowice.pl\/2021\/wp-content\/uploads\/2021\/08\/DSC06706.jpg 1920w\" sizes=\"(max-width: 1024px) 100vw, 1024px\" \/><\/figure><\/li><li class=\"blocks-gallery-item\"><figure><img loading=\"lazy\" width=\"1024\" height=\"768\" src=\"http:\/\/dpsniemojowice.pl\/2021\/wp-content\/uploads\/2021\/08\/DSC06718-1024x768.jpg\" alt=\"\" data-id=\"3427\" data-full-url=\"http:\/\/dpsniemojowice.pl\/2021\/wp-content\/uploads\/2021\/08\/DSC06718.jpg\" data-link=\"http:\/\/dpsniemojowice.pl\/2021\/?attachment_id=3427\" class=\"wp-image-3427\" srcset=\"https:\/\/dpsniemojowice.pl\/2021\/wp-content\/uploads\/2021\/08\/DSC06718-1024x768.jpg 1024w, https:\/\/dpsniemojowice.pl\/2021\/wp-content\/uploads\/2021\/08\/DSC06718-300x225.jpg 300w, https:\/\/dpsniemojowice.pl\/2021\/wp-content\/uploads\/2021\/08\/DSC06718-768x576.jpg 768w, https:\/\/dpsniemojowice.pl\/2021\/wp-content\/uploads\/2021\/08\/DSC06718-1536x1152.jpg 1536w, https:\/\/dpsniemojowice.pl\/2021\/wp-content\/uploads\/2021\/08\/DSC06718.jpg 1920w\" sizes=\"(max-width: 1024px) 100vw, 1024px\" \/><\/figure><\/li><li class=\"blocks-gallery-item\"><figure><img loading=\"lazy\" width=\"1024\" height=\"768\" src=\"http:\/\/dpsniemojowice.pl\/2021\/wp-content\/uploads\/2021\/08\/DSC06729-1024x768.jpg\" alt=\"\" data-id=\"3428\" data-full-url=\"http:\/\/dpsniemojowice.pl\/2021\/wp-content\/uploads\/2021\/08\/DSC06729.jpg\" data-link=\"http:\/\/dpsniemojowice.pl\/2021\/?attachment_id=3428\" class=\"wp-image-3428\" srcset=\"https:\/\/dpsniemojowice.pl\/2021\/wp-content\/uploads\/2021\/08\/DSC06729-1024x768.jpg 1024w, https:\/\/dpsniemojowice.pl\/2021\/wp-content\/uploads\/2021\/08\/DSC06729-300x225.jpg 300w, https:\/\/dpsniemojowice.pl\/2021\/wp-content\/uploads\/2021\/08\/DSC06729-768x576.jpg 768w, https:\/\/dpsniemojowice.pl\/2021\/wp-content\/uploads\/2021\/08\/DSC06729-1536x1152.jpg 1536w, https:\/\/dpsniemojowice.pl\/2021\/wp-content\/uploads\/2021\/08\/DSC06729.jpg 1920w\" sizes=\"(max-width: 1024px) 100vw, 1024px\" \/><\/figure><\/li><\/ul><\/figure>\n","protected":false},"excerpt":{"rendered":"<p>W dniu 25.08.2021r. po rocznej przerwie z powodu COVID-19 odby\u0142 si\u0119 III Przegl\u0105d Tw\u00f3rczo\u015bci Artystycznej Os\u00f3b z\u00a0 Niepe\u0142nosprawno\u015bci\u0105 pod nazw\u0105 ,,Podkasana Muza\u201d. Wydarzenie mia\u0142o miejsce\u00a0 w Regionalnym Centrum Kultury w Drzewicy. Organizatorem tego przedsi\u0119wzi\u0119cia by\u0142y Warsztaty Terapii Zaj\u0119ciowej w Drzewicy, od kt\u00f3rych otrzymali\u015bmy zaproszenie.<\/p>\n","protected":false},"author":1,"featured_media":3425,"comment_status":"open","ping_status":"open","sticky":false,"template":"","format":"standard","meta":{"ngg_post_thumbnail":0},"categories":[1],"tags":[],"_links":{"self":[{"href":"https:\/\/dpsniemojowice.pl\/2021\/wp-json\/wp\/v2\/posts\/3424"}],"collection":[{"href":"https:\/\/dpsniemojowice.pl\/2021\/wp-json\/wp\/v2\/posts"}],"about":[{"href":"https:\/\/dpsniemojowice.pl\/2021\/wp-json\/wp\/v2\/types\/post"}],"author":[{"embeddable":true,"href":"https:\/\/dpsniemojowice.pl\/2021\/wp-json\/wp\/v2\/users\/1"}],"replies":[{"embeddable":true,"href":"https:\/\/dpsniemojowice.pl\/2021\/wp-json\/wp\/v2\/comments?post=3424"}],"version-history":[{"count":1,"href":"https:\/\/dpsniemojowice.pl\/2021\/wp-json\/wp\/v2\/posts\/3424\/revisions"}],"predecessor-version":[{"id":3429,"href":"https:\/\/dpsniemojowice.pl\/2021\/wp-json\/wp\/v2\/posts\/3424\/revisions\/3429"}],"wp:featuredmedia":[{"embeddable":true,"href":"https:\/\/dpsniemojowice.pl\/2021\/wp-json\/wp\/v2\/media\/3425"}],"wp:attachment":[{"href":"https:\/\/dpsniemojowice.pl\/2021\/wp-json\/wp\/v2\/media?parent=3424"}],"wp:term":[{"taxonomy":"category","embeddable":true,"href":"https:\/\/dpsniemojowice.pl\/2021\/wp-json\/wp\/v2\/categories?post=3424"},{"taxonomy":"post_tag","embeddable":true,"href":"https:\/\/dpsniemojowice.pl\/2021\/wp-json\/wp\/v2\/tags?post=3424"}],"curies":[{"name":"wp","href":"https:\/\/api.w.org\/{rel}","templated":true}]}}