{"id":3456,"date":"2021-12-02T16:03:09","date_gmt":"2021-12-02T16:03:09","guid":{"rendered":"http:\/\/dpsniemojowice.pl\/2021\/?p=3456"},"modified":"2021-12-02T16:03:13","modified_gmt":"2021-12-02T16:03:13","slug":"wsparcie-ze-srodkow-pfron","status":"publish","type":"post","link":"https:\/\/dpsniemojowice.pl\/2021\/aktualnosci\/wsparcie-ze-srodkow-pfron\/","title":{"rendered":"WSPARCIE  ZE  \u015aRODK\u00d3W  PFRON"},"content":{"rendered":"\n<p>Mieszka\u0144cy Domu Pomocy Spo\u0142ecznej w Niemojowicach wraz z kadr\u0105 zarz\u0105dzaj\u0105c\u0105 dzi\u0119kuj\u0105 bardzo serdecznie Staro\u015bcie Powiatu Opoczy\u0144skiego panu Marcinowi Baranowskiemu , Wicestaro\u015bcie Powiatu Opoczy\u0144skiego pani Marii Barbarze Chomicz oraz pracownikom Starostwa Powiatowego w Opocznie za przekazanie komplet\u00f3w po\u015bcieli, koc\u00f3w, r\u0119cznik\u00f3w, bielizny i \u015brodk\u00f3w ochrony osobistej \u00a0pozyskanych z Pa\u0144stwowego Funduszu Rehabilitacji Os\u00f3b Niepe\u0142nosprawnych w ramach Modu\u0142u IV programu \u201ePomoc osobom niepe\u0142nosprawnym poszkodowanym w wyniku \u017cywio\u0142u lub sytuacji kryzysowych wywo\u0142anych chorobami zaka\u017anymi\u201d. W\u0142adze Powiatu Opoczy\u0144skiego s\u0105 wra\u017cliwe na potrzeby os\u00f3b ze szczeg\u00f3lnymi potrzebami i pozyskuj\u0105 \u015brodki zewn\u0119trzne, aby wspiera\u0107 i doposa\u017cy\u0107 plac\u00f3wki pomocy spo\u0142ecznej. Bardzo serdecznie dzi\u0119kujemy.<\/p>\n\n\n\n<!--more-->\n\n\n\n<figure class=\"wp-block-gallery columns-2 is-cropped\"><ul class=\"blocks-gallery-grid\"><li class=\"blocks-gallery-item\"><figure><img loading=\"lazy\" width=\"1024\" height=\"768\" src=\"http:\/\/dpsniemojowice.pl\/2021\/wp-content\/uploads\/2021\/12\/DSC07424-1024x768.jpg\" alt=\"\" data-id=\"3457\" data-full-url=\"http:\/\/dpsniemojowice.pl\/2021\/wp-content\/uploads\/2021\/12\/DSC07424.jpg\" data-link=\"http:\/\/dpsniemojowice.pl\/2021\/?attachment_id=3457\" class=\"wp-image-3457\" srcset=\"https:\/\/dpsniemojowice.pl\/2021\/wp-content\/uploads\/2021\/12\/DSC07424-1024x768.jpg 1024w, https:\/\/dpsniemojowice.pl\/2021\/wp-content\/uploads\/2021\/12\/DSC07424-300x225.jpg 300w, https:\/\/dpsniemojowice.pl\/2021\/wp-content\/uploads\/2021\/12\/DSC07424-768x576.jpg 768w, https:\/\/dpsniemojowice.pl\/2021\/wp-content\/uploads\/2021\/12\/DSC07424-1536x1152.jpg 1536w, https:\/\/dpsniemojowice.pl\/2021\/wp-content\/uploads\/2021\/12\/DSC07424.jpg 1920w\" sizes=\"(max-width: 1024px) 100vw, 1024px\" \/><\/figure><\/li><li class=\"blocks-gallery-item\"><figure><img loading=\"lazy\" width=\"1024\" height=\"768\" src=\"http:\/\/dpsniemojowice.pl\/2021\/wp-content\/uploads\/2021\/12\/DSC07428-1024x768.jpg\" alt=\"\" data-id=\"3458\" data-full-url=\"http:\/\/dpsniemojowice.pl\/2021\/wp-content\/uploads\/2021\/12\/DSC07428.jpg\" data-link=\"http:\/\/dpsniemojowice.pl\/2021\/?attachment_id=3458\" class=\"wp-image-3458\" srcset=\"https:\/\/dpsniemojowice.pl\/2021\/wp-content\/uploads\/2021\/12\/DSC07428-1024x768.jpg 1024w, https:\/\/dpsniemojowice.pl\/2021\/wp-content\/uploads\/2021\/12\/DSC07428-300x225.jpg 300w, https:\/\/dpsniemojowice.pl\/2021\/wp-content\/uploads\/2021\/12\/DSC07428-768x576.jpg 768w, https:\/\/dpsniemojowice.pl\/2021\/wp-content\/uploads\/2021\/12\/DSC07428-1536x1152.jpg 1536w, https:\/\/dpsniemojowice.pl\/2021\/wp-content\/uploads\/2021\/12\/DSC07428.jpg 1920w\" sizes=\"(max-width: 1024px) 100vw, 1024px\" \/><\/figure><\/li><\/ul><\/figure>\n","protected":false},"excerpt":{"rendered":"<p>Mieszka\u0144cy Domu Pomocy Spo\u0142ecznej w Niemojowicach wraz z kadr\u0105 zarz\u0105dzaj\u0105c\u0105 dzi\u0119kuj\u0105 bardzo serdecznie Staro\u015bcie Powiatu Opoczy\u0144skiego panu Marcinowi Baranowskiemu , Wicestaro\u015bcie Powiatu Opoczy\u0144skiego pani Marii Barbarze Chomicz oraz pracownikom Starostwa Powiatowego w Opocznie za przekazanie komplet\u00f3w po\u015bcieli, koc\u00f3w, r\u0119cznik\u00f3w, bielizny i \u015brodk\u00f3w ochrony osobistej \u00a0pozyskanych z Pa\u0144stwowego Funduszu Rehabilitacji Os\u00f3b Niepe\u0142nosprawnych w ramach Modu\u0142u IV [&hellip;]<\/p>\n","protected":false},"author":1,"featured_media":3457,"comment_status":"open","ping_status":"open","sticky":false,"template":"","format":"standard","meta":{"ngg_post_thumbnail":0},"categories":[1],"tags":[],"_links":{"self":[{"href":"https:\/\/dpsniemojowice.pl\/2021\/wp-json\/wp\/v2\/posts\/3456"}],"collection":[{"href":"https:\/\/dpsniemojowice.pl\/2021\/wp-json\/wp\/v2\/posts"}],"about":[{"href":"https:\/\/dpsniemojowice.pl\/2021\/wp-json\/wp\/v2\/types\/post"}],"author":[{"embeddable":true,"href":"https:\/\/dpsniemojowice.pl\/2021\/wp-json\/wp\/v2\/users\/1"}],"replies":[{"embeddable":true,"href":"https:\/\/dpsniemojowice.pl\/2021\/wp-json\/wp\/v2\/comments?post=3456"}],"version-history":[{"count":1,"href":"https:\/\/dpsniemojowice.pl\/2021\/wp-json\/wp\/v2\/posts\/3456\/revisions"}],"predecessor-version":[{"id":3459,"href":"https:\/\/dpsniemojowice.pl\/2021\/wp-json\/wp\/v2\/posts\/3456\/revisions\/3459"}],"wp:featuredmedia":[{"embeddable":true,"href":"https:\/\/dpsniemojowice.pl\/2021\/wp-json\/wp\/v2\/media\/3457"}],"wp:attachment":[{"href":"https:\/\/dpsniemojowice.pl\/2021\/wp-json\/wp\/v2\/media?parent=3456"}],"wp:term":[{"taxonomy":"category","embeddable":true,"href":"https:\/\/dpsniemojowice.pl\/2021\/wp-json\/wp\/v2\/categories?post=3456"},{"taxonomy":"post_tag","embeddable":true,"href":"https:\/\/dpsniemojowice.pl\/2021\/wp-json\/wp\/v2\/tags?post=3456"}],"curies":[{"name":"wp","href":"https:\/\/api.w.org\/{rel}","templated":true}]}}