{"id":419,"date":"2014-01-21T15:30:10","date_gmt":"2014-01-21T15:30:10","guid":{"rendered":"http:\/\/dpsniemojowice.pl\/2021\/?p=419"},"modified":"2014-01-23T11:25:11","modified_gmt":"2014-01-23T11:25:11","slug":"dzien-babci-i-dziadka-2","status":"publish","type":"post","link":"https:\/\/dpsniemojowice.pl\/2021\/aktualnosci\/dzien-babci-i-dziadka-2\/","title":{"rendered":"DZIE\u0143 BABCI I DZIADKA"},"content":{"rendered":"<p style=\"text-align: justify;\">21.01.2014r. w Domu Pomocy w Niemojowicach odby\u0142o si\u0119 spotkanie z okazji Dnia Babci i Dziadka. Mieszka\u0144cy obejrzeli przygotowan\u0105 prezentacj\u0119 multimedialn\u0105 dotycz\u0105c\u0105 pochodzenia tego \u015bwi\u0119ta, wys\u0142uchali wierszy i piosenek zwi\u0105zanych z tym dniem. <!--more-->Po pocz\u0119stunku odby\u0142a si\u0119 kr\u00f3tka zabawa taneczna i wsp\u00f3lne biesiadowanie. Wszystkie Babcie i Dziadkowie otrzymali r\u0119cznie wykonane laurki.<\/p>\n<p style=\"text-align: justify;\">Wszystkim Babciom i Dziadkom z okazji ich \u015bwi\u0119ta \u017cyczymy\u00a0 du\u017co zdrowia i u\u015bmiechu!<\/p>\n<p style=\"text-align: justify;\"><!-- index.php -->\n<div\n\tclass=\"ngg-galleryoverview ngg-ajax-pagination-none\"\n\tid=\"ngg-gallery-420-1\">\n\n    \t<div class=\"slideshowlink\">\n        <a href='https:\/\/dpsniemojowice.pl\/2021\/aktualnosci\/dzien-babci-i-dziadka-2\/nggallery\/slideshow'>Pokaz slajd\u00f3w<\/a>\n\t\t\n\t<\/div>\n\t\t\t<!-- Thumbnails -->\n\t\t\t\t<div id=\"ngg-image-0\" class=\"ngg-gallery-thumbnail-box\" >\n\t\t\t\t        <div class=\"ngg-gallery-thumbnail\">\n            <a href=\"https:\/\/dpsniemojowice.pl\/2021\/wp-content\/gallery\/dzien-babci-i-dziadka-2\/dsc00558.jpg\"\n               title=\"\"\n               data-src=\"https:\/\/dpsniemojowice.pl\/2021\/wp-content\/gallery\/dzien-babci-i-dziadka-2\/dsc00558.jpg\"\n               data-thumbnail=\"https:\/\/dpsniemojowice.pl\/2021\/wp-content\/gallery\/dzien-babci-i-dziadka-2\/thumbs\/thumbs_dsc00558.jpg\"\n               data-image-id=\"243\"\n               data-title=\"dsc00558\"\n               data-description=\"\"\n               data-image-slug=\"dsc00558\"\n               class=\"shutterset_420\">\n                <img\n                    title=\"dsc00558\"\n                    alt=\"dsc00558\"\n                    src=\"https:\/\/dpsniemojowice.pl\/2021\/wp-content\/gallery\/dzien-babci-i-dziadka-2\/thumbs\/thumbs_dsc00558.jpg\"\n                    width=\"100\"\n                    height=\"75\"\n                    style=\"max-width:100%;\"\n                \/>\n            <\/a>\n        <\/div>\n\t\t\t\t\t\t\t<\/div> \n\t\t\t\n        \n\t\t\t\t<div id=\"ngg-image-1\" class=\"ngg-gallery-thumbnail-box\" >\n\t\t\t\t        <div class=\"ngg-gallery-thumbnail\">\n            <a href=\"https:\/\/dpsniemojowice.pl\/2021\/wp-content\/gallery\/dzien-babci-i-dziadka-2\/dsc00568.jpg\"\n               title=\"\"\n               data-src=\"https:\/\/dpsniemojowice.pl\/2021\/wp-content\/gallery\/dzien-babci-i-dziadka-2\/dsc00568.jpg\"\n               data-thumbnail=\"https:\/\/dpsniemojowice.pl\/2021\/wp-content\/gallery\/dzien-babci-i-dziadka-2\/thumbs\/thumbs_dsc00568.jpg\"\n               data-image-id=\"244\"\n               data-title=\"dsc00568\"\n               data-description=\"\"\n               data-image-slug=\"dsc00568\"\n               class=\"shutterset_420\">\n                <img\n                    title=\"dsc00568\"\n                    alt=\"dsc00568\"\n                    src=\"https:\/\/dpsniemojowice.pl\/2021\/wp-content\/gallery\/dzien-babci-i-dziadka-2\/thumbs\/thumbs_dsc00568.jpg\"\n                    width=\"100\"\n                    height=\"75\"\n                    style=\"max-width:100%;\"\n                \/>\n            <\/a>\n        <\/div>\n\t\t\t\t\t\t\t<\/div> \n\t\t\t\n        \n\t\t\t\t<div id=\"ngg-image-2\" class=\"ngg-gallery-thumbnail-box\" >\n\t\t\t\t        <div class=\"ngg-gallery-thumbnail\">\n            <a href=\"https:\/\/dpsniemojowice.pl\/2021\/wp-content\/gallery\/dzien-babci-i-dziadka-2\/dsc00595.jpg\"\n               title=\"\"\n               data-src=\"https:\/\/dpsniemojowice.pl\/2021\/wp-content\/gallery\/dzien-babci-i-dziadka-2\/dsc00595.jpg\"\n               data-thumbnail=\"https:\/\/dpsniemojowice.pl\/2021\/wp-content\/gallery\/dzien-babci-i-dziadka-2\/thumbs\/thumbs_dsc00595.jpg\"\n               data-image-id=\"245\"\n               data-title=\"dsc00595\"\n               data-description=\"\"\n               data-image-slug=\"dsc00595\"\n               class=\"shutterset_420\">\n                <img\n                    title=\"dsc00595\"\n                    alt=\"dsc00595\"\n                    src=\"https:\/\/dpsniemojowice.pl\/2021\/wp-content\/gallery\/dzien-babci-i-dziadka-2\/thumbs\/thumbs_dsc00595.jpg\"\n                    width=\"100\"\n                    height=\"75\"\n                    style=\"max-width:100%;\"\n                \/>\n            <\/a>\n        <\/div>\n\t\t\t\t\t\t\t<\/div> \n\t\t\t\n        \n\t\t\t\t<div id=\"ngg-image-3\" class=\"ngg-gallery-thumbnail-box\" >\n\t\t\t\t        <div class=\"ngg-gallery-thumbnail\">\n            <a href=\"https:\/\/dpsniemojowice.pl\/2021\/wp-content\/gallery\/dzien-babci-i-dziadka-2\/dsc00619.jpg\"\n               title=\"\"\n               data-src=\"https:\/\/dpsniemojowice.pl\/2021\/wp-content\/gallery\/dzien-babci-i-dziadka-2\/dsc00619.jpg\"\n               data-thumbnail=\"https:\/\/dpsniemojowice.pl\/2021\/wp-content\/gallery\/dzien-babci-i-dziadka-2\/thumbs\/thumbs_dsc00619.jpg\"\n               data-image-id=\"246\"\n               data-title=\"dsc00619\"\n               data-description=\"\"\n               data-image-slug=\"dsc00619\"\n               class=\"shutterset_420\">\n                <img\n                    title=\"dsc00619\"\n                    alt=\"dsc00619\"\n                    src=\"https:\/\/dpsniemojowice.pl\/2021\/wp-content\/gallery\/dzien-babci-i-dziadka-2\/thumbs\/thumbs_dsc00619.jpg\"\n                    width=\"100\"\n                    height=\"75\"\n                    style=\"max-width:100%;\"\n                \/>\n            <\/a>\n        <\/div>\n\t\t\t\t\t\t\t<\/div> \n\t\t\t\n        \n\t\t\n\t\t<!-- Pagination -->\n\t<div class='ngg-clear'><\/div>\t<\/div>\n<\/p>\n","protected":false},"excerpt":{"rendered":"<p>21.01.2014r. w Domu Pomocy w Niemojowicach odby\u0142o si\u0119 spotkanie z okazji Dnia Babci i Dziadka. Mieszka\u0144cy obejrzeli przygotowan\u0105 prezentacj\u0119 multimedialn\u0105 dotycz\u0105c\u0105 pochodzenia tego \u015bwi\u0119ta, wys\u0142uchali wierszy i piosenek zwi\u0105zanych z tym dniem.<\/p>\n","protected":false},"author":1,"featured_media":421,"comment_status":"open","ping_status":"open","sticky":false,"template":"","format":"standard","meta":{"ngg_post_thumbnail":0},"categories":[1],"tags":[],"_links":{"self":[{"href":"https:\/\/dpsniemojowice.pl\/2021\/wp-json\/wp\/v2\/posts\/419"}],"collection":[{"href":"https:\/\/dpsniemojowice.pl\/2021\/wp-json\/wp\/v2\/posts"}],"about":[{"href":"https:\/\/dpsniemojowice.pl\/2021\/wp-json\/wp\/v2\/types\/post"}],"author":[{"embeddable":true,"href":"https:\/\/dpsniemojowice.pl\/2021\/wp-json\/wp\/v2\/users\/1"}],"replies":[{"embeddable":true,"href":"https:\/\/dpsniemojowice.pl\/2021\/wp-json\/wp\/v2\/comments?post=419"}],"version-history":[{"count":2,"href":"https:\/\/dpsniemojowice.pl\/2021\/wp-json\/wp\/v2\/posts\/419\/revisions"}],"predecessor-version":[{"id":423,"href":"https:\/\/dpsniemojowice.pl\/2021\/wp-json\/wp\/v2\/posts\/419\/revisions\/423"}],"wp:featuredmedia":[{"embeddable":true,"href":"https:\/\/dpsniemojowice.pl\/2021\/wp-json\/wp\/v2\/media\/421"}],"wp:attachment":[{"href":"https:\/\/dpsniemojowice.pl\/2021\/wp-json\/wp\/v2\/media?parent=419"}],"wp:term":[{"taxonomy":"category","embeddable":true,"href":"https:\/\/dpsniemojowice.pl\/2021\/wp-json\/wp\/v2\/categories?post=419"},{"taxonomy":"post_tag","embeddable":true,"href":"https:\/\/dpsniemojowice.pl\/2021\/wp-json\/wp\/v2\/tags?post=419"}],"curies":[{"name":"wp","href":"https:\/\/api.w.org\/{rel}","templated":true}]}}