{"id":428,"date":"2014-02-04T14:16:56","date_gmt":"2014-02-04T14:16:56","guid":{"rendered":"http:\/\/dpsniemojowice.pl\/2021\/?p=428"},"modified":"2014-02-04T14:17:25","modified_gmt":"2014-02-04T14:17:25","slug":"koledujmy-wszyscy-wraz-2014","status":"publish","type":"post","link":"https:\/\/dpsniemojowice.pl\/2021\/aktualnosci\/koledujmy-wszyscy-wraz-2014\/","title":{"rendered":"\u201eKOL\u0118DUJMY WSZYSCY WRAZ 2014\u201d"},"content":{"rendered":"<p style=\"text-align: justify;\">Ju\u017c po raz kolejny mieszka\u0144cy naszego Domu wzi\u0119li udzia\u0142 we wsp\u00f3lnym kol\u0119dowaniu zorganizowanym przez Dom Pomocy Spo\u0142ecznej \u201e Cichy Zak\u0105tek\u201d w Ko\u0144skich.\u00a0 Spotkanie odby\u0142o si\u0119 04.02.2014r. w\u00a0 SP nr 1 w Ko\u0144skich.<!--more--> Wzi\u0119li w nim udzia\u0142 mieszka\u0144cy Dom\u00f3w Pomocy Spo\u0142ecznej z wojew\u00f3dztwa \u015bwi\u0119tokrzyskiego. Po obejrzeniu cz\u0119\u015bci artystycznych przygotowanych przez zaproszonych go\u015bci oraz ciep\u0142ym pocz\u0119stunku wszyscy wzi\u0119li udzia\u0142 we wsp\u00f3lnej zabawie tanecznej.<\/p>\n<p>Mamy nadziej\u0119, \u017ce z Domem Pomocy Spo\u0142ecznej z\u00a0 Ko\u0144skich \u00a0wkr\u00f3tce zobaczymy si\u0119 na spotkaniu integracyjnym organizowanym na terenie naszego Domu.<\/p>\n<p><!-- index.php -->\n<div\n\tclass=\"ngg-galleryoverview ngg-ajax-pagination-none\"\n\tid=\"ngg-gallery-430-1\">\n\n    \t<div class=\"slideshowlink\">\n        <a href='https:\/\/dpsniemojowice.pl\/2021\/aktualnosci\/koledujmy-wszyscy-wraz-2014\/nggallery\/slideshow'>Pokaz slajd\u00f3w<\/a>\n\t\t\n\t<\/div>\n\t\t\t<!-- Thumbnails -->\n\t\t\t\t<div id=\"ngg-image-0\" class=\"ngg-gallery-thumbnail-box\" >\n\t\t\t\t        <div class=\"ngg-gallery-thumbnail\">\n            <a href=\"https:\/\/dpsniemojowice.pl\/2021\/wp-content\/gallery\/koledujmy-wszyscy-wraz-2014\/100_4520.jpg\"\n               title=\"\"\n               data-src=\"https:\/\/dpsniemojowice.pl\/2021\/wp-content\/gallery\/koledujmy-wszyscy-wraz-2014\/100_4520.jpg\"\n               data-thumbnail=\"https:\/\/dpsniemojowice.pl\/2021\/wp-content\/gallery\/koledujmy-wszyscy-wraz-2014\/thumbs\/thumbs_100_4520.jpg\"\n               data-image-id=\"247\"\n               data-title=\"100_4520\"\n               data-description=\"\"\n               data-image-slug=\"100_4520\"\n               class=\"shutterset_430\">\n                <img\n                    title=\"100_4520\"\n                    alt=\"100_4520\"\n                    src=\"https:\/\/dpsniemojowice.pl\/2021\/wp-content\/gallery\/koledujmy-wszyscy-wraz-2014\/thumbs\/thumbs_100_4520.jpg\"\n                    width=\"100\"\n                    height=\"75\"\n                    style=\"max-width:100%;\"\n                \/>\n            <\/a>\n        <\/div>\n\t\t\t\t\t\t\t<\/div> \n\t\t\t\n        \n\t\t\t\t<div id=\"ngg-image-1\" class=\"ngg-gallery-thumbnail-box\" >\n\t\t\t\t        <div class=\"ngg-gallery-thumbnail\">\n            <a href=\"https:\/\/dpsniemojowice.pl\/2021\/wp-content\/gallery\/koledujmy-wszyscy-wraz-2014\/100_4526.jpg\"\n               title=\"\"\n               data-src=\"https:\/\/dpsniemojowice.pl\/2021\/wp-content\/gallery\/koledujmy-wszyscy-wraz-2014\/100_4526.jpg\"\n               data-thumbnail=\"https:\/\/dpsniemojowice.pl\/2021\/wp-content\/gallery\/koledujmy-wszyscy-wraz-2014\/thumbs\/thumbs_100_4526.jpg\"\n               data-image-id=\"248\"\n               data-title=\"100_4526\"\n               data-description=\"\"\n               data-image-slug=\"100_4526\"\n               class=\"shutterset_430\">\n                <img\n                    title=\"100_4526\"\n                    alt=\"100_4526\"\n                    src=\"https:\/\/dpsniemojowice.pl\/2021\/wp-content\/gallery\/koledujmy-wszyscy-wraz-2014\/thumbs\/thumbs_100_4526.jpg\"\n                    width=\"100\"\n                    height=\"75\"\n                    style=\"max-width:100%;\"\n                \/>\n            <\/a>\n        <\/div>\n\t\t\t\t\t\t\t<\/div> \n\t\t\t\n        \n\t\t\n\t\t<!-- Pagination -->\n\t<div class='ngg-clear'><\/div>\t<\/div>\n<\/p>\n","protected":false},"excerpt":{"rendered":"<p>Ju\u017c po raz kolejny mieszka\u0144cy naszego Domu wzi\u0119li udzia\u0142 we wsp\u00f3lnym kol\u0119dowaniu zorganizowanym przez Dom Pomocy Spo\u0142ecznej \u201e Cichy Zak\u0105tek\u201d w Ko\u0144skich.\u00a0 Spotkanie odby\u0142o si\u0119 04.02.2014r. w\u00a0 SP nr 1 w Ko\u0144skich.<\/p>\n","protected":false},"author":1,"featured_media":429,"comment_status":"open","ping_status":"open","sticky":false,"template":"","format":"standard","meta":{"ngg_post_thumbnail":0},"categories":[1],"tags":[],"_links":{"self":[{"href":"https:\/\/dpsniemojowice.pl\/2021\/wp-json\/wp\/v2\/posts\/428"}],"collection":[{"href":"https:\/\/dpsniemojowice.pl\/2021\/wp-json\/wp\/v2\/posts"}],"about":[{"href":"https:\/\/dpsniemojowice.pl\/2021\/wp-json\/wp\/v2\/types\/post"}],"author":[{"embeddable":true,"href":"https:\/\/dpsniemojowice.pl\/2021\/wp-json\/wp\/v2\/users\/1"}],"replies":[{"embeddable":true,"href":"https:\/\/dpsniemojowice.pl\/2021\/wp-json\/wp\/v2\/comments?post=428"}],"version-history":[{"count":2,"href":"https:\/\/dpsniemojowice.pl\/2021\/wp-json\/wp\/v2\/posts\/428\/revisions"}],"predecessor-version":[{"id":432,"href":"https:\/\/dpsniemojowice.pl\/2021\/wp-json\/wp\/v2\/posts\/428\/revisions\/432"}],"wp:featuredmedia":[{"embeddable":true,"href":"https:\/\/dpsniemojowice.pl\/2021\/wp-json\/wp\/v2\/media\/429"}],"wp:attachment":[{"href":"https:\/\/dpsniemojowice.pl\/2021\/wp-json\/wp\/v2\/media?parent=428"}],"wp:term":[{"taxonomy":"category","embeddable":true,"href":"https:\/\/dpsniemojowice.pl\/2021\/wp-json\/wp\/v2\/categories?post=428"},{"taxonomy":"post_tag","embeddable":true,"href":"https:\/\/dpsniemojowice.pl\/2021\/wp-json\/wp\/v2\/tags?post=428"}],"curies":[{"name":"wp","href":"https:\/\/api.w.org\/{rel}","templated":true}]}}