{"id":43,"date":"2012-12-04T12:00:47","date_gmt":"2012-12-04T12:00:47","guid":{"rendered":"http:\/\/dpsniemojowice.pl\/2021\/?p=43"},"modified":"2013-03-07T12:18:08","modified_gmt":"2013-03-07T12:18:08","slug":"dps-w-niemojowicach-otwarty","status":"publish","type":"post","link":"https:\/\/dpsniemojowice.pl\/2021\/aktualnosci\/dps-w-niemojowicach-otwarty\/","title":{"rendered":"DPS w Niemojowicach otwarty"},"content":{"rendered":"<p style=\"text-align: justify;\">3 grudnia 2012 r. w Niemojowicach miejscowo\u015bci po\u0142o\u017conej w gminie \u017barn\u00f3w odby\u0142o si\u0119 uroczyste otwarcie nowo wybudowanego Domu Pomocy Spo\u0142ecznej. Zamieszkaj\u0105 w nim pensjonariusze DPS- u, kt\u00f3ry od 1952 r. mie\u015bci\u0142 si\u0119 w przepi\u0119knym Pa\u0142acu Ma\u0142achowskich w Bia\u0142aczowie. <!--more-->Panuj\u0105ce tam trudne warunki mieszkaniowe i brak przystosowania pomieszcze\u0144 dla os\u00f3b niepe\u0142nosprawnych sprawi\u0142y, \u017ce Zarz\u0105d Powiatu Opoczy\u0144skiego 7 grudnia 2008 r. podj\u0105\u0142 decyzj\u0119 o wybudowaniu nowego obiektu. Osoby starsze i niepe\u0142nosprawne s\u0105 pod szczeg\u00f3ln\u0105 opiek\u0105 w\u0142adz samorz\u0105dowych naszego powiatu, kt\u00f3re podejmuj\u0105 wiele dzia\u0142a\u0144 maj\u0105cych na celu popraw\u0119 sytuacji plac\u00f3wek, gdzie przebywaj\u0105 osoby wymagaj\u0105ce ca\u0142odobowej opieki z powodu wieku, choroby lub niepe\u0142nosprawno\u015bci nie mog\u0105ce samodzielnie funkcjonowa\u0107 w codziennym \u017cyciu. Czasami trudne i niesprzyjaj\u0105ce relacje w rodzinie powoduj\u0105, \u017ce ludzie musz\u0105 korzysta\u0107 z tego typu plac\u00f3wek.<\/p>\n<p style=\"text-align: justify;\">Na zaproszenie starosty opoczy\u0144skiego Jana Wieruszewskiego i dyrektor DPS Pani Renaty Koneckiej w tym uroczystym dniu do Niemojowic przyby\u0142o wielu go\u015bci, kt\u00f3rzy wsparli budow\u0119 i na co dzie\u0144 wsp\u00f3\u0142pracuj\u0105 z osobami niepe\u0142nosprawnymi.<\/p>\n<p style=\"text-align: justify;\">Now\u0105 siedzib\u0119 po\u015bwi\u0119ci\u0142 Ordynariusz Diecezji Radomskiej bp Henryk Tomasik, a uroczystego przeci\u0119cia wst\u0119gi dokonali mi\u0119dzy innymi: wicewojewoda \u0142\u00f3dzki Pawe\u0142 Bejda, starosta opoczy\u0144ski Jan Wieruszewski, Pose\u0142 na Sejm RP Ziemi Opoczy\u0144skiej Robert Telus oraz Renata Konecka dyrektor DPS.<\/p>\n<p style=\"text-align: justify;\">Budowa nowego obiektu w Niemojowicach jest najwi\u0119ksz\u0105 inwestycj\u0105 Powiatu Opoczy\u0144skiego, kt\u00f3ra wynios\u0142a ponad 9 mln 107 tys. z\u0142. Wi\u0119kszo\u015b\u0107 z tych pieni\u0119dzy to \u015brodki w\u0142asne starostwa. 1,5 mln z\u0142 samorz\u0105d powiatowy pozyska\u0142 z rezerwy premiera, natomiast 100 tys. na wyposa\u017cenie sali rehabilitacyjnej przekaza\u0142 Urz\u0105d Marsza\u0142kowski w \u0141odzi. W Domu Pomocy Spo\u0142ecznej w Niemojowicach mo\u017ce zamieszka\u0107 99 pensjonariuszy. Budynek ten, spe\u0142nia wszelkie standardy europejskie i jest jednym z najnowocze\u015bniejszych tego typu obiekt\u00f3w w Polsce. Mieszka\u0144cy maj\u0105 do dyspozycji pokoje 1,2 i 3 osobowe z \u0142azienkami oraz kaplic\u0119 gabinet rehabilitacyjny i pracowni\u0119 terapii zaj\u0119ciowej. Jak powiedzia\u0142 bp Henryk Tomasik \u2013 jest ogromna potrzeba budowania tego typu obiekt\u00f3w, nasze spo\u0142ecze\u0144stwo starzeje si\u0119 i odczuwamy potrzeb\u0119 otoczenia opiek\u0105 ludzi starszych, schorowanych i niepe\u0142nosprawnych. Taki dom spe\u0142nia funkcj\u0119 domu rodzinnego i jest szansa, \u017ce tutaj te osoby kt\u00f3re wymagaj\u0105 opieki znajd\u0105 dobre serce, \u017cyczliw\u0105 d\u0142o\u0144 i odpowiedni\u0105 atmosfer\u0119.<\/p>\n<p style=\"text-align: center;\"><!-- index.php -->\n<div\n\tclass=\"ngg-galleryoverview ngg-ajax-pagination-none\"\n\tid=\"ngg-gallery-841bb1eb30ede6c0556cd66f9492ce68-1\">\n\n    \t<div class=\"slideshowlink\">\n        <a href='https:\/\/dpsniemojowice.pl\/2021\/aktualnosci\/dps-w-niemojowicach-otwarty\/nggallery\/slideshow'>Pokaz slajd\u00f3w<\/a>\n\t\t\n\t<\/div>\n\t\t\t<!-- Thumbnails -->\n\t\t\t\t<div id=\"ngg-image-0\" class=\"ngg-gallery-thumbnail-box\" >\n\t\t\t\t        <div class=\"ngg-gallery-thumbnail\">\n            <a href=\"https:\/\/dpsniemojowice.pl\/2021\/wp-content\/gallery\/dps-w-niemojowicach-otwarty\/dps_niemojowice_1.jpg\"\n               title=\"\"\n               data-src=\"https:\/\/dpsniemojowice.pl\/2021\/wp-content\/gallery\/dps-w-niemojowicach-otwarty\/dps_niemojowice_1.jpg\"\n               data-thumbnail=\"https:\/\/dpsniemojowice.pl\/2021\/wp-content\/gallery\/dps-w-niemojowicach-otwarty\/thumbs\/thumbs_dps_niemojowice_1.jpg\"\n               data-image-id=\"5\"\n               data-title=\"dps_niemojowice_1\"\n               data-description=\"\"\n               data-image-slug=\"image\"\n               class=\"shutterset_841bb1eb30ede6c0556cd66f9492ce68\">\n                <img\n                    title=\"dps_niemojowice_1\"\n                    alt=\"dps_niemojowice_1\"\n                    src=\"https:\/\/dpsniemojowice.pl\/2021\/wp-content\/gallery\/dps-w-niemojowicach-otwarty\/thumbs\/thumbs_dps_niemojowice_1.jpg\"\n                    width=\"100\"\n                    height=\"75\"\n                    style=\"max-width:100%;\"\n                \/>\n            <\/a>\n        <\/div>\n\t\t\t\t\t\t\t<\/div> \n\t\t\t\n        \n\t\t\t\t<div id=\"ngg-image-1\" class=\"ngg-gallery-thumbnail-box\" >\n\t\t\t\t        <div class=\"ngg-gallery-thumbnail\">\n            <a href=\"https:\/\/dpsniemojowice.pl\/2021\/wp-content\/gallery\/dps-w-niemojowicach-otwarty\/dps_niemojowice_2.jpg\"\n               title=\"\"\n               data-src=\"https:\/\/dpsniemojowice.pl\/2021\/wp-content\/gallery\/dps-w-niemojowicach-otwarty\/dps_niemojowice_2.jpg\"\n               data-thumbnail=\"https:\/\/dpsniemojowice.pl\/2021\/wp-content\/gallery\/dps-w-niemojowicach-otwarty\/thumbs\/thumbs_dps_niemojowice_2.jpg\"\n               data-image-id=\"6\"\n               data-title=\"dps_niemojowice_2\"\n               data-description=\"\"\n               data-image-slug=\"image-2\"\n               class=\"shutterset_841bb1eb30ede6c0556cd66f9492ce68\">\n                <img\n                    title=\"dps_niemojowice_2\"\n                    alt=\"dps_niemojowice_2\"\n                    src=\"https:\/\/dpsniemojowice.pl\/2021\/wp-content\/gallery\/dps-w-niemojowicach-otwarty\/thumbs\/thumbs_dps_niemojowice_2.jpg\"\n                    width=\"100\"\n                    height=\"75\"\n                    style=\"max-width:100%;\"\n                \/>\n            <\/a>\n        <\/div>\n\t\t\t\t\t\t\t<\/div> \n\t\t\t\n        \n\t\t\t\t<div id=\"ngg-image-2\" class=\"ngg-gallery-thumbnail-box\" >\n\t\t\t\t        <div class=\"ngg-gallery-thumbnail\">\n            <a href=\"https:\/\/dpsniemojowice.pl\/2021\/wp-content\/gallery\/dps-w-niemojowicach-otwarty\/dps_niemojowice_3.jpg\"\n               title=\"\"\n               data-src=\"https:\/\/dpsniemojowice.pl\/2021\/wp-content\/gallery\/dps-w-niemojowicach-otwarty\/dps_niemojowice_3.jpg\"\n               data-thumbnail=\"https:\/\/dpsniemojowice.pl\/2021\/wp-content\/gallery\/dps-w-niemojowicach-otwarty\/thumbs\/thumbs_dps_niemojowice_3.jpg\"\n               data-image-id=\"7\"\n               data-title=\"dps_niemojowice_3\"\n               data-description=\"\"\n               data-image-slug=\"image-3\"\n               class=\"shutterset_841bb1eb30ede6c0556cd66f9492ce68\">\n                <img\n                    title=\"dps_niemojowice_3\"\n                    alt=\"dps_niemojowice_3\"\n                    src=\"https:\/\/dpsniemojowice.pl\/2021\/wp-content\/gallery\/dps-w-niemojowicach-otwarty\/thumbs\/thumbs_dps_niemojowice_3.jpg\"\n                    width=\"100\"\n                    height=\"75\"\n                    style=\"max-width:100%;\"\n                \/>\n            <\/a>\n        <\/div>\n\t\t\t\t\t\t\t<\/div> \n\t\t\t\n        \n\t\t\t\t<div id=\"ngg-image-3\" class=\"ngg-gallery-thumbnail-box\" >\n\t\t\t\t        <div class=\"ngg-gallery-thumbnail\">\n            <a href=\"https:\/\/dpsniemojowice.pl\/2021\/wp-content\/gallery\/dps-w-niemojowicach-otwarty\/dps_niemojowice_4.jpg\"\n               title=\"\"\n               data-src=\"https:\/\/dpsniemojowice.pl\/2021\/wp-content\/gallery\/dps-w-niemojowicach-otwarty\/dps_niemojowice_4.jpg\"\n               data-thumbnail=\"https:\/\/dpsniemojowice.pl\/2021\/wp-content\/gallery\/dps-w-niemojowicach-otwarty\/thumbs\/thumbs_dps_niemojowice_4.jpg\"\n               data-image-id=\"8\"\n               data-title=\"dps_niemojowice_4\"\n               data-description=\"\"\n               data-image-slug=\"image-4\"\n               class=\"shutterset_841bb1eb30ede6c0556cd66f9492ce68\">\n                <img\n                    title=\"dps_niemojowice_4\"\n                    alt=\"dps_niemojowice_4\"\n                    src=\"https:\/\/dpsniemojowice.pl\/2021\/wp-content\/gallery\/dps-w-niemojowicach-otwarty\/thumbs\/thumbs_dps_niemojowice_4.jpg\"\n                    width=\"100\"\n                    height=\"75\"\n                    style=\"max-width:100%;\"\n                \/>\n            <\/a>\n        <\/div>\n\t\t\t\t\t\t\t<\/div> \n\t\t\t\n        \n\t\t\t\t<div id=\"ngg-image-4\" class=\"ngg-gallery-thumbnail-box\" >\n\t\t\t\t        <div class=\"ngg-gallery-thumbnail\">\n            <a href=\"https:\/\/dpsniemojowice.pl\/2021\/wp-content\/gallery\/dps-w-niemojowicach-otwarty\/dsc04026.jpg\"\n               title=\"\"\n               data-src=\"https:\/\/dpsniemojowice.pl\/2021\/wp-content\/gallery\/dps-w-niemojowicach-otwarty\/dsc04026.jpg\"\n               data-thumbnail=\"https:\/\/dpsniemojowice.pl\/2021\/wp-content\/gallery\/dps-w-niemojowicach-otwarty\/thumbs\/thumbs_dsc04026.jpg\"\n               data-image-id=\"9\"\n               data-title=\"SONY DSC\"\n               data-description=\"\"\n               data-image-slug=\"dsc04026\"\n               class=\"shutterset_841bb1eb30ede6c0556cd66f9492ce68\">\n                <img\n                    title=\"SONY DSC\"\n                    alt=\"SONY DSC\"\n                    src=\"https:\/\/dpsniemojowice.pl\/2021\/wp-content\/gallery\/dps-w-niemojowicach-otwarty\/thumbs\/thumbs_dsc04026.jpg\"\n                    width=\"100\"\n                    height=\"75\"\n                    style=\"max-width:100%;\"\n                \/>\n            <\/a>\n        <\/div>\n\t\t\t\t\t\t\t<\/div> \n\t\t\t\n        \n\t\t\t\t<div id=\"ngg-image-5\" class=\"ngg-gallery-thumbnail-box\" >\n\t\t\t\t        <div class=\"ngg-gallery-thumbnail\">\n            <a href=\"https:\/\/dpsniemojowice.pl\/2021\/wp-content\/gallery\/dps-w-niemojowicach-otwarty\/dsc04113.jpg\"\n               title=\"\"\n               data-src=\"https:\/\/dpsniemojowice.pl\/2021\/wp-content\/gallery\/dps-w-niemojowicach-otwarty\/dsc04113.jpg\"\n               data-thumbnail=\"https:\/\/dpsniemojowice.pl\/2021\/wp-content\/gallery\/dps-w-niemojowicach-otwarty\/thumbs\/thumbs_dsc04113.jpg\"\n               data-image-id=\"10\"\n               data-title=\"SONY DSC\"\n               data-description=\"\"\n               data-image-slug=\"dsc04113\"\n               class=\"shutterset_841bb1eb30ede6c0556cd66f9492ce68\">\n                <img\n                    title=\"SONY DSC\"\n                    alt=\"SONY DSC\"\n                    src=\"https:\/\/dpsniemojowice.pl\/2021\/wp-content\/gallery\/dps-w-niemojowicach-otwarty\/thumbs\/thumbs_dsc04113.jpg\"\n                    width=\"100\"\n                    height=\"75\"\n                    style=\"max-width:100%;\"\n                \/>\n            <\/a>\n        <\/div>\n\t\t\t\t\t\t\t<\/div> \n\t\t\t\n        \n\t\t\t\t<div id=\"ngg-image-6\" class=\"ngg-gallery-thumbnail-box\" >\n\t\t\t\t        <div class=\"ngg-gallery-thumbnail\">\n            <a href=\"https:\/\/dpsniemojowice.pl\/2021\/wp-content\/gallery\/dps-w-niemojowicach-otwarty\/dsc04116.jpg\"\n               title=\"\"\n               data-src=\"https:\/\/dpsniemojowice.pl\/2021\/wp-content\/gallery\/dps-w-niemojowicach-otwarty\/dsc04116.jpg\"\n               data-thumbnail=\"https:\/\/dpsniemojowice.pl\/2021\/wp-content\/gallery\/dps-w-niemojowicach-otwarty\/thumbs\/thumbs_dsc04116.jpg\"\n               data-image-id=\"11\"\n               data-title=\"SONY DSC\"\n               data-description=\"\"\n               data-image-slug=\"dsc04116\"\n               class=\"shutterset_841bb1eb30ede6c0556cd66f9492ce68\">\n                <img\n                    title=\"SONY DSC\"\n                    alt=\"SONY DSC\"\n                    src=\"https:\/\/dpsniemojowice.pl\/2021\/wp-content\/gallery\/dps-w-niemojowicach-otwarty\/thumbs\/thumbs_dsc04116.jpg\"\n                    width=\"100\"\n                    height=\"75\"\n                    style=\"max-width:100%;\"\n                \/>\n            <\/a>\n        <\/div>\n\t\t\t\t\t\t\t<\/div> \n\t\t\t\n        \n\t\t\n\t\t<!-- Pagination -->\n\t<div class='ngg-clear'><\/div>\t<\/div>\n<\/p>\n","protected":false},"excerpt":{"rendered":"<p>3 grudnia 2012 r. w Niemojowicach miejscowo\u015bci po\u0142o\u017conej w gminie \u017barn\u00f3w odby\u0142o si\u0119 uroczyste otwarcie nowo wybudowanego Domu Pomocy Spo\u0142ecznej. Zamieszkaj\u0105 w nim pensjonariusze DPS- u, kt\u00f3ry od 1952 r. mie\u015bci\u0142 si\u0119 w przepi\u0119knym Pa\u0142acu Ma\u0142achowskich w Bia\u0142aczowie.<\/p>\n","protected":false},"author":1,"featured_media":83,"comment_status":"open","ping_status":"open","sticky":false,"template":"","format":"standard","meta":{"ngg_post_thumbnail":0},"categories":[1],"tags":[],"_links":{"self":[{"href":"https:\/\/dpsniemojowice.pl\/2021\/wp-json\/wp\/v2\/posts\/43"}],"collection":[{"href":"https:\/\/dpsniemojowice.pl\/2021\/wp-json\/wp\/v2\/posts"}],"about":[{"href":"https:\/\/dpsniemojowice.pl\/2021\/wp-json\/wp\/v2\/types\/post"}],"author":[{"embeddable":true,"href":"https:\/\/dpsniemojowice.pl\/2021\/wp-json\/wp\/v2\/users\/1"}],"replies":[{"embeddable":true,"href":"https:\/\/dpsniemojowice.pl\/2021\/wp-json\/wp\/v2\/comments?post=43"}],"version-history":[{"count":9,"href":"https:\/\/dpsniemojowice.pl\/2021\/wp-json\/wp\/v2\/posts\/43\/revisions"}],"predecessor-version":[{"id":49,"href":"https:\/\/dpsniemojowice.pl\/2021\/wp-json\/wp\/v2\/posts\/43\/revisions\/49"}],"wp:featuredmedia":[{"embeddable":true,"href":"https:\/\/dpsniemojowice.pl\/2021\/wp-json\/wp\/v2\/media\/83"}],"wp:attachment":[{"href":"https:\/\/dpsniemojowice.pl\/2021\/wp-json\/wp\/v2\/media?parent=43"}],"wp:term":[{"taxonomy":"category","embeddable":true,"href":"https:\/\/dpsniemojowice.pl\/2021\/wp-json\/wp\/v2\/categories?post=43"},{"taxonomy":"post_tag","embeddable":true,"href":"https:\/\/dpsniemojowice.pl\/2021\/wp-json\/wp\/v2\/tags?post=43"}],"curies":[{"name":"wp","href":"https:\/\/api.w.org\/{rel}","templated":true}]}}