{"id":456,"date":"2014-03-07T08:41:47","date_gmt":"2014-03-07T08:41:47","guid":{"rendered":"http:\/\/dpsniemojowice.pl\/2021\/?p=456"},"modified":"2014-03-08T08:45:14","modified_gmt":"2014-03-08T08:45:14","slug":"ostatki-w-domu-pomocy-spolecznej-w-niemojowicach","status":"publish","type":"post","link":"https:\/\/dpsniemojowice.pl\/2021\/aktualnosci\/ostatki-w-domu-pomocy-spolecznej-w-niemojowicach\/","title":{"rendered":"OSTATKI W DOMU POMOCY SPO\u0141ECZNEJ W NIEMOJOWICACH"},"content":{"rendered":"<p style=\"text-align: justify;\">Po\u017cegnanie z karnawa\u0142em to okazja do mi\u0142ego sp\u0119dzania czasu oraz grupowej terapii ta\u0144cem i ruchem, \u015bmiechem i \u017cartem. To czas rado\u015bci przed nadchodz\u0105cymi chwilami zadumy i spokoju. Dlatego te\u017c, korzystaj\u0105c\u00a0 z ostatniego dnia karnawa\u0142u nasi mieszka\u0144cy wraz z uczestnikami Warsztat\u00f3w Terapii Zaj\u0119ciowej z \u017barnowa<!--more--> wsp\u00f3lnie brali udzia\u0142 w\u00a0 zabawie tanecznej zorganizowanej przez Dom Pomocy Spo\u0142ecznej w Niemojowicach. \u00a0Po powitaniu go\u015bci\u00a0 i s\u0142odkim pocz\u0119stunku wszyscy przy rytmach skocznej muzyki ruszyli do ta\u0144ca. Zabawa przeplatana by\u0142a konkursami, w kt\u00f3rych ch\u0119tnie brali udzia\u0142 zar\u00f3wno mieszka\u0144cy Domu jak i zaproszeni go\u015bcie. \u00a0Po gor\u0105cym posi\u0142ku, wcze\u015bniej wybrane jury zadecydowa\u0142o kto zosta\u0142 kr\u00f3lem i kr\u00f3low\u0105 balu, bior\u0105c pod uwag\u0119 aktywno\u015b\u0107 w konkursach i umiej\u0119tno\u015bci taneczne.<\/p>\n<p>Spotkanie przebiega\u0142o w bardzo radosnej atmosferze i mamy nadziej\u0119, \u017ce wkr\u00f3tce spotkamy si\u0119 przy najbli\u017cszej okazji.<\/p>\n<p><!-- index.php -->\n<div\n\tclass=\"ngg-galleryoverview ngg-ajax-pagination-none\"\n\tid=\"ngg-gallery-464-1\">\n\n    \t<div class=\"slideshowlink\">\n        <a href='https:\/\/dpsniemojowice.pl\/2021\/aktualnosci\/ostatki-w-domu-pomocy-spolecznej-w-niemojowicach\/nggallery\/slideshow'>Pokaz slajd\u00f3w<\/a>\n\t\t\n\t<\/div>\n\t\t\t<!-- Thumbnails -->\n\t\t\t\t<div id=\"ngg-image-0\" class=\"ngg-gallery-thumbnail-box\" >\n\t\t\t\t        <div class=\"ngg-gallery-thumbnail\">\n            <a href=\"https:\/\/dpsniemojowice.pl\/2021\/wp-content\/gallery\/ostatki-w-domu-pomocy-spolecznej-w-niemojowicach\/dsc00916.jpg\"\n               title=\"\"\n               data-src=\"https:\/\/dpsniemojowice.pl\/2021\/wp-content\/gallery\/ostatki-w-domu-pomocy-spolecznej-w-niemojowicach\/dsc00916.jpg\"\n               data-thumbnail=\"https:\/\/dpsniemojowice.pl\/2021\/wp-content\/gallery\/ostatki-w-domu-pomocy-spolecznej-w-niemojowicach\/thumbs\/thumbs_dsc00916.jpg\"\n               data-image-id=\"256\"\n               data-title=\"dsc00916\"\n               data-description=\"\"\n               data-image-slug=\"dsc00916\"\n               class=\"shutterset_464\">\n                <img\n                    title=\"dsc00916\"\n                    alt=\"dsc00916\"\n                    src=\"https:\/\/dpsniemojowice.pl\/2021\/wp-content\/gallery\/ostatki-w-domu-pomocy-spolecznej-w-niemojowicach\/thumbs\/thumbs_dsc00916.jpg\"\n                    width=\"100\"\n                    height=\"75\"\n                    style=\"max-width:100%;\"\n                \/>\n            <\/a>\n        <\/div>\n\t\t\t\t\t\t\t<\/div> \n\t\t\t\n        \n\t\t\t\t<div id=\"ngg-image-1\" class=\"ngg-gallery-thumbnail-box\" >\n\t\t\t\t        <div class=\"ngg-gallery-thumbnail\">\n            <a href=\"https:\/\/dpsniemojowice.pl\/2021\/wp-content\/gallery\/ostatki-w-domu-pomocy-spolecznej-w-niemojowicach\/dsc00959.jpg\"\n               title=\"\"\n               data-src=\"https:\/\/dpsniemojowice.pl\/2021\/wp-content\/gallery\/ostatki-w-domu-pomocy-spolecznej-w-niemojowicach\/dsc00959.jpg\"\n               data-thumbnail=\"https:\/\/dpsniemojowice.pl\/2021\/wp-content\/gallery\/ostatki-w-domu-pomocy-spolecznej-w-niemojowicach\/thumbs\/thumbs_dsc00959.jpg\"\n               data-image-id=\"257\"\n               data-title=\"dsc00959\"\n               data-description=\"\"\n               data-image-slug=\"dsc00959\"\n               class=\"shutterset_464\">\n                <img\n                    title=\"dsc00959\"\n                    alt=\"dsc00959\"\n                    src=\"https:\/\/dpsniemojowice.pl\/2021\/wp-content\/gallery\/ostatki-w-domu-pomocy-spolecznej-w-niemojowicach\/thumbs\/thumbs_dsc00959.jpg\"\n                    width=\"100\"\n                    height=\"75\"\n                    style=\"max-width:100%;\"\n                \/>\n            <\/a>\n        <\/div>\n\t\t\t\t\t\t\t<\/div> \n\t\t\t\n        \n\t\t\t\t<div id=\"ngg-image-2\" class=\"ngg-gallery-thumbnail-box\" >\n\t\t\t\t        <div class=\"ngg-gallery-thumbnail\">\n            <a href=\"https:\/\/dpsniemojowice.pl\/2021\/wp-content\/gallery\/ostatki-w-domu-pomocy-spolecznej-w-niemojowicach\/dsc01034.jpg\"\n               title=\"\"\n               data-src=\"https:\/\/dpsniemojowice.pl\/2021\/wp-content\/gallery\/ostatki-w-domu-pomocy-spolecznej-w-niemojowicach\/dsc01034.jpg\"\n               data-thumbnail=\"https:\/\/dpsniemojowice.pl\/2021\/wp-content\/gallery\/ostatki-w-domu-pomocy-spolecznej-w-niemojowicach\/thumbs\/thumbs_dsc01034.jpg\"\n               data-image-id=\"258\"\n               data-title=\"dsc01034\"\n               data-description=\"\"\n               data-image-slug=\"dsc01034\"\n               class=\"shutterset_464\">\n                <img\n                    title=\"dsc01034\"\n                    alt=\"dsc01034\"\n                    src=\"https:\/\/dpsniemojowice.pl\/2021\/wp-content\/gallery\/ostatki-w-domu-pomocy-spolecznej-w-niemojowicach\/thumbs\/thumbs_dsc01034.jpg\"\n                    width=\"100\"\n                    height=\"75\"\n                    style=\"max-width:100%;\"\n                \/>\n            <\/a>\n        <\/div>\n\t\t\t\t\t\t\t<\/div> \n\t\t\t\n        \n\t\t\t\t<div id=\"ngg-image-3\" class=\"ngg-gallery-thumbnail-box\" >\n\t\t\t\t        <div class=\"ngg-gallery-thumbnail\">\n            <a href=\"https:\/\/dpsniemojowice.pl\/2021\/wp-content\/gallery\/ostatki-w-domu-pomocy-spolecznej-w-niemojowicach\/dsc01147.jpg\"\n               title=\"\"\n               data-src=\"https:\/\/dpsniemojowice.pl\/2021\/wp-content\/gallery\/ostatki-w-domu-pomocy-spolecznej-w-niemojowicach\/dsc01147.jpg\"\n               data-thumbnail=\"https:\/\/dpsniemojowice.pl\/2021\/wp-content\/gallery\/ostatki-w-domu-pomocy-spolecznej-w-niemojowicach\/thumbs\/thumbs_dsc01147.jpg\"\n               data-image-id=\"259\"\n               data-title=\"dsc01147\"\n               data-description=\"\"\n               data-image-slug=\"dsc01147\"\n               class=\"shutterset_464\">\n                <img\n                    title=\"dsc01147\"\n                    alt=\"dsc01147\"\n                    src=\"https:\/\/dpsniemojowice.pl\/2021\/wp-content\/gallery\/ostatki-w-domu-pomocy-spolecznej-w-niemojowicach\/thumbs\/thumbs_dsc01147.jpg\"\n                    width=\"100\"\n                    height=\"75\"\n                    style=\"max-width:100%;\"\n                \/>\n            <\/a>\n        <\/div>\n\t\t\t\t\t\t\t<\/div> \n\t\t\t\n        \n\t\t\t\t<div id=\"ngg-image-4\" class=\"ngg-gallery-thumbnail-box\" >\n\t\t\t\t        <div class=\"ngg-gallery-thumbnail\">\n            <a href=\"https:\/\/dpsniemojowice.pl\/2021\/wp-content\/gallery\/ostatki-w-domu-pomocy-spolecznej-w-niemojowicach\/dsc01164.jpg\"\n               title=\"\"\n               data-src=\"https:\/\/dpsniemojowice.pl\/2021\/wp-content\/gallery\/ostatki-w-domu-pomocy-spolecznej-w-niemojowicach\/dsc01164.jpg\"\n               data-thumbnail=\"https:\/\/dpsniemojowice.pl\/2021\/wp-content\/gallery\/ostatki-w-domu-pomocy-spolecznej-w-niemojowicach\/thumbs\/thumbs_dsc01164.jpg\"\n               data-image-id=\"260\"\n               data-title=\"dsc01164\"\n               data-description=\"\"\n               data-image-slug=\"dsc01164\"\n               class=\"shutterset_464\">\n                <img\n                    title=\"dsc01164\"\n                    alt=\"dsc01164\"\n                    src=\"https:\/\/dpsniemojowice.pl\/2021\/wp-content\/gallery\/ostatki-w-domu-pomocy-spolecznej-w-niemojowicach\/thumbs\/thumbs_dsc01164.jpg\"\n                    width=\"100\"\n                    height=\"75\"\n                    style=\"max-width:100%;\"\n                \/>\n            <\/a>\n        <\/div>\n\t\t\t\t\t\t\t<\/div> \n\t\t\t\n        \n\t\t\t\t<div id=\"ngg-image-5\" class=\"ngg-gallery-thumbnail-box\" >\n\t\t\t\t        <div class=\"ngg-gallery-thumbnail\">\n            <a href=\"https:\/\/dpsniemojowice.pl\/2021\/wp-content\/gallery\/ostatki-w-domu-pomocy-spolecznej-w-niemojowicach\/dsc01228.jpg\"\n               title=\"\"\n               data-src=\"https:\/\/dpsniemojowice.pl\/2021\/wp-content\/gallery\/ostatki-w-domu-pomocy-spolecznej-w-niemojowicach\/dsc01228.jpg\"\n               data-thumbnail=\"https:\/\/dpsniemojowice.pl\/2021\/wp-content\/gallery\/ostatki-w-domu-pomocy-spolecznej-w-niemojowicach\/thumbs\/thumbs_dsc01228.jpg\"\n               data-image-id=\"261\"\n               data-title=\"dsc01228\"\n               data-description=\"\"\n               data-image-slug=\"dsc01228\"\n               class=\"shutterset_464\">\n                <img\n                    title=\"dsc01228\"\n                    alt=\"dsc01228\"\n                    src=\"https:\/\/dpsniemojowice.pl\/2021\/wp-content\/gallery\/ostatki-w-domu-pomocy-spolecznej-w-niemojowicach\/thumbs\/thumbs_dsc01228.jpg\"\n                    width=\"100\"\n                    height=\"75\"\n                    style=\"max-width:100%;\"\n                \/>\n            <\/a>\n        <\/div>\n\t\t\t\t\t\t\t<\/div> \n\t\t\t\n        \n\t\t\n\t\t<!-- Pagination -->\n\t<div class='ngg-clear'><\/div>\t<\/div>\n<\/p>\n","protected":false},"excerpt":{"rendered":"<p>Po\u017cegnanie z karnawa\u0142em to okazja do mi\u0142ego sp\u0119dzania czasu oraz grupowej terapii ta\u0144cem i ruchem, \u015bmiechem i \u017cartem. To czas rado\u015bci przed nadchodz\u0105cymi chwilami zadumy i spokoju. Dlatego te\u017c, korzystaj\u0105c\u00a0 z ostatniego dnia karnawa\u0142u nasi mieszka\u0144cy wraz z uczestnikami Warsztat\u00f3w Terapii Zaj\u0119ciowej z \u017barnowa<\/p>\n","protected":false},"author":1,"featured_media":465,"comment_status":"open","ping_status":"open","sticky":false,"template":"","format":"standard","meta":{"ngg_post_thumbnail":0},"categories":[1],"tags":[],"_links":{"self":[{"href":"https:\/\/dpsniemojowice.pl\/2021\/wp-json\/wp\/v2\/posts\/456"}],"collection":[{"href":"https:\/\/dpsniemojowice.pl\/2021\/wp-json\/wp\/v2\/posts"}],"about":[{"href":"https:\/\/dpsniemojowice.pl\/2021\/wp-json\/wp\/v2\/types\/post"}],"author":[{"embeddable":true,"href":"https:\/\/dpsniemojowice.pl\/2021\/wp-json\/wp\/v2\/users\/1"}],"replies":[{"embeddable":true,"href":"https:\/\/dpsniemojowice.pl\/2021\/wp-json\/wp\/v2\/comments?post=456"}],"version-history":[{"count":2,"href":"https:\/\/dpsniemojowice.pl\/2021\/wp-json\/wp\/v2\/posts\/456\/revisions"}],"predecessor-version":[{"id":467,"href":"https:\/\/dpsniemojowice.pl\/2021\/wp-json\/wp\/v2\/posts\/456\/revisions\/467"}],"wp:featuredmedia":[{"embeddable":true,"href":"https:\/\/dpsniemojowice.pl\/2021\/wp-json\/wp\/v2\/media\/465"}],"wp:attachment":[{"href":"https:\/\/dpsniemojowice.pl\/2021\/wp-json\/wp\/v2\/media?parent=456"}],"wp:term":[{"taxonomy":"category","embeddable":true,"href":"https:\/\/dpsniemojowice.pl\/2021\/wp-json\/wp\/v2\/categories?post=456"},{"taxonomy":"post_tag","embeddable":true,"href":"https:\/\/dpsniemojowice.pl\/2021\/wp-json\/wp\/v2\/tags?post=456"}],"curies":[{"name":"wp","href":"https:\/\/api.w.org\/{rel}","templated":true}]}}