{"id":468,"date":"2014-03-10T13:32:01","date_gmt":"2014-03-10T13:32:01","guid":{"rendered":"http:\/\/dpsniemojowice.pl\/2021\/?p=468"},"modified":"2014-03-11T13:36:27","modified_gmt":"2014-03-11T13:36:27","slug":"dzien-kobiet-w-dps-w-niemojowicach","status":"publish","type":"post","link":"https:\/\/dpsniemojowice.pl\/2021\/aktualnosci\/dzien-kobiet-w-dps-w-niemojowicach\/","title":{"rendered":"DZIE\u0143 KOBIET W DPS W NIEMOJOWICACH"},"content":{"rendered":"<p style=\"text-align: justify;\">Z okazji Dnia Kobiet w Domu Pomocy Spo\u0142ecznej w Niemojowicach 10.03.2014r. odby\u0142o si\u0119 uroczyste spotkanie, w kt\u00f3rym udzia\u0142 wzi\u0119li mieszka\u0144cy Domu oraz m\u0142odzie\u017c i wychowawcy \u00a0z Gimnazjum w \u017barnowie.<\/p>\n<p style=\"text-align: justify;\">Imprez\u0119 rozpocz\u0119\u0142a Dyrektor Domu Pomocy Spo\u0142ecznej w Niemojowicach Pani Renata Konecka witaj\u0105c przyby\u0142ych go\u015bci.\u00a0<!--more--> Nast\u0119pnie m\u0142odzie\u017c zaprezentowa\u0142a\u00a0 program s\u0142owno \u2013 muzyczny zwi\u0105zany ze \u015bwi\u0119tem Kobiet, bogaty w znane utwory muzyczne, a tak\u017ce poezj\u0119. Przedstawili r\u00f3wnie\u017c zabawny skecz, kt\u00f3ry rozweseli\u0142 naszych mieszka\u0144c\u00f3w. Po s\u0142odkim pocz\u0119stunku instruktorzy terapii zaj\u0119ciowej poprowadzili gry i zabawy sportowe. Mieszka\u0144cy naszego Domu, jak r\u00f3wnie\u017c m\u0142odzie\u017c gimnazjalna ch\u0119tnie w\u0142\u0105czyli si\u0119 do wsp\u00f3lnej zabawy. Tego typu spotkania integracyjne przynosz\u0105 obop\u00f3lne korzy\u015bci. Daj\u0105 rado\u015b\u0107 i wzruszenia dla mieszka\u0144c\u00f3w, natomiast m\u0142odzie\u017c ma mo\u017cliwo\u015b\u0107 wspiera\u0107 osoby potrzebuj\u0105ce swoj\u0105 pomoc\u0105.<\/p>\n<p style=\"text-align: justify;\">M\u0142odzie\u017cy\u00a0 oraz ich opiekunom serdecznie dzi\u0119kujemy za kolejny wspania\u0142y wyst\u0119p i zapraszamy do dalszej wsp\u00f3\u0142pracy.<\/p>\n<p style=\"text-align: justify;\"><!-- index.php -->\n<div\n\tclass=\"ngg-galleryoverview ngg-ajax-pagination-none\"\n\tid=\"ngg-gallery-473-1\">\n\n    \t<div class=\"slideshowlink\">\n        <a href='https:\/\/dpsniemojowice.pl\/2021\/aktualnosci\/dzien-kobiet-w-dps-w-niemojowicach\/nggallery\/slideshow'>Pokaz slajd\u00f3w<\/a>\n\t\t\n\t<\/div>\n\t\t\t<!-- Thumbnails -->\n\t\t\t\t<div id=\"ngg-image-0\" class=\"ngg-gallery-thumbnail-box\" >\n\t\t\t\t        <div class=\"ngg-gallery-thumbnail\">\n            <a href=\"https:\/\/dpsniemojowice.pl\/2021\/wp-content\/gallery\/dzien-kobiet-w-dps-w-niemojowicach\/dsc01279.jpg\"\n               title=\"\"\n               data-src=\"https:\/\/dpsniemojowice.pl\/2021\/wp-content\/gallery\/dzien-kobiet-w-dps-w-niemojowicach\/dsc01279.jpg\"\n               data-thumbnail=\"https:\/\/dpsniemojowice.pl\/2021\/wp-content\/gallery\/dzien-kobiet-w-dps-w-niemojowicach\/thumbs\/thumbs_dsc01279.jpg\"\n               data-image-id=\"262\"\n               data-title=\"dsc01279\"\n               data-description=\"\"\n               data-image-slug=\"dsc01279\"\n               class=\"shutterset_473\">\n                <img\n                    title=\"dsc01279\"\n                    alt=\"dsc01279\"\n                    src=\"https:\/\/dpsniemojowice.pl\/2021\/wp-content\/gallery\/dzien-kobiet-w-dps-w-niemojowicach\/thumbs\/thumbs_dsc01279.jpg\"\n                    width=\"100\"\n                    height=\"75\"\n                    style=\"max-width:100%;\"\n                \/>\n            <\/a>\n        <\/div>\n\t\t\t\t\t\t\t<\/div> \n\t\t\t\n        \n\t\t\t\t<div id=\"ngg-image-1\" class=\"ngg-gallery-thumbnail-box\" >\n\t\t\t\t        <div class=\"ngg-gallery-thumbnail\">\n            <a href=\"https:\/\/dpsniemojowice.pl\/2021\/wp-content\/gallery\/dzien-kobiet-w-dps-w-niemojowicach\/dsc01283.jpg\"\n               title=\"\"\n               data-src=\"https:\/\/dpsniemojowice.pl\/2021\/wp-content\/gallery\/dzien-kobiet-w-dps-w-niemojowicach\/dsc01283.jpg\"\n               data-thumbnail=\"https:\/\/dpsniemojowice.pl\/2021\/wp-content\/gallery\/dzien-kobiet-w-dps-w-niemojowicach\/thumbs\/thumbs_dsc01283.jpg\"\n               data-image-id=\"263\"\n               data-title=\"dsc01283\"\n               data-description=\"\"\n               data-image-slug=\"dsc01283\"\n               class=\"shutterset_473\">\n                <img\n                    title=\"dsc01283\"\n                    alt=\"dsc01283\"\n                    src=\"https:\/\/dpsniemojowice.pl\/2021\/wp-content\/gallery\/dzien-kobiet-w-dps-w-niemojowicach\/thumbs\/thumbs_dsc01283.jpg\"\n                    width=\"100\"\n                    height=\"75\"\n                    style=\"max-width:100%;\"\n                \/>\n            <\/a>\n        <\/div>\n\t\t\t\t\t\t\t<\/div> \n\t\t\t\n        \n\t\t\t\t<div id=\"ngg-image-2\" class=\"ngg-gallery-thumbnail-box\" >\n\t\t\t\t        <div class=\"ngg-gallery-thumbnail\">\n            <a href=\"https:\/\/dpsniemojowice.pl\/2021\/wp-content\/gallery\/dzien-kobiet-w-dps-w-niemojowicach\/dsc01336.jpg\"\n               title=\"\"\n               data-src=\"https:\/\/dpsniemojowice.pl\/2021\/wp-content\/gallery\/dzien-kobiet-w-dps-w-niemojowicach\/dsc01336.jpg\"\n               data-thumbnail=\"https:\/\/dpsniemojowice.pl\/2021\/wp-content\/gallery\/dzien-kobiet-w-dps-w-niemojowicach\/thumbs\/thumbs_dsc01336.jpg\"\n               data-image-id=\"264\"\n               data-title=\"dsc01336\"\n               data-description=\"\"\n               data-image-slug=\"dsc01336\"\n               class=\"shutterset_473\">\n                <img\n                    title=\"dsc01336\"\n                    alt=\"dsc01336\"\n                    src=\"https:\/\/dpsniemojowice.pl\/2021\/wp-content\/gallery\/dzien-kobiet-w-dps-w-niemojowicach\/thumbs\/thumbs_dsc01336.jpg\"\n                    width=\"100\"\n                    height=\"75\"\n                    style=\"max-width:100%;\"\n                \/>\n            <\/a>\n        <\/div>\n\t\t\t\t\t\t\t<\/div> \n\t\t\t\n        \n\t\t\n\t\t<!-- Pagination -->\n\t<div class='ngg-clear'><\/div>\t<\/div>\n<\/p>\n","protected":false},"excerpt":{"rendered":"<p>Z okazji Dnia Kobiet w Domu Pomocy Spo\u0142ecznej w Niemojowicach 10.03.2014r. odby\u0142o si\u0119 uroczyste spotkanie, w kt\u00f3rym udzia\u0142 wzi\u0119li mieszka\u0144cy Domu oraz m\u0142odzie\u017c i wychowawcy \u00a0z Gimnazjum w \u017barnowie. Imprez\u0119 rozpocz\u0119\u0142a Dyrektor Domu Pomocy Spo\u0142ecznej w Niemojowicach Pani Renata Konecka witaj\u0105c przyby\u0142ych go\u015bci.\u00a0<\/p>\n","protected":false},"author":1,"featured_media":476,"comment_status":"open","ping_status":"open","sticky":false,"template":"","format":"standard","meta":{"ngg_post_thumbnail":0},"categories":[1],"tags":[],"_links":{"self":[{"href":"https:\/\/dpsniemojowice.pl\/2021\/wp-json\/wp\/v2\/posts\/468"}],"collection":[{"href":"https:\/\/dpsniemojowice.pl\/2021\/wp-json\/wp\/v2\/posts"}],"about":[{"href":"https:\/\/dpsniemojowice.pl\/2021\/wp-json\/wp\/v2\/types\/post"}],"author":[{"embeddable":true,"href":"https:\/\/dpsniemojowice.pl\/2021\/wp-json\/wp\/v2\/users\/1"}],"replies":[{"embeddable":true,"href":"https:\/\/dpsniemojowice.pl\/2021\/wp-json\/wp\/v2\/comments?post=468"}],"version-history":[{"count":3,"href":"https:\/\/dpsniemojowice.pl\/2021\/wp-json\/wp\/v2\/posts\/468\/revisions"}],"predecessor-version":[{"id":477,"href":"https:\/\/dpsniemojowice.pl\/2021\/wp-json\/wp\/v2\/posts\/468\/revisions\/477"}],"wp:featuredmedia":[{"embeddable":true,"href":"https:\/\/dpsniemojowice.pl\/2021\/wp-json\/wp\/v2\/media\/476"}],"wp:attachment":[{"href":"https:\/\/dpsniemojowice.pl\/2021\/wp-json\/wp\/v2\/media?parent=468"}],"wp:term":[{"taxonomy":"category","embeddable":true,"href":"https:\/\/dpsniemojowice.pl\/2021\/wp-json\/wp\/v2\/categories?post=468"},{"taxonomy":"post_tag","embeddable":true,"href":"https:\/\/dpsniemojowice.pl\/2021\/wp-json\/wp\/v2\/tags?post=468"}],"curies":[{"name":"wp","href":"https:\/\/api.w.org\/{rel}","templated":true}]}}