{"id":497,"date":"2014-04-05T06:25:52","date_gmt":"2014-04-05T06:25:52","guid":{"rendered":"http:\/\/dpsniemojowice.pl\/2021\/?p=497"},"modified":"2014-04-11T06:28:08","modified_gmt":"2014-04-11T06:28:08","slug":"wielkopostny-dzien-osob-chorych-i-niepelnosprawnych-mroczkow-goscinny-2014-r","status":"publish","type":"post","link":"https:\/\/dpsniemojowice.pl\/2021\/aktualnosci\/wielkopostny-dzien-osob-chorych-i-niepelnosprawnych-mroczkow-goscinny-2014-r\/","title":{"rendered":"WIELKOPOSTNY DZIE\u0143 OS\u00d3B CHORYCH I NIEPE\u0141NOSPRAWNYCH MROCZK\u00d3W GO\u015aCINNY 2014 r."},"content":{"rendered":"<p style=\"text-align: justify;\">W dniu 05.04.2014r. w Mroczkowie Go\u015bcinnym odby\u0142 si\u0119 Wielkopostny Dzie\u0144 Skupienia Os\u00f3b Chorych i Niepe\u0142nosprawnych. Nie zabrak\u0142o na nim tak\u017ce mieszka\u0144c\u00f3w naszego Domu. <!--more-->Podczas Mszy \u015aw., kt\u00f3r\u0105 koncelebrowa\u0142 ks. Mazur, wszystkie intencje skierowane by\u0142y do Mi\u0142osierdzia Bo\u017cego za wstawiennictwem \u015awi\u0119tej Siostry Faustyny obecnej w tutejszej parafii w postaci relikwii. Chorzy przyj\u0119li sakrament namaszczenia chorych, nie\u015bli Dary sk\u0142adane na r\u0119ce kap\u0142ana. Uczestniczyli tak\u017ce w koronce do Mi\u0142osierdzia Bo\u017cego. Na koniec wszyscy oddali cze\u015b\u0107 \u015awi\u0119tej Faustynie ca\u0142uj\u0105c jej relikwie.<\/p>\n<p>Bogatsi o duchowe doznania z nadziej\u0105 w sercach mieszka\u0144cy powr\u00f3cili do Domu.<\/p>\n<p><!-- index.php -->\n<div\n\tclass=\"ngg-galleryoverview ngg-ajax-pagination-none\"\n\tid=\"ngg-gallery-502-1\">\n\n    \t<div class=\"slideshowlink\">\n        <a href='https:\/\/dpsniemojowice.pl\/2021\/aktualnosci\/wielkopostny-dzien-osob-chorych-i-niepelnosprawnych-mroczkow-goscinny-2014-r\/nggallery\/slideshow'>Pokaz slajd\u00f3w<\/a>\n\t\t\n\t<\/div>\n\t\t\t<!-- Thumbnails -->\n\t\t\t\t<div id=\"ngg-image-0\" class=\"ngg-gallery-thumbnail-box\" >\n\t\t\t\t        <div class=\"ngg-gallery-thumbnail\">\n            <a href=\"https:\/\/dpsniemojowice.pl\/2021\/wp-content\/gallery\/wielkopostny-dzien-osob-chorych-i-niepelnosprawnych-mroczkow-goscinny-2014r\/dsc01458.jpg\"\n               title=\"\"\n               data-src=\"https:\/\/dpsniemojowice.pl\/2021\/wp-content\/gallery\/wielkopostny-dzien-osob-chorych-i-niepelnosprawnych-mroczkow-goscinny-2014r\/dsc01458.jpg\"\n               data-thumbnail=\"https:\/\/dpsniemojowice.pl\/2021\/wp-content\/gallery\/wielkopostny-dzien-osob-chorych-i-niepelnosprawnych-mroczkow-goscinny-2014r\/thumbs\/thumbs_dsc01458.jpg\"\n               data-image-id=\"270\"\n               data-title=\"dsc01458\"\n               data-description=\"\"\n               data-image-slug=\"dsc01458\"\n               class=\"shutterset_502\">\n                <img\n                    title=\"dsc01458\"\n                    alt=\"dsc01458\"\n                    src=\"https:\/\/dpsniemojowice.pl\/2021\/wp-content\/gallery\/wielkopostny-dzien-osob-chorych-i-niepelnosprawnych-mroczkow-goscinny-2014r\/thumbs\/thumbs_dsc01458.jpg\"\n                    width=\"100\"\n                    height=\"75\"\n                    style=\"max-width:100%;\"\n                \/>\n            <\/a>\n        <\/div>\n\t\t\t\t\t\t\t<\/div> \n\t\t\t\n        \n\t\t\t\t<div id=\"ngg-image-1\" class=\"ngg-gallery-thumbnail-box\" >\n\t\t\t\t        <div class=\"ngg-gallery-thumbnail\">\n            <a href=\"https:\/\/dpsniemojowice.pl\/2021\/wp-content\/gallery\/wielkopostny-dzien-osob-chorych-i-niepelnosprawnych-mroczkow-goscinny-2014r\/dsc01472.jpg\"\n               title=\"\"\n               data-src=\"https:\/\/dpsniemojowice.pl\/2021\/wp-content\/gallery\/wielkopostny-dzien-osob-chorych-i-niepelnosprawnych-mroczkow-goscinny-2014r\/dsc01472.jpg\"\n               data-thumbnail=\"https:\/\/dpsniemojowice.pl\/2021\/wp-content\/gallery\/wielkopostny-dzien-osob-chorych-i-niepelnosprawnych-mroczkow-goscinny-2014r\/thumbs\/thumbs_dsc01472.jpg\"\n               data-image-id=\"271\"\n               data-title=\"dsc01472\"\n               data-description=\"\"\n               data-image-slug=\"dsc01472\"\n               class=\"shutterset_502\">\n                <img\n                    title=\"dsc01472\"\n                    alt=\"dsc01472\"\n                    src=\"https:\/\/dpsniemojowice.pl\/2021\/wp-content\/gallery\/wielkopostny-dzien-osob-chorych-i-niepelnosprawnych-mroczkow-goscinny-2014r\/thumbs\/thumbs_dsc01472.jpg\"\n                    width=\"100\"\n                    height=\"75\"\n                    style=\"max-width:100%;\"\n                \/>\n            <\/a>\n        <\/div>\n\t\t\t\t\t\t\t<\/div> \n\t\t\t\n        \n\t\t\t\t<div id=\"ngg-image-2\" class=\"ngg-gallery-thumbnail-box\" >\n\t\t\t\t        <div class=\"ngg-gallery-thumbnail\">\n            <a href=\"https:\/\/dpsniemojowice.pl\/2021\/wp-content\/gallery\/wielkopostny-dzien-osob-chorych-i-niepelnosprawnych-mroczkow-goscinny-2014r\/dsc01520.jpg\"\n               title=\"\"\n               data-src=\"https:\/\/dpsniemojowice.pl\/2021\/wp-content\/gallery\/wielkopostny-dzien-osob-chorych-i-niepelnosprawnych-mroczkow-goscinny-2014r\/dsc01520.jpg\"\n               data-thumbnail=\"https:\/\/dpsniemojowice.pl\/2021\/wp-content\/gallery\/wielkopostny-dzien-osob-chorych-i-niepelnosprawnych-mroczkow-goscinny-2014r\/thumbs\/thumbs_dsc01520.jpg\"\n               data-image-id=\"272\"\n               data-title=\"dsc01520\"\n               data-description=\"\"\n               data-image-slug=\"dsc01520\"\n               class=\"shutterset_502\">\n                <img\n                    title=\"dsc01520\"\n                    alt=\"dsc01520\"\n                    src=\"https:\/\/dpsniemojowice.pl\/2021\/wp-content\/gallery\/wielkopostny-dzien-osob-chorych-i-niepelnosprawnych-mroczkow-goscinny-2014r\/thumbs\/thumbs_dsc01520.jpg\"\n                    width=\"100\"\n                    height=\"75\"\n                    style=\"max-width:100%;\"\n                \/>\n            <\/a>\n        <\/div>\n\t\t\t\t\t\t\t<\/div> \n\t\t\t\n        \n\t\t\n\t\t<!-- Pagination -->\n\t<div class='ngg-clear'><\/div>\t<\/div>\n<\/p>\n","protected":false},"excerpt":{"rendered":"<p>W dniu 05.04.2014r. w Mroczkowie Go\u015bcinnym odby\u0142 si\u0119 Wielkopostny Dzie\u0144 Skupienia Os\u00f3b Chorych i Niepe\u0142nosprawnych. Nie zabrak\u0142o na nim tak\u017ce mieszka\u0144c\u00f3w naszego Domu.<\/p>\n","protected":false},"author":1,"featured_media":504,"comment_status":"open","ping_status":"open","sticky":false,"template":"","format":"standard","meta":{"ngg_post_thumbnail":0},"categories":[1],"tags":[],"_links":{"self":[{"href":"https:\/\/dpsniemojowice.pl\/2021\/wp-json\/wp\/v2\/posts\/497"}],"collection":[{"href":"https:\/\/dpsniemojowice.pl\/2021\/wp-json\/wp\/v2\/posts"}],"about":[{"href":"https:\/\/dpsniemojowice.pl\/2021\/wp-json\/wp\/v2\/types\/post"}],"author":[{"embeddable":true,"href":"https:\/\/dpsniemojowice.pl\/2021\/wp-json\/wp\/v2\/users\/1"}],"replies":[{"embeddable":true,"href":"https:\/\/dpsniemojowice.pl\/2021\/wp-json\/wp\/v2\/comments?post=497"}],"version-history":[{"count":2,"href":"https:\/\/dpsniemojowice.pl\/2021\/wp-json\/wp\/v2\/posts\/497\/revisions"}],"predecessor-version":[{"id":505,"href":"https:\/\/dpsniemojowice.pl\/2021\/wp-json\/wp\/v2\/posts\/497\/revisions\/505"}],"wp:featuredmedia":[{"embeddable":true,"href":"https:\/\/dpsniemojowice.pl\/2021\/wp-json\/wp\/v2\/media\/504"}],"wp:attachment":[{"href":"https:\/\/dpsniemojowice.pl\/2021\/wp-json\/wp\/v2\/media?parent=497"}],"wp:term":[{"taxonomy":"category","embeddable":true,"href":"https:\/\/dpsniemojowice.pl\/2021\/wp-json\/wp\/v2\/categories?post=497"},{"taxonomy":"post_tag","embeddable":true,"href":"https:\/\/dpsniemojowice.pl\/2021\/wp-json\/wp\/v2\/tags?post=497"}],"curies":[{"name":"wp","href":"https:\/\/api.w.org\/{rel}","templated":true}]}}