{"id":506,"date":"2014-04-14T07:07:39","date_gmt":"2014-04-14T07:07:39","guid":{"rendered":"http:\/\/dpsniemojowice.pl\/2021\/?p=506"},"modified":"2014-04-16T07:12:57","modified_gmt":"2014-04-16T07:12:57","slug":"uroczyste-poswiecenie-nowego-samochodu","status":"publish","type":"post","link":"https:\/\/dpsniemojowice.pl\/2021\/aktualnosci\/uroczyste-poswiecenie-nowego-samochodu\/","title":{"rendered":"UROCZYSTE PO\u015aWI\u0118CENIE NOWEGO SAMOCHODU"},"content":{"rendered":"<p style=\"text-align: justify;\">Dnia 14 kwietnia 2014r. w naszym Domu odby\u0142o si\u0119 uroczyste po\u015bwi\u0119cenie \u00a0nowego \u00a0samochodu marki VOLKSWAGEN CARAWELLE. <!--more-->Swoj\u0105 obecno\u015bci\u0105 uroczysto\u015b\u0107 u\u015bwietni\u0142y nast\u0119puj\u0105ce osoby:<\/p>\n<p>&#8211; Pan Pose\u0142 na Sejm RP \u2013 Pan Robert Telus<br \/>\n&#8211; Dyrektor Biura Poselskiego Pani Pose\u0142 El\u017cbiety Radziszewskiej \u2013 Pani Aneta Kowalska<br \/>\n&#8211; Dyrektor Oddzia\u0142u PFRON w \u0141odzi \u2013 Pan W\u0142adys\u0142aw Skwarka<br \/>\n&#8211; Przewodnicz\u0105cy Rady Powiatu w Opocznie \u2013 Pan Andrzej Kopania<br \/>\n&#8211; Starosta Powiatu Opoczy\u0144skiego \u2013 Pan Marek Ksyta<br \/>\n&#8211; Wice starosta Powiatu Opoczy\u0144skiego &#8211; Pan J\u00f3zef R\u00f3g<br \/>\n&#8211; W\u00f3jt Gminy \u017barn\u00f3w \u2013 Pan Krzysztof Nawrocki<br \/>\n&#8211; Sekretarz Gminy \u017barn\u00f3w &#8211; Pan Bogdan Kubiszewski<br \/>\n&#8211; Skarbnik Powiatu Opoczy\u0144skiego \u2013 Pani Anna S\u0142oniewska<br \/>\n&#8211; Sekretarz Powiatu Opoczy\u0144skiego \u2013 Pani Gra\u017cyna Wielgus<br \/>\n&#8211; Dyrektor Domu Pomocy Spo\u0142ecznej w Drzewicy \u2013 Pan Krzysztof Wylon<br \/>\n&#8211; Pracownik Powiatowego Centrum Pomocy Rodzinie w Opocznie \u2013 Pani Barbara Karasi\u0144ska<br \/>\n&#8211; Kierownik O\u015brodka Pomocy Spo\u0142ecznej w \u017barnowie \u2013 Pani Ma\u0142gorzata Pietruszka<br \/>\n&#8211; Kapelan Domu \u2013 ksi\u0105dz Jan Dere\u0144<\/p>\n<p style=\"text-align: justify;\">Spotkanie rozpocz\u0119\u0142a Dyrektor Domu Pomocy Spo\u0142ecznej w Niemojowicach Pani Renata Konecka. W wyst\u0105pieniu podzi\u0119kowa\u0142a Dyrektorowi Oddzia\u0142u PFRON w \u0141odzi Panu W\u0142adys\u0142awowi Skwarka, jak r\u00f3wnie\u017c Staro\u015bcie Powiatu Opoczy\u0144skiego Panu Markowi Ksycie za podj\u0119cie decyzji o sfinansowaniu zakupu samochodu dostosowanego do potrzeb os\u00f3b niepe\u0142nosprawnych. Ca\u0142kowity koszt realizacji projektu wyni\u00f3s\u0142 169.800,00 z\u0142 z czego przyznane \u015brodki PFRON w wysoko\u015bci 80.000,00 z\u0142 i \u015brodki w\u0142asne powiatu opoczy\u0144skiego \u2013 w wysoko\u015bci 89.800,00 z\u0142. \u00a0Obecnie w naszym Domu przebywa 78 os\u00f3b, w tym ok. 30 os\u00f3b porusza si\u0119 za pomoc\u0105 w\u00f3zk\u00f3w inwalidzkich i nowy samoch\u00f3d w du\u017cym stopniu u\u0142atwi funkcjonowanie tych os\u00f3b oraz domu.\u00a0 Zwi\u0119kszy mo\u017cliwo\u015b\u0107 dowozu \u00a0mieszka\u0144c\u00f3w do r\u00f3\u017cnych instytucji, jak: Starostwo Powiatowe w Opocznie, Szpital, Przychodnie specjalistyczne, S\u0105d. Podczas spotkania g\u0142os zabrali r\u00f3wnie\u017c: \u00a0Dyrektor Oddzia\u0142u PFRON w \u0141odzi Pan W\u0142adys\u0142aw Skwarka, Starosta Powiatu Opoczy\u0144skiego Pan Marek Ksyta oraz Pose\u0142 na Sejm RP Pan Robert Telus.<\/p>\n<p style=\"text-align: justify;\">Osoby uczestnicz\u0105ce w spotkaniu obejrza\u0142y kr\u00f3tki program artystyczny pt. \u201eW Ogrodzie\u201d przygotowany \u00a0przez\u00a0 mieszka\u0144c\u00f3w Domu, pod okiem instruktor\u00f3w terapii zaj\u0119ciowej \u2013 Pani Anny D\u0105browskiej i Pani Marzeny Sosnowskiej.<\/p>\n<p>Z okazji zbli\u017caj\u0105cych si\u0119 \u015awi\u0105t Wielkanocnych wszyscy sk\u0142adali sobie \u015bwi\u0105teczne \u017cyczenia.<\/p>\n<p><!-- index.php -->\n<div\n\tclass=\"ngg-galleryoverview ngg-ajax-pagination-none\"\n\tid=\"ngg-gallery-515-1\">\n\n    \t<div class=\"slideshowlink\">\n        <a href='https:\/\/dpsniemojowice.pl\/2021\/aktualnosci\/uroczyste-poswiecenie-nowego-samochodu\/nggallery\/slideshow'>Pokaz slajd\u00f3w<\/a>\n\t\t\n\t<\/div>\n\t\t\t<!-- Thumbnails -->\n\t\t\t\t<div id=\"ngg-image-0\" class=\"ngg-gallery-thumbnail-box\" >\n\t\t\t\t        <div class=\"ngg-gallery-thumbnail\">\n            <a href=\"https:\/\/dpsniemojowice.pl\/2021\/wp-content\/gallery\/uroczyste-poswiecenie-nowego-samochodu\/dsc01545.jpg\"\n               title=\"\"\n               data-src=\"https:\/\/dpsniemojowice.pl\/2021\/wp-content\/gallery\/uroczyste-poswiecenie-nowego-samochodu\/dsc01545.jpg\"\n               data-thumbnail=\"https:\/\/dpsniemojowice.pl\/2021\/wp-content\/gallery\/uroczyste-poswiecenie-nowego-samochodu\/thumbs\/thumbs_dsc01545.jpg\"\n               data-image-id=\"273\"\n               data-title=\"dsc01545\"\n               data-description=\"\"\n               data-image-slug=\"dsc01545\"\n               class=\"shutterset_515\">\n                <img\n                    title=\"dsc01545\"\n                    alt=\"dsc01545\"\n                    src=\"https:\/\/dpsniemojowice.pl\/2021\/wp-content\/gallery\/uroczyste-poswiecenie-nowego-samochodu\/thumbs\/thumbs_dsc01545.jpg\"\n                    width=\"100\"\n                    height=\"75\"\n                    style=\"max-width:100%;\"\n                \/>\n            <\/a>\n        <\/div>\n\t\t\t\t\t\t\t<\/div> \n\t\t\t\n        \n\t\t\t\t<div id=\"ngg-image-1\" class=\"ngg-gallery-thumbnail-box\" >\n\t\t\t\t        <div class=\"ngg-gallery-thumbnail\">\n            <a href=\"https:\/\/dpsniemojowice.pl\/2021\/wp-content\/gallery\/uroczyste-poswiecenie-nowego-samochodu\/dsc01561.jpg\"\n               title=\"\"\n               data-src=\"https:\/\/dpsniemojowice.pl\/2021\/wp-content\/gallery\/uroczyste-poswiecenie-nowego-samochodu\/dsc01561.jpg\"\n               data-thumbnail=\"https:\/\/dpsniemojowice.pl\/2021\/wp-content\/gallery\/uroczyste-poswiecenie-nowego-samochodu\/thumbs\/thumbs_dsc01561.jpg\"\n               data-image-id=\"274\"\n               data-title=\"dsc01561\"\n               data-description=\"\"\n               data-image-slug=\"dsc01561\"\n               class=\"shutterset_515\">\n                <img\n                    title=\"dsc01561\"\n                    alt=\"dsc01561\"\n                    src=\"https:\/\/dpsniemojowice.pl\/2021\/wp-content\/gallery\/uroczyste-poswiecenie-nowego-samochodu\/thumbs\/thumbs_dsc01561.jpg\"\n                    width=\"100\"\n                    height=\"75\"\n                    style=\"max-width:100%;\"\n                \/>\n            <\/a>\n        <\/div>\n\t\t\t\t\t\t\t<\/div> \n\t\t\t\n        \n\t\t\t\t<div id=\"ngg-image-2\" class=\"ngg-gallery-thumbnail-box\" >\n\t\t\t\t        <div class=\"ngg-gallery-thumbnail\">\n            <a href=\"https:\/\/dpsniemojowice.pl\/2021\/wp-content\/gallery\/uroczyste-poswiecenie-nowego-samochodu\/dsc01597.jpg\"\n               title=\"\"\n               data-src=\"https:\/\/dpsniemojowice.pl\/2021\/wp-content\/gallery\/uroczyste-poswiecenie-nowego-samochodu\/dsc01597.jpg\"\n               data-thumbnail=\"https:\/\/dpsniemojowice.pl\/2021\/wp-content\/gallery\/uroczyste-poswiecenie-nowego-samochodu\/thumbs\/thumbs_dsc01597.jpg\"\n               data-image-id=\"275\"\n               data-title=\"dsc01597\"\n               data-description=\"\"\n               data-image-slug=\"dsc01597\"\n               class=\"shutterset_515\">\n                <img\n                    title=\"dsc01597\"\n                    alt=\"dsc01597\"\n                    src=\"https:\/\/dpsniemojowice.pl\/2021\/wp-content\/gallery\/uroczyste-poswiecenie-nowego-samochodu\/thumbs\/thumbs_dsc01597.jpg\"\n                    width=\"100\"\n                    height=\"75\"\n                    style=\"max-width:100%;\"\n                \/>\n            <\/a>\n        <\/div>\n\t\t\t\t\t\t\t<\/div> \n\t\t\t\n        \n\t\t\t\t<div id=\"ngg-image-3\" class=\"ngg-gallery-thumbnail-box\" >\n\t\t\t\t        <div class=\"ngg-gallery-thumbnail\">\n            <a href=\"https:\/\/dpsniemojowice.pl\/2021\/wp-content\/gallery\/uroczyste-poswiecenie-nowego-samochodu\/dsc01618.jpg\"\n               title=\"\"\n               data-src=\"https:\/\/dpsniemojowice.pl\/2021\/wp-content\/gallery\/uroczyste-poswiecenie-nowego-samochodu\/dsc01618.jpg\"\n               data-thumbnail=\"https:\/\/dpsniemojowice.pl\/2021\/wp-content\/gallery\/uroczyste-poswiecenie-nowego-samochodu\/thumbs\/thumbs_dsc01618.jpg\"\n               data-image-id=\"276\"\n               data-title=\"dsc01618\"\n               data-description=\"\"\n               data-image-slug=\"dsc01618\"\n               class=\"shutterset_515\">\n                <img\n                    title=\"dsc01618\"\n                    alt=\"dsc01618\"\n                    src=\"https:\/\/dpsniemojowice.pl\/2021\/wp-content\/gallery\/uroczyste-poswiecenie-nowego-samochodu\/thumbs\/thumbs_dsc01618.jpg\"\n                    width=\"100\"\n                    height=\"75\"\n                    style=\"max-width:100%;\"\n                \/>\n            <\/a>\n        <\/div>\n\t\t\t\t\t\t\t<\/div> \n\t\t\t\n        \n\t\t\t\t<div id=\"ngg-image-4\" class=\"ngg-gallery-thumbnail-box\" >\n\t\t\t\t        <div class=\"ngg-gallery-thumbnail\">\n            <a href=\"https:\/\/dpsniemojowice.pl\/2021\/wp-content\/gallery\/uroczyste-poswiecenie-nowego-samochodu\/dsc01619.jpg\"\n               title=\"\"\n               data-src=\"https:\/\/dpsniemojowice.pl\/2021\/wp-content\/gallery\/uroczyste-poswiecenie-nowego-samochodu\/dsc01619.jpg\"\n               data-thumbnail=\"https:\/\/dpsniemojowice.pl\/2021\/wp-content\/gallery\/uroczyste-poswiecenie-nowego-samochodu\/thumbs\/thumbs_dsc01619.jpg\"\n               data-image-id=\"277\"\n               data-title=\"dsc01619\"\n               data-description=\"\"\n               data-image-slug=\"dsc01619\"\n               class=\"shutterset_515\">\n                <img\n                    title=\"dsc01619\"\n                    alt=\"dsc01619\"\n                    src=\"https:\/\/dpsniemojowice.pl\/2021\/wp-content\/gallery\/uroczyste-poswiecenie-nowego-samochodu\/thumbs\/thumbs_dsc01619.jpg\"\n                    width=\"100\"\n                    height=\"75\"\n                    style=\"max-width:100%;\"\n                \/>\n            <\/a>\n        <\/div>\n\t\t\t\t\t\t\t<\/div> \n\t\t\t\n        \n\t\t\t\t<div id=\"ngg-image-5\" class=\"ngg-gallery-thumbnail-box\" >\n\t\t\t\t        <div class=\"ngg-gallery-thumbnail\">\n            <a href=\"https:\/\/dpsniemojowice.pl\/2021\/wp-content\/gallery\/uroczyste-poswiecenie-nowego-samochodu\/dsc01679.jpg\"\n               title=\"\"\n               data-src=\"https:\/\/dpsniemojowice.pl\/2021\/wp-content\/gallery\/uroczyste-poswiecenie-nowego-samochodu\/dsc01679.jpg\"\n               data-thumbnail=\"https:\/\/dpsniemojowice.pl\/2021\/wp-content\/gallery\/uroczyste-poswiecenie-nowego-samochodu\/thumbs\/thumbs_dsc01679.jpg\"\n               data-image-id=\"278\"\n               data-title=\"dsc01679\"\n               data-description=\"\"\n               data-image-slug=\"dsc01679\"\n               class=\"shutterset_515\">\n                <img\n                    title=\"dsc01679\"\n                    alt=\"dsc01679\"\n                    src=\"https:\/\/dpsniemojowice.pl\/2021\/wp-content\/gallery\/uroczyste-poswiecenie-nowego-samochodu\/thumbs\/thumbs_dsc01679.jpg\"\n                    width=\"100\"\n                    height=\"75\"\n                    style=\"max-width:100%;\"\n                \/>\n            <\/a>\n        <\/div>\n\t\t\t\t\t\t\t<\/div> \n\t\t\t\n        \n\t\t\n\t\t<!-- Pagination -->\n\t<div class='ngg-clear'><\/div>\t<\/div>\n<\/p>\n","protected":false},"excerpt":{"rendered":"<p>Dnia 14 kwietnia 2014r. w naszym Domu odby\u0142o si\u0119 uroczyste po\u015bwi\u0119cenie \u00a0nowego \u00a0samochodu marki VOLKSWAGEN CARAWELLE.<\/p>\n","protected":false},"author":1,"featured_media":514,"comment_status":"open","ping_status":"open","sticky":false,"template":"","format":"standard","meta":{"ngg_post_thumbnail":0},"categories":[1],"tags":[],"_links":{"self":[{"href":"https:\/\/dpsniemojowice.pl\/2021\/wp-json\/wp\/v2\/posts\/506"}],"collection":[{"href":"https:\/\/dpsniemojowice.pl\/2021\/wp-json\/wp\/v2\/posts"}],"about":[{"href":"https:\/\/dpsniemojowice.pl\/2021\/wp-json\/wp\/v2\/types\/post"}],"author":[{"embeddable":true,"href":"https:\/\/dpsniemojowice.pl\/2021\/wp-json\/wp\/v2\/users\/1"}],"replies":[{"embeddable":true,"href":"https:\/\/dpsniemojowice.pl\/2021\/wp-json\/wp\/v2\/comments?post=506"}],"version-history":[{"count":4,"href":"https:\/\/dpsniemojowice.pl\/2021\/wp-json\/wp\/v2\/posts\/506\/revisions"}],"predecessor-version":[{"id":519,"href":"https:\/\/dpsniemojowice.pl\/2021\/wp-json\/wp\/v2\/posts\/506\/revisions\/519"}],"wp:featuredmedia":[{"embeddable":true,"href":"https:\/\/dpsniemojowice.pl\/2021\/wp-json\/wp\/v2\/media\/514"}],"wp:attachment":[{"href":"https:\/\/dpsniemojowice.pl\/2021\/wp-json\/wp\/v2\/media?parent=506"}],"wp:term":[{"taxonomy":"category","embeddable":true,"href":"https:\/\/dpsniemojowice.pl\/2021\/wp-json\/wp\/v2\/categories?post=506"},{"taxonomy":"post_tag","embeddable":true,"href":"https:\/\/dpsniemojowice.pl\/2021\/wp-json\/wp\/v2\/tags?post=506"}],"curies":[{"name":"wp","href":"https:\/\/api.w.org\/{rel}","templated":true}]}}