{"id":534,"date":"2014-04-29T20:25:04","date_gmt":"2014-04-29T20:25:04","guid":{"rendered":"http:\/\/dpsniemojowice.pl\/2021\/?p=534"},"modified":"2014-04-30T20:27:12","modified_gmt":"2014-04-30T20:27:12","slug":"wystep-mlodziezy-z-gimnazjum-w-bialaczowie","status":"publish","type":"post","link":"https:\/\/dpsniemojowice.pl\/2021\/aktualnosci\/wystep-mlodziezy-z-gimnazjum-w-bialaczowie\/","title":{"rendered":"WYST\u0118P M\u0141ODZIE\u017bY Z GIMNAZJUM W BIA\u0141ACZOWIE"},"content":{"rendered":"<p style=\"text-align: justify;\">W dniu 29.04.2014r. nasz Dom odwiedzi\u0142a grupa m\u0142odzie\u017cy z programem artystycznym zwi\u0105zanym tematycznie z osob\u0105 \u015bwi\u0119tego Jana Paw\u0142a II. Znalaz\u0142y si\u0119 w nim wiersze o kanonizowanym papie\u017cu Polaku oraz pie\u015bni . Wykorzystano mi\u0119dzy innymi\u00a0 utwory z \u201ePsa\u0142terza wrze\u015bniowego\u201d Piotra Rubika : \u201eQuo vadis\u201d, \u00a0\u201eStrumie\u0144\u201d.<!--more--><\/p>\n<p style=\"text-align: justify;\">M\u0142odzie\u017c przypomnia\u0142a \u017cyciorys Karola Wojty\u0142y, od dzieci\u0144stwa przez szko\u0142\u0119, kap\u0142a\u0144stwo i papiestwo oraz wspomnia\u0142a o mi\u0142o\u015bci papie\u017ca do m\u0142odzie\u017cy. Podkre\u015bli\u0142a, \u017ce ju\u017c w dniu \u015bmierci Ojca \u015awi\u0119tego wierni okrzykn\u0119li Go \u015bwi\u0119tym.<\/p>\n<p style=\"text-align: justify;\">Dzi\u0119kujemy za pami\u0119\u0107 o naszych mieszka\u0144cach i zapraszamy do dalszej wsp\u00f3\u0142pracy.<\/p>\n<p style=\"text-align: justify;\"><!-- index.php -->\n<div\n\tclass=\"ngg-galleryoverview ngg-ajax-pagination-none\"\n\tid=\"ngg-gallery-538-1\">\n\n    \t<div class=\"slideshowlink\">\n        <a href='https:\/\/dpsniemojowice.pl\/2021\/aktualnosci\/wystep-mlodziezy-z-gimnazjum-w-bialaczowie\/nggallery\/slideshow'>Pokaz slajd\u00f3w<\/a>\n\t\t\n\t<\/div>\n\t\t\t<!-- Thumbnails -->\n\t\t\t\t<div id=\"ngg-image-0\" class=\"ngg-gallery-thumbnail-box\" >\n\t\t\t\t        <div class=\"ngg-gallery-thumbnail\">\n            <a href=\"https:\/\/dpsniemojowice.pl\/2021\/wp-content\/gallery\/wystep-mlodziezy-z-gimnazjum-w-bialaczowie\/dsc01712.jpg\"\n               title=\"\"\n               data-src=\"https:\/\/dpsniemojowice.pl\/2021\/wp-content\/gallery\/wystep-mlodziezy-z-gimnazjum-w-bialaczowie\/dsc01712.jpg\"\n               data-thumbnail=\"https:\/\/dpsniemojowice.pl\/2021\/wp-content\/gallery\/wystep-mlodziezy-z-gimnazjum-w-bialaczowie\/thumbs\/thumbs_dsc01712.jpg\"\n               data-image-id=\"280\"\n               data-title=\"dsc01712\"\n               data-description=\"\"\n               data-image-slug=\"dsc01712\"\n               class=\"shutterset_538\">\n                <img\n                    title=\"dsc01712\"\n                    alt=\"dsc01712\"\n                    src=\"https:\/\/dpsniemojowice.pl\/2021\/wp-content\/gallery\/wystep-mlodziezy-z-gimnazjum-w-bialaczowie\/thumbs\/thumbs_dsc01712.jpg\"\n                    width=\"100\"\n                    height=\"75\"\n                    style=\"max-width:100%;\"\n                \/>\n            <\/a>\n        <\/div>\n\t\t\t\t\t\t\t<\/div> \n\t\t\t\n        \n\t\t\t\t<div id=\"ngg-image-1\" class=\"ngg-gallery-thumbnail-box\" >\n\t\t\t\t        <div class=\"ngg-gallery-thumbnail\">\n            <a href=\"https:\/\/dpsniemojowice.pl\/2021\/wp-content\/gallery\/wystep-mlodziezy-z-gimnazjum-w-bialaczowie\/dsc01751.jpg\"\n               title=\"\"\n               data-src=\"https:\/\/dpsniemojowice.pl\/2021\/wp-content\/gallery\/wystep-mlodziezy-z-gimnazjum-w-bialaczowie\/dsc01751.jpg\"\n               data-thumbnail=\"https:\/\/dpsniemojowice.pl\/2021\/wp-content\/gallery\/wystep-mlodziezy-z-gimnazjum-w-bialaczowie\/thumbs\/thumbs_dsc01751.jpg\"\n               data-image-id=\"281\"\n               data-title=\"dsc01751\"\n               data-description=\"\"\n               data-image-slug=\"dsc01751\"\n               class=\"shutterset_538\">\n                <img\n                    title=\"dsc01751\"\n                    alt=\"dsc01751\"\n                    src=\"https:\/\/dpsniemojowice.pl\/2021\/wp-content\/gallery\/wystep-mlodziezy-z-gimnazjum-w-bialaczowie\/thumbs\/thumbs_dsc01751.jpg\"\n                    width=\"100\"\n                    height=\"75\"\n                    style=\"max-width:100%;\"\n                \/>\n            <\/a>\n        <\/div>\n\t\t\t\t\t\t\t<\/div> \n\t\t\t\n        \n\t\t\n\t\t<!-- Pagination -->\n\t<div class='ngg-clear'><\/div>\t<\/div>\n<\/p>\n","protected":false},"excerpt":{"rendered":"<p>W dniu 29.04.2014r. nasz Dom odwiedzi\u0142a grupa m\u0142odzie\u017cy z programem artystycznym zwi\u0105zanym tematycznie z osob\u0105 \u015bwi\u0119tego Jana Paw\u0142a II. Znalaz\u0142y si\u0119 w nim wiersze o kanonizowanym papie\u017cu Polaku oraz pie\u015bni . Wykorzystano mi\u0119dzy innymi\u00a0 utwory z \u201ePsa\u0142terza wrze\u015bniowego\u201d Piotra Rubika : \u201eQuo vadis\u201d, \u00a0\u201eStrumie\u0144\u201d.<\/p>\n","protected":false},"author":1,"featured_media":539,"comment_status":"open","ping_status":"open","sticky":false,"template":"","format":"standard","meta":{"ngg_post_thumbnail":0},"categories":[1],"tags":[],"_links":{"self":[{"href":"https:\/\/dpsniemojowice.pl\/2021\/wp-json\/wp\/v2\/posts\/534"}],"collection":[{"href":"https:\/\/dpsniemojowice.pl\/2021\/wp-json\/wp\/v2\/posts"}],"about":[{"href":"https:\/\/dpsniemojowice.pl\/2021\/wp-json\/wp\/v2\/types\/post"}],"author":[{"embeddable":true,"href":"https:\/\/dpsniemojowice.pl\/2021\/wp-json\/wp\/v2\/users\/1"}],"replies":[{"embeddable":true,"href":"https:\/\/dpsniemojowice.pl\/2021\/wp-json\/wp\/v2\/comments?post=534"}],"version-history":[{"count":2,"href":"https:\/\/dpsniemojowice.pl\/2021\/wp-json\/wp\/v2\/posts\/534\/revisions"}],"predecessor-version":[{"id":541,"href":"https:\/\/dpsniemojowice.pl\/2021\/wp-json\/wp\/v2\/posts\/534\/revisions\/541"}],"wp:featuredmedia":[{"embeddable":true,"href":"https:\/\/dpsniemojowice.pl\/2021\/wp-json\/wp\/v2\/media\/539"}],"wp:attachment":[{"href":"https:\/\/dpsniemojowice.pl\/2021\/wp-json\/wp\/v2\/media?parent=534"}],"wp:term":[{"taxonomy":"category","embeddable":true,"href":"https:\/\/dpsniemojowice.pl\/2021\/wp-json\/wp\/v2\/categories?post=534"},{"taxonomy":"post_tag","embeddable":true,"href":"https:\/\/dpsniemojowice.pl\/2021\/wp-json\/wp\/v2\/tags?post=534"}],"curies":[{"name":"wp","href":"https:\/\/api.w.org\/{rel}","templated":true}]}}