{"id":547,"date":"2014-05-14T08:06:23","date_gmt":"2014-05-14T08:06:23","guid":{"rendered":"http:\/\/dpsniemojowice.pl\/2021\/?p=547"},"modified":"2014-05-16T08:07:58","modified_gmt":"2014-05-16T08:07:58","slug":"powiatowy-dzien-godnosci-osob-niepelnosprawnych","status":"publish","type":"post","link":"https:\/\/dpsniemojowice.pl\/2021\/aktualnosci\/powiatowy-dzien-godnosci-osob-niepelnosprawnych\/","title":{"rendered":"POWIATOWY DZIE\u0143 GODNO\u015aCI OS\u00d3B NIEPE\u0141NOSPRAWNYCH"},"content":{"rendered":"<p style=\"text-align: justify;\">W dniu 13.05.2014r. w Opocznie odby\u0142o si\u0119 VI Spotkanie \u015arodowisk Os\u00f3b Niepe\u0142nosprawnych Powiatu Opoczy\u0144skiego. Uroczysto\u015b\u0107 rozpocz\u0119\u0142a si\u0119 msz\u0105 \u015bw. w kolegiacie \u015bw. Bart\u0142omieja w Opocznie odprawionej w intencji os\u00f3b chorych i niepe\u0142nosprawnych oraz ich opiekun\u00f3w. <!--more-->Dalsza cz\u0119\u015b\u0107 spotkania odby\u0142a si\u0119 w Miejskim Domu Kultury w Opocznie, gdzie nast\u0105pi\u0142 przegl\u0105d dorobku artystycznego \u015brodowisk os\u00f3b niepe\u0142nosprawnych dzia\u0142aj\u0105cych na terenie powiatu opoczy\u0144skiego. Program artystyczny przygotowali \u00a0podopieczni: \u00a0Warsztat\u00f3w Terapii Zaj\u0119ciowej z Opoczna, \u017barnowa i Drzewicy, uczniowie Szko\u0142y Specjalnej w Opocznie oraz\u00a0 uczestnicy \u015arodowiskowego Domu Samopomocy w Opocznie i w Olszowcu. Na scenie zaprezentowali si\u0119 tak\u017ce mieszka\u0144cy naszego Domu, kt\u00f3rzy przedstawili kr\u00f3tki program s\u0142owno \u2013 muzyczny pt. \u201eW ogrodzie\u201d. Wspania\u0142a atmosfera udzieli\u0142a si\u0119 nie tylko wyst\u0119puj\u0105cym, ale tak\u017ce wszystkim przyby\u0142ym go\u015bciom. Swoj\u0105 obecno\u015bci\u0105 zaszczycili m.in. Pose\u0142 na Sejm RP \u2013 Pan Robert Telus, Dyrektor Regionalnego Centrum Polityki Spo\u0142ecznej w \u0141odzi Pani Anna Mroczek, w\u0142adze powiatu opoczy\u0144skiego, przedstawiciele gmin powiatu opoczy\u0144skiego oraz jednostek pomocowych \u015brodowisk os\u00f3b niepe\u0142nosprawnych.<\/p>\n<p style=\"text-align: justify;\">Po zaprezentowaniu swoich umiej\u0119tno\u015bci artystycznych wszyscy udali si\u0119 na pocz\u0119stunek.<\/p>\n<p style=\"text-align: justify;\"><!-- index.php -->\n<div\n\tclass=\"ngg-galleryoverview ngg-ajax-pagination-none\"\n\tid=\"ngg-gallery-552-1\">\n\n    \t<div class=\"slideshowlink\">\n        <a href='https:\/\/dpsniemojowice.pl\/2021\/aktualnosci\/powiatowy-dzien-godnosci-osob-niepelnosprawnych\/nggallery\/slideshow'>Pokaz slajd\u00f3w<\/a>\n\t\t\n\t<\/div>\n\t\t\t<!-- Thumbnails -->\n\t\t\t\t<div id=\"ngg-image-0\" class=\"ngg-gallery-thumbnail-box\" >\n\t\t\t\t        <div class=\"ngg-gallery-thumbnail\">\n            <a href=\"https:\/\/dpsniemojowice.pl\/2021\/wp-content\/gallery\/powiatowy-dzien-godnosci-osob-niepelnosprawnych\/dsc01774.jpg\"\n               title=\"\"\n               data-src=\"https:\/\/dpsniemojowice.pl\/2021\/wp-content\/gallery\/powiatowy-dzien-godnosci-osob-niepelnosprawnych\/dsc01774.jpg\"\n               data-thumbnail=\"https:\/\/dpsniemojowice.pl\/2021\/wp-content\/gallery\/powiatowy-dzien-godnosci-osob-niepelnosprawnych\/thumbs\/thumbs_dsc01774.jpg\"\n               data-image-id=\"282\"\n               data-title=\"dsc01774\"\n               data-description=\"\"\n               data-image-slug=\"dsc01774\"\n               class=\"shutterset_552\">\n                <img\n                    title=\"dsc01774\"\n                    alt=\"dsc01774\"\n                    src=\"https:\/\/dpsniemojowice.pl\/2021\/wp-content\/gallery\/powiatowy-dzien-godnosci-osob-niepelnosprawnych\/thumbs\/thumbs_dsc01774.jpg\"\n                    width=\"100\"\n                    height=\"75\"\n                    style=\"max-width:100%;\"\n                \/>\n            <\/a>\n        <\/div>\n\t\t\t\t\t\t\t<\/div> \n\t\t\t\n        \n\t\t\t\t<div id=\"ngg-image-1\" class=\"ngg-gallery-thumbnail-box\" >\n\t\t\t\t        <div class=\"ngg-gallery-thumbnail\">\n            <a href=\"https:\/\/dpsniemojowice.pl\/2021\/wp-content\/gallery\/powiatowy-dzien-godnosci-osob-niepelnosprawnych\/dsc01778.jpg\"\n               title=\"\"\n               data-src=\"https:\/\/dpsniemojowice.pl\/2021\/wp-content\/gallery\/powiatowy-dzien-godnosci-osob-niepelnosprawnych\/dsc01778.jpg\"\n               data-thumbnail=\"https:\/\/dpsniemojowice.pl\/2021\/wp-content\/gallery\/powiatowy-dzien-godnosci-osob-niepelnosprawnych\/thumbs\/thumbs_dsc01778.jpg\"\n               data-image-id=\"283\"\n               data-title=\"dsc01778\"\n               data-description=\"\"\n               data-image-slug=\"dsc01778\"\n               class=\"shutterset_552\">\n                <img\n                    title=\"dsc01778\"\n                    alt=\"dsc01778\"\n                    src=\"https:\/\/dpsniemojowice.pl\/2021\/wp-content\/gallery\/powiatowy-dzien-godnosci-osob-niepelnosprawnych\/thumbs\/thumbs_dsc01778.jpg\"\n                    width=\"100\"\n                    height=\"75\"\n                    style=\"max-width:100%;\"\n                \/>\n            <\/a>\n        <\/div>\n\t\t\t\t\t\t\t<\/div> \n\t\t\t\n        \n\t\t\t\t<div id=\"ngg-image-2\" class=\"ngg-gallery-thumbnail-box\" >\n\t\t\t\t        <div class=\"ngg-gallery-thumbnail\">\n            <a href=\"https:\/\/dpsniemojowice.pl\/2021\/wp-content\/gallery\/powiatowy-dzien-godnosci-osob-niepelnosprawnych\/dsc01848.jpg\"\n               title=\"\"\n               data-src=\"https:\/\/dpsniemojowice.pl\/2021\/wp-content\/gallery\/powiatowy-dzien-godnosci-osob-niepelnosprawnych\/dsc01848.jpg\"\n               data-thumbnail=\"https:\/\/dpsniemojowice.pl\/2021\/wp-content\/gallery\/powiatowy-dzien-godnosci-osob-niepelnosprawnych\/thumbs\/thumbs_dsc01848.jpg\"\n               data-image-id=\"284\"\n               data-title=\"dsc01848\"\n               data-description=\"\"\n               data-image-slug=\"dsc01848\"\n               class=\"shutterset_552\">\n                <img\n                    title=\"dsc01848\"\n                    alt=\"dsc01848\"\n                    src=\"https:\/\/dpsniemojowice.pl\/2021\/wp-content\/gallery\/powiatowy-dzien-godnosci-osob-niepelnosprawnych\/thumbs\/thumbs_dsc01848.jpg\"\n                    width=\"100\"\n                    height=\"75\"\n                    style=\"max-width:100%;\"\n                \/>\n            <\/a>\n        <\/div>\n\t\t\t\t\t\t\t<\/div> \n\t\t\t\n        \n\t\t\t\t<div id=\"ngg-image-3\" class=\"ngg-gallery-thumbnail-box\" >\n\t\t\t\t        <div class=\"ngg-gallery-thumbnail\">\n            <a href=\"https:\/\/dpsniemojowice.pl\/2021\/wp-content\/gallery\/powiatowy-dzien-godnosci-osob-niepelnosprawnych\/dsc01861.jpg\"\n               title=\"\"\n               data-src=\"https:\/\/dpsniemojowice.pl\/2021\/wp-content\/gallery\/powiatowy-dzien-godnosci-osob-niepelnosprawnych\/dsc01861.jpg\"\n               data-thumbnail=\"https:\/\/dpsniemojowice.pl\/2021\/wp-content\/gallery\/powiatowy-dzien-godnosci-osob-niepelnosprawnych\/thumbs\/thumbs_dsc01861.jpg\"\n               data-image-id=\"285\"\n               data-title=\"dsc01861\"\n               data-description=\"\"\n               data-image-slug=\"dsc01861\"\n               class=\"shutterset_552\">\n                <img\n                    title=\"dsc01861\"\n                    alt=\"dsc01861\"\n                    src=\"https:\/\/dpsniemojowice.pl\/2021\/wp-content\/gallery\/powiatowy-dzien-godnosci-osob-niepelnosprawnych\/thumbs\/thumbs_dsc01861.jpg\"\n                    width=\"100\"\n                    height=\"75\"\n                    style=\"max-width:100%;\"\n                \/>\n            <\/a>\n        <\/div>\n\t\t\t\t\t\t\t<\/div> \n\t\t\t\n        \n\t\t\t\t<div id=\"ngg-image-4\" class=\"ngg-gallery-thumbnail-box\" >\n\t\t\t\t        <div class=\"ngg-gallery-thumbnail\">\n            <a href=\"https:\/\/dpsniemojowice.pl\/2021\/wp-content\/gallery\/powiatowy-dzien-godnosci-osob-niepelnosprawnych\/dsc01883.jpg\"\n               title=\"\"\n               data-src=\"https:\/\/dpsniemojowice.pl\/2021\/wp-content\/gallery\/powiatowy-dzien-godnosci-osob-niepelnosprawnych\/dsc01883.jpg\"\n               data-thumbnail=\"https:\/\/dpsniemojowice.pl\/2021\/wp-content\/gallery\/powiatowy-dzien-godnosci-osob-niepelnosprawnych\/thumbs\/thumbs_dsc01883.jpg\"\n               data-image-id=\"286\"\n               data-title=\"dsc01883\"\n               data-description=\"\"\n               data-image-slug=\"dsc01883\"\n               class=\"shutterset_552\">\n                <img\n                    title=\"dsc01883\"\n                    alt=\"dsc01883\"\n                    src=\"https:\/\/dpsniemojowice.pl\/2021\/wp-content\/gallery\/powiatowy-dzien-godnosci-osob-niepelnosprawnych\/thumbs\/thumbs_dsc01883.jpg\"\n                    width=\"100\"\n                    height=\"75\"\n                    style=\"max-width:100%;\"\n                \/>\n            <\/a>\n        <\/div>\n\t\t\t\t\t\t\t<\/div> \n\t\t\t\n        \n\t\t\t\t<div id=\"ngg-image-5\" class=\"ngg-gallery-thumbnail-box\" >\n\t\t\t\t        <div class=\"ngg-gallery-thumbnail\">\n            <a href=\"https:\/\/dpsniemojowice.pl\/2021\/wp-content\/gallery\/powiatowy-dzien-godnosci-osob-niepelnosprawnych\/dsc01902.jpg\"\n               title=\"\"\n               data-src=\"https:\/\/dpsniemojowice.pl\/2021\/wp-content\/gallery\/powiatowy-dzien-godnosci-osob-niepelnosprawnych\/dsc01902.jpg\"\n               data-thumbnail=\"https:\/\/dpsniemojowice.pl\/2021\/wp-content\/gallery\/powiatowy-dzien-godnosci-osob-niepelnosprawnych\/thumbs\/thumbs_dsc01902.jpg\"\n               data-image-id=\"287\"\n               data-title=\"dsc01902\"\n               data-description=\"\"\n               data-image-slug=\"dsc01902\"\n               class=\"shutterset_552\">\n                <img\n                    title=\"dsc01902\"\n                    alt=\"dsc01902\"\n                    src=\"https:\/\/dpsniemojowice.pl\/2021\/wp-content\/gallery\/powiatowy-dzien-godnosci-osob-niepelnosprawnych\/thumbs\/thumbs_dsc01902.jpg\"\n                    width=\"100\"\n                    height=\"75\"\n                    style=\"max-width:100%;\"\n                \/>\n            <\/a>\n        <\/div>\n\t\t\t\t\t\t\t<\/div> \n\t\t\t\n        \n\t\t\n\t\t<!-- Pagination -->\n\t<div class='ngg-clear'><\/div>\t<\/div>\n<\/p>\n","protected":false},"excerpt":{"rendered":"<p>W dniu 13.05.2014r. w Opocznie odby\u0142o si\u0119 VI Spotkanie \u015arodowisk Os\u00f3b Niepe\u0142nosprawnych Powiatu Opoczy\u0144skiego. Uroczysto\u015b\u0107 rozpocz\u0119\u0142a si\u0119 msz\u0105 \u015bw. w kolegiacie \u015bw. Bart\u0142omieja w Opocznie odprawionej w intencji os\u00f3b chorych i niepe\u0142nosprawnych oraz ich opiekun\u00f3w.<\/p>\n","protected":false},"author":1,"featured_media":553,"comment_status":"open","ping_status":"open","sticky":false,"template":"","format":"standard","meta":{"ngg_post_thumbnail":0},"categories":[1],"tags":[],"_links":{"self":[{"href":"https:\/\/dpsniemojowice.pl\/2021\/wp-json\/wp\/v2\/posts\/547"}],"collection":[{"href":"https:\/\/dpsniemojowice.pl\/2021\/wp-json\/wp\/v2\/posts"}],"about":[{"href":"https:\/\/dpsniemojowice.pl\/2021\/wp-json\/wp\/v2\/types\/post"}],"author":[{"embeddable":true,"href":"https:\/\/dpsniemojowice.pl\/2021\/wp-json\/wp\/v2\/users\/1"}],"replies":[{"embeddable":true,"href":"https:\/\/dpsniemojowice.pl\/2021\/wp-json\/wp\/v2\/comments?post=547"}],"version-history":[{"count":2,"href":"https:\/\/dpsniemojowice.pl\/2021\/wp-json\/wp\/v2\/posts\/547\/revisions"}],"predecessor-version":[{"id":555,"href":"https:\/\/dpsniemojowice.pl\/2021\/wp-json\/wp\/v2\/posts\/547\/revisions\/555"}],"wp:featuredmedia":[{"embeddable":true,"href":"https:\/\/dpsniemojowice.pl\/2021\/wp-json\/wp\/v2\/media\/553"}],"wp:attachment":[{"href":"https:\/\/dpsniemojowice.pl\/2021\/wp-json\/wp\/v2\/media?parent=547"}],"wp:term":[{"taxonomy":"category","embeddable":true,"href":"https:\/\/dpsniemojowice.pl\/2021\/wp-json\/wp\/v2\/categories?post=547"},{"taxonomy":"post_tag","embeddable":true,"href":"https:\/\/dpsniemojowice.pl\/2021\/wp-json\/wp\/v2\/tags?post=547"}],"curies":[{"name":"wp","href":"https:\/\/api.w.org\/{rel}","templated":true}]}}