{"id":58,"date":"2012-12-24T23:08:26","date_gmt":"2012-12-24T23:08:26","guid":{"rendered":"http:\/\/dpsniemojowice.pl\/2021\/?p=58"},"modified":"2013-03-07T11:58:58","modified_gmt":"2013-03-07T11:58:58","slug":"oplatek-w-dps-w-niemojowicach","status":"publish","type":"post","link":"https:\/\/dpsniemojowice.pl\/2021\/aktualnosci\/oplatek-w-dps-w-niemojowicach\/","title":{"rendered":"Op\u0142atek w DPS w Niemojowicach"},"content":{"rendered":"<p style=\"text-align: justify;\">Dnia 24 grudnia 2012r. w blasku choinki w Domu Pomocy Spo\u0142ecznej w Niemojowicach odby\u0142a si\u0119 uroczysta Wigilia z udzia\u0142em zaproszonych go\u015bci: Wicestarosty Pana Marcina Baranowskiego, W\u00f3jta Gminy \u017barn\u00f3w Pana Krzysztofa Nawrockiego, Kierownika Gminnego O\u015brodka Pomocy Spo\u0142ecznej w \u017barnowie Pani Ma\u0142gorzaty Pietruszki oraz ksi\u0119\u017cy: Jana Derenia &#8211; proboszcza parafii \u017barn\u00f3w<!--more-->, Henryka W\u00f3jcika- proboszcza parafii Bia\u0142acz\u00f3w wraz z ksi\u0119dzem seniorem Hieronimem Sier\u017cysko.<\/p>\n<p><center>            \n\t\t<div class=\"ngg-gallery-singlepic-image \" style=\"max-width: 360px\">\n\t\t\t    \t<a href=\"https:\/\/dpsniemojowice.pl\/2021\/wp-content\/gallery\/oplatek-w-domu-pomocy-spolecznej\/pc240528.jpg\"\n\t\t     title=\"\"\n             data-src=\"https:\/\/dpsniemojowice.pl\/2021\/wp-content\/gallery\/oplatek-w-domu-pomocy-spolecznej\/pc240528.jpg\"\n             data-thumbnail=\"https:\/\/dpsniemojowice.pl\/2021\/wp-content\/gallery\/oplatek-w-domu-pomocy-spolecznej\/thumbs\/thumbs_pc240528.jpg\"\n             data-image-id=\"13\"\n             data-title=\"OLYMPUS DIGITAL CAMERA\"\n             data-description=\"\"\n             target='_self'\n             class=\"shutterset_1859ae54bfbc090eeac1df054b6282eb\">\n            <img class=\"ngg-singlepic\"\n             src=\"https:\/\/dpsniemojowice.pl\/2021\/wp-content\/gallery\/oplatek-w-domu-pomocy-spolecznej\/cache\/pc240528-nggid0213-ngg0dyn-360x280x100-00f0w010c010r110f110r010t010.jpg\"\n             alt=\"OLYMPUS DIGITAL CAMERA\"\n             title=\"OLYMPUS DIGITAL CAMERA\"\n              width=\"360\"               \/>\n    \t<\/a>\n\t\t      <\/div>\n        <\/center><\/p>\n<p style=\"text-align: justify;\">By\u0142a to pierwsza Wigilia w nowej siedzibie Domu. Po przywitaniu przyby\u0142ych go\u015bci przez pani\u0105 Dyrektor Renat\u0119 Koneck\u0105 g\u0142os zabra\u0142 Wicestarosta Pan Marcin Baranowski oraz W\u00f3jt Gminy \u017barn\u00f3w Pan Krzysztof Nawrocki. Ksi\u0105dz Jan Dere\u0144 pob\u0142ogos\u0142awi\u0142 op\u0142atek oraz odm\u00f3wi\u0142 modlitw\u0119. Przy d\u017awi\u0119kach kol\u0119d mieszka\u0144cy, pracownicy oraz go\u015bcie \u0142amali si\u0119 op\u0142atkiem i sk\u0142adali sobie \u017cyczenia. Dyrektor Domu oraz Wicestarosta pami\u0119taj\u0105c o tych mieszka\u0144cach, kt\u00f3rych stan zdrowia nie pozwoli\u0142 na wsp\u00f3lne \u015bwi\u0119towanie odwiedzili ich w pokojach \u0142ami\u0105c si\u0119 op\u0142atkiem. Zgodnie z tradycj\u0105 wszyscy spo\u017cyli kolacj\u0119 wigilijn\u0105, po kt\u00f3rej rozpocz\u0119li wsp\u00f3lne kol\u0119dowanie.<\/p>\n<p style=\"text-align: center;\"><!-- index.php -->\n<div\n\tclass=\"ngg-galleryoverview ngg-ajax-pagination-none\"\n\tid=\"ngg-gallery-fb98af9b66f58c6ebb20d6edf7257b91-1\">\n\n    \t<div class=\"slideshowlink\">\n        <a href='https:\/\/dpsniemojowice.pl\/2021\/aktualnosci\/oplatek-w-dps-w-niemojowicach\/nggallery\/slideshow'>Pokaz slajd\u00f3w<\/a>\n\t\t\n\t<\/div>\n\t\t\t<!-- Thumbnails -->\n\t\t\t\t<div id=\"ngg-image-0\" class=\"ngg-gallery-thumbnail-box\" >\n\t\t\t\t        <div class=\"ngg-gallery-thumbnail\">\n            <a href=\"https:\/\/dpsniemojowice.pl\/2021\/wp-content\/gallery\/oplatek-w-domu-pomocy-spolecznej\/pc240528.jpg\"\n               title=\"\"\n               data-src=\"https:\/\/dpsniemojowice.pl\/2021\/wp-content\/gallery\/oplatek-w-domu-pomocy-spolecznej\/pc240528.jpg\"\n               data-thumbnail=\"https:\/\/dpsniemojowice.pl\/2021\/wp-content\/gallery\/oplatek-w-domu-pomocy-spolecznej\/thumbs\/thumbs_pc240528.jpg\"\n               data-image-id=\"13\"\n               data-title=\"OLYMPUS DIGITAL CAMERA\"\n               data-description=\"\"\n               data-image-slug=\"pc240528\"\n               class=\"shutterset_fb98af9b66f58c6ebb20d6edf7257b91\">\n                <img\n                    title=\"OLYMPUS DIGITAL CAMERA\"\n                    alt=\"OLYMPUS DIGITAL CAMERA\"\n                    src=\"https:\/\/dpsniemojowice.pl\/2021\/wp-content\/gallery\/oplatek-w-domu-pomocy-spolecznej\/thumbs\/thumbs_pc240528.jpg\"\n                    width=\"100\"\n                    height=\"75\"\n                    style=\"max-width:100%;\"\n                \/>\n            <\/a>\n        <\/div>\n\t\t\t\t\t\t\t<\/div> \n\t\t\t\n        \n\t\t\t\t<div id=\"ngg-image-1\" class=\"ngg-gallery-thumbnail-box\" >\n\t\t\t\t        <div class=\"ngg-gallery-thumbnail\">\n            <a href=\"https:\/\/dpsniemojowice.pl\/2021\/wp-content\/gallery\/oplatek-w-domu-pomocy-spolecznej\/pc240525.jpg\"\n               title=\"\"\n               data-src=\"https:\/\/dpsniemojowice.pl\/2021\/wp-content\/gallery\/oplatek-w-domu-pomocy-spolecznej\/pc240525.jpg\"\n               data-thumbnail=\"https:\/\/dpsniemojowice.pl\/2021\/wp-content\/gallery\/oplatek-w-domu-pomocy-spolecznej\/thumbs\/thumbs_pc240525.jpg\"\n               data-image-id=\"12\"\n               data-title=\"OLYMPUS DIGITAL CAMERA\"\n               data-description=\"\"\n               data-image-slug=\"pc240525\"\n               class=\"shutterset_fb98af9b66f58c6ebb20d6edf7257b91\">\n                <img\n                    title=\"OLYMPUS DIGITAL CAMERA\"\n                    alt=\"OLYMPUS DIGITAL CAMERA\"\n                    src=\"https:\/\/dpsniemojowice.pl\/2021\/wp-content\/gallery\/oplatek-w-domu-pomocy-spolecznej\/thumbs\/thumbs_pc240525.jpg\"\n                    width=\"100\"\n                    height=\"75\"\n                    style=\"max-width:100%;\"\n                \/>\n            <\/a>\n        <\/div>\n\t\t\t\t\t\t\t<\/div> \n\t\t\t\n        \n\t\t\n\t\t<!-- Pagination -->\n\t<div class='ngg-clear'><\/div>\t<\/div>\n<\/p>\n","protected":false},"excerpt":{"rendered":"<p>Dnia 24 grudnia 2012r. w blasku choinki w Domu Pomocy Spo\u0142ecznej w Niemojowicach odby\u0142a si\u0119 uroczysta Wigilia z udzia\u0142em zaproszonych go\u015bci: Wicestarosty Pana Marcina Baranowskiego, W\u00f3jta Gminy \u017barn\u00f3w Pana Krzysztofa Nawrockiego, Kierownika Gminnego O\u015brodka Pomocy Spo\u0142ecznej w \u017barnowie Pani Ma\u0142gorzaty Pietruszki oraz ksi\u0119\u017cy: Jana Derenia &#8211; proboszcza parafii \u017barn\u00f3w<\/p>\n","protected":false},"author":1,"featured_media":76,"comment_status":"open","ping_status":"open","sticky":false,"template":"","format":"standard","meta":{"ngg_post_thumbnail":0},"categories":[1],"tags":[],"_links":{"self":[{"href":"https:\/\/dpsniemojowice.pl\/2021\/wp-json\/wp\/v2\/posts\/58"}],"collection":[{"href":"https:\/\/dpsniemojowice.pl\/2021\/wp-json\/wp\/v2\/posts"}],"about":[{"href":"https:\/\/dpsniemojowice.pl\/2021\/wp-json\/wp\/v2\/types\/post"}],"author":[{"embeddable":true,"href":"https:\/\/dpsniemojowice.pl\/2021\/wp-json\/wp\/v2\/users\/1"}],"replies":[{"embeddable":true,"href":"https:\/\/dpsniemojowice.pl\/2021\/wp-json\/wp\/v2\/comments?post=58"}],"version-history":[{"count":22,"href":"https:\/\/dpsniemojowice.pl\/2021\/wp-json\/wp\/v2\/posts\/58\/revisions"}],"predecessor-version":[{"id":82,"href":"https:\/\/dpsniemojowice.pl\/2021\/wp-json\/wp\/v2\/posts\/58\/revisions\/82"}],"wp:featuredmedia":[{"embeddable":true,"href":"https:\/\/dpsniemojowice.pl\/2021\/wp-json\/wp\/v2\/media\/76"}],"wp:attachment":[{"href":"https:\/\/dpsniemojowice.pl\/2021\/wp-json\/wp\/v2\/media?parent=58"}],"wp:term":[{"taxonomy":"category","embeddable":true,"href":"https:\/\/dpsniemojowice.pl\/2021\/wp-json\/wp\/v2\/categories?post=58"},{"taxonomy":"post_tag","embeddable":true,"href":"https:\/\/dpsniemojowice.pl\/2021\/wp-json\/wp\/v2\/tags?post=58"}],"curies":[{"name":"wp","href":"https:\/\/api.w.org\/{rel}","templated":true}]}}