{"id":585,"date":"2014-06-20T19:44:48","date_gmt":"2014-06-20T19:44:48","guid":{"rendered":"http:\/\/dpsniemojowice.pl\/2021\/?p=585"},"modified":"2014-06-20T19:45:44","modified_gmt":"2014-06-20T19:45:44","slug":"spotkanie-integracyjne-srodowisk-osob-niepelnosprawnych","status":"publish","type":"post","link":"https:\/\/dpsniemojowice.pl\/2021\/aktualnosci\/spotkanie-integracyjne-srodowisk-osob-niepelnosprawnych\/","title":{"rendered":"Spotkanie integracyjne \u015brodowisk os\u00f3b niepe\u0142nosprawnych"},"content":{"rendered":"<p style=\"text-align: justify;\">W dniu 18 czerwca 2014r. ju\u017c po raz kolejny Dom Pomocy Spo\u0142ecznej w Niemojowicach zorganizowa\u0142<b> <\/b>spotkanie, kt\u00f3re mia\u0142o<b> <\/b>na celu zintegrowanie \u015brodowisk os\u00f3b niepe\u0142nosprawnych oraz \u015brodowisk pracuj\u0105cych na rzecz tych os\u00f3b. <!--more-->W spotkaniu uczestniczyli mieszka\u0144cy oraz pracownicy Dom\u00f3w Pomocy Spo\u0142ecznej w Ko\u0144skich, Drzewicy, \u0141ochy\u0144ska i Niemojowic.<\/p>\n<p style=\"text-align: justify;\">Uroczysto\u015b\u0107 t\u0105 swoj\u0105 obecno\u015bci\u0105 u\u015bwietnili zaproszeni go\u015bcie:<b><i> <\/i><\/b><\/p>\n<p style=\"text-align: justify;\">&#8211; Dyrektor Regionalnego Centrum\u00a0 Polityki Spo\u0142ecznej w \u0141odzi &#8211; Pani<b><i> <\/i><\/b>Anna Mroczek,<\/p>\n<p style=\"text-align: justify;\">&#8211; Starosta Opoczy\u0144ski -Pan Marek Ksyta,<\/p>\n<p style=\"text-align: justify;\">&#8211; Wice Starosta Powiatu Opoczy\u0144skiego \u2013 Pan J\u00f3zef R\u00f3g,<\/p>\n<p style=\"text-align: justify;\">&#8211; W\u00f3jt Gminy \u017barn\u00f3w \u2013 Pan Krzysztof Nawrocki,<\/p>\n<p style=\"text-align: justify;\">&#8211; Sekretarz Gminy \u017barn\u00f3w \u2013 Pan Bogdan Kubiszewski,<\/p>\n<p style=\"text-align: justify;\">&#8211; Skarbnik Powiatu Opoczy\u0144skiego \u2013 Pani Anna S\u0142oniewska,<\/p>\n<p style=\"text-align: justify;\">&#8211; Sekretarz Powiatu Opoczy\u0144skiego \u2013 Pani Gra\u017cyna Wielgus,<\/p>\n<p style=\"text-align: justify;\">&#8211; Dyrektor Powiatowego Centrum Pomocy Rodzinie w Opocznie \u2013 Pani Wies\u0142awa Kurowska, wraz z pracownikami<\/p>\n<p style=\"text-align: justify;\">&#8211; Dyrektor Domu Pomocy Spo\u0142ecznej w Drzewicy \u2013 Pan Krzysztof Wylon,<\/p>\n<p style=\"text-align: justify;\">&#8211; Dyrektor Domu Pomocy Spo\u0142ecznej w \u0141ochy\u0144sku \u2013 Pani Marzena Herman.<\/p>\n<p style=\"text-align: justify;\">Spotkanie rozpocz\u0119\u0142a Dyrektor DPS w Niemojowicach \u2013 Pani Renata Konecka witaj\u0105c zaproszonych go\u015bci oraz wszystkich uczestnik\u00f3w.\u00a0Nast\u0119pnie g\u0142os zabrali zaproszeni go\u015bcie.<\/p>\n<p style=\"text-align: justify;\">Szczeg\u00f3lne podzi\u0119kowania zosta\u0142y skierowane do\u00a0 Dyrektora Regionalnego Centrum Polityki Spo\u0142ecznej w \u0141odzi Pani Anny Mroczek za wsparcie finansowe przy budowie nowego Domu w Niemojowicach. Pani Dyrektor otrzyma\u0142a upominek w postaci r\u0119cznie wykonanych prac naszych mieszka\u0144c\u00f3w.<\/p>\n<p style=\"text-align: justify;\">Kolejnym punktem programu by\u0142o zaprezentowanie swojego dorobku artystycznego przez przedstawicieli wszystkich Dom\u00f3w. Spotkanie integracyjne mia\u0142o charakter taneczno \u2013 zabawowy. Opraw\u0119 muzyczn\u0105 zapewni\u0142 did\u017cej, natomiast liczne konkursy i zabawy grupowe przygotowali pracownicy Domu w Niemojowicach. Uczestnicy zabawy otrzymali gor\u0105cy posi\u0142ek w formie bigosu, potraw z grilla, jak r\u00f3wnie\u017c na deser ciasto wykonane przez pracownik\u00f3w kuchni oraz owoce.<\/p>\n<p style=\"text-align: justify;\">Zabawa zosta\u0142a zorganizowana na \u015bwie\u017cym powietrzu przy sprzyjaj\u0105cych warunkach atmosferycznych. Uczestnikom dopisywa\u0142 dobry humor i z u\u015bmiechem na twarzach wr\u00f3cili do swoich Dom\u00f3w.<\/p>\n<p style=\"text-align: justify;\">Wszystkim przyby\u0142ym go\u015bciom dzi\u0119kujemy za wsp\u00f3ln\u0105 zabaw\u0119!<\/p>\n<p style=\"text-align: justify;\"><!-- index.php -->\n<div\n\tclass=\"ngg-galleryoverview ngg-ajax-pagination-none\"\n\tid=\"ngg-gallery-592-1\">\n\n    \t<div class=\"slideshowlink\">\n        <a href='https:\/\/dpsniemojowice.pl\/2021\/aktualnosci\/spotkanie-integracyjne-srodowisk-osob-niepelnosprawnych\/nggallery\/slideshow'>Pokaz slajd\u00f3w<\/a>\n\t\t\n\t<\/div>\n\t\t\t<!-- Thumbnails -->\n\t\t\t\t<div id=\"ngg-image-0\" class=\"ngg-gallery-thumbnail-box\" >\n\t\t\t\t        <div class=\"ngg-gallery-thumbnail\">\n            <a href=\"https:\/\/dpsniemojowice.pl\/2021\/wp-content\/gallery\/spotkanie-integracyjne-srodowisk-osob-niepelnosprawnych\/dsc02407.jpg\"\n               title=\"\"\n               data-src=\"https:\/\/dpsniemojowice.pl\/2021\/wp-content\/gallery\/spotkanie-integracyjne-srodowisk-osob-niepelnosprawnych\/dsc02407.jpg\"\n               data-thumbnail=\"https:\/\/dpsniemojowice.pl\/2021\/wp-content\/gallery\/spotkanie-integracyjne-srodowisk-osob-niepelnosprawnych\/thumbs\/thumbs_dsc02407.jpg\"\n               data-image-id=\"302\"\n               data-title=\"dsc02407\"\n               data-description=\"\"\n               data-image-slug=\"dsc02407\"\n               class=\"shutterset_592\">\n                <img\n                    title=\"dsc02407\"\n                    alt=\"dsc02407\"\n                    src=\"https:\/\/dpsniemojowice.pl\/2021\/wp-content\/gallery\/spotkanie-integracyjne-srodowisk-osob-niepelnosprawnych\/thumbs\/thumbs_dsc02407.jpg\"\n                    width=\"100\"\n                    height=\"75\"\n                    style=\"max-width:100%;\"\n                \/>\n            <\/a>\n        <\/div>\n\t\t\t\t\t\t\t<\/div> \n\t\t\t\n        \n\t\t\t\t<div id=\"ngg-image-1\" class=\"ngg-gallery-thumbnail-box\" >\n\t\t\t\t        <div class=\"ngg-gallery-thumbnail\">\n            <a href=\"https:\/\/dpsniemojowice.pl\/2021\/wp-content\/gallery\/spotkanie-integracyjne-srodowisk-osob-niepelnosprawnych\/dsc02558.jpg\"\n               title=\"\"\n               data-src=\"https:\/\/dpsniemojowice.pl\/2021\/wp-content\/gallery\/spotkanie-integracyjne-srodowisk-osob-niepelnosprawnych\/dsc02558.jpg\"\n               data-thumbnail=\"https:\/\/dpsniemojowice.pl\/2021\/wp-content\/gallery\/spotkanie-integracyjne-srodowisk-osob-niepelnosprawnych\/thumbs\/thumbs_dsc02558.jpg\"\n               data-image-id=\"303\"\n               data-title=\"dsc02558\"\n               data-description=\"\"\n               data-image-slug=\"dsc02558\"\n               class=\"shutterset_592\">\n                <img\n                    title=\"dsc02558\"\n                    alt=\"dsc02558\"\n                    src=\"https:\/\/dpsniemojowice.pl\/2021\/wp-content\/gallery\/spotkanie-integracyjne-srodowisk-osob-niepelnosprawnych\/thumbs\/thumbs_dsc02558.jpg\"\n                    width=\"100\"\n                    height=\"75\"\n                    style=\"max-width:100%;\"\n                \/>\n            <\/a>\n        <\/div>\n\t\t\t\t\t\t\t<\/div> \n\t\t\t\n        \n\t\t\t\t<div id=\"ngg-image-2\" class=\"ngg-gallery-thumbnail-box\" >\n\t\t\t\t        <div class=\"ngg-gallery-thumbnail\">\n            <a href=\"https:\/\/dpsniemojowice.pl\/2021\/wp-content\/gallery\/spotkanie-integracyjne-srodowisk-osob-niepelnosprawnych\/dsc02621.jpg\"\n               title=\"\"\n               data-src=\"https:\/\/dpsniemojowice.pl\/2021\/wp-content\/gallery\/spotkanie-integracyjne-srodowisk-osob-niepelnosprawnych\/dsc02621.jpg\"\n               data-thumbnail=\"https:\/\/dpsniemojowice.pl\/2021\/wp-content\/gallery\/spotkanie-integracyjne-srodowisk-osob-niepelnosprawnych\/thumbs\/thumbs_dsc02621.jpg\"\n               data-image-id=\"304\"\n               data-title=\"dsc02621\"\n               data-description=\"\"\n               data-image-slug=\"dsc02621\"\n               class=\"shutterset_592\">\n                <img\n                    title=\"dsc02621\"\n                    alt=\"dsc02621\"\n                    src=\"https:\/\/dpsniemojowice.pl\/2021\/wp-content\/gallery\/spotkanie-integracyjne-srodowisk-osob-niepelnosprawnych\/thumbs\/thumbs_dsc02621.jpg\"\n                    width=\"100\"\n                    height=\"75\"\n                    style=\"max-width:100%;\"\n                \/>\n            <\/a>\n        <\/div>\n\t\t\t\t\t\t\t<\/div> \n\t\t\t\n        \n\t\t\t\t<div id=\"ngg-image-3\" class=\"ngg-gallery-thumbnail-box\" >\n\t\t\t\t        <div class=\"ngg-gallery-thumbnail\">\n            <a href=\"https:\/\/dpsniemojowice.pl\/2021\/wp-content\/gallery\/spotkanie-integracyjne-srodowisk-osob-niepelnosprawnych\/dsc02802.jpg\"\n               title=\"\"\n               data-src=\"https:\/\/dpsniemojowice.pl\/2021\/wp-content\/gallery\/spotkanie-integracyjne-srodowisk-osob-niepelnosprawnych\/dsc02802.jpg\"\n               data-thumbnail=\"https:\/\/dpsniemojowice.pl\/2021\/wp-content\/gallery\/spotkanie-integracyjne-srodowisk-osob-niepelnosprawnych\/thumbs\/thumbs_dsc02802.jpg\"\n               data-image-id=\"305\"\n               data-title=\"dsc02802\"\n               data-description=\"\"\n               data-image-slug=\"dsc02802\"\n               class=\"shutterset_592\">\n                <img\n                    title=\"dsc02802\"\n                    alt=\"dsc02802\"\n                    src=\"https:\/\/dpsniemojowice.pl\/2021\/wp-content\/gallery\/spotkanie-integracyjne-srodowisk-osob-niepelnosprawnych\/thumbs\/thumbs_dsc02802.jpg\"\n                    width=\"100\"\n                    height=\"75\"\n                    style=\"max-width:100%;\"\n                \/>\n            <\/a>\n        <\/div>\n\t\t\t\t\t\t\t<\/div> \n\t\t\t\n        \n\t\t\t\t<div id=\"ngg-image-4\" class=\"ngg-gallery-thumbnail-box\" >\n\t\t\t\t        <div class=\"ngg-gallery-thumbnail\">\n            <a href=\"https:\/\/dpsniemojowice.pl\/2021\/wp-content\/gallery\/spotkanie-integracyjne-srodowisk-osob-niepelnosprawnych\/dsc02945.jpg\"\n               title=\"\"\n               data-src=\"https:\/\/dpsniemojowice.pl\/2021\/wp-content\/gallery\/spotkanie-integracyjne-srodowisk-osob-niepelnosprawnych\/dsc02945.jpg\"\n               data-thumbnail=\"https:\/\/dpsniemojowice.pl\/2021\/wp-content\/gallery\/spotkanie-integracyjne-srodowisk-osob-niepelnosprawnych\/thumbs\/thumbs_dsc02945.jpg\"\n               data-image-id=\"306\"\n               data-title=\"dsc02945\"\n               data-description=\"\"\n               data-image-slug=\"dsc02945\"\n               class=\"shutterset_592\">\n                <img\n                    title=\"dsc02945\"\n                    alt=\"dsc02945\"\n                    src=\"https:\/\/dpsniemojowice.pl\/2021\/wp-content\/gallery\/spotkanie-integracyjne-srodowisk-osob-niepelnosprawnych\/thumbs\/thumbs_dsc02945.jpg\"\n                    width=\"100\"\n                    height=\"75\"\n                    style=\"max-width:100%;\"\n                \/>\n            <\/a>\n        <\/div>\n\t\t\t\t\t\t\t<\/div> \n\t\t\t\n        \n\t\t\n\t\t<!-- Pagination -->\n\t<div class='ngg-clear'><\/div>\t<\/div>\n<\/p>\n","protected":false},"excerpt":{"rendered":"<p>W dniu 18 czerwca 2014r. ju\u017c po raz kolejny Dom Pomocy Spo\u0142ecznej w Niemojowicach zorganizowa\u0142 spotkanie, kt\u00f3re mia\u0142o na celu zintegrowanie \u015brodowisk os\u00f3b niepe\u0142nosprawnych oraz \u015brodowisk pracuj\u0105cych na rzecz tych os\u00f3b.<\/p>\n","protected":false},"author":1,"featured_media":596,"comment_status":"open","ping_status":"open","sticky":false,"template":"","format":"standard","meta":{"ngg_post_thumbnail":0},"categories":[1],"tags":[],"_links":{"self":[{"href":"https:\/\/dpsniemojowice.pl\/2021\/wp-json\/wp\/v2\/posts\/585"}],"collection":[{"href":"https:\/\/dpsniemojowice.pl\/2021\/wp-json\/wp\/v2\/posts"}],"about":[{"href":"https:\/\/dpsniemojowice.pl\/2021\/wp-json\/wp\/v2\/types\/post"}],"author":[{"embeddable":true,"href":"https:\/\/dpsniemojowice.pl\/2021\/wp-json\/wp\/v2\/users\/1"}],"replies":[{"embeddable":true,"href":"https:\/\/dpsniemojowice.pl\/2021\/wp-json\/wp\/v2\/comments?post=585"}],"version-history":[{"count":5,"href":"https:\/\/dpsniemojowice.pl\/2021\/wp-json\/wp\/v2\/posts\/585\/revisions"}],"predecessor-version":[{"id":598,"href":"https:\/\/dpsniemojowice.pl\/2021\/wp-json\/wp\/v2\/posts\/585\/revisions\/598"}],"wp:featuredmedia":[{"embeddable":true,"href":"https:\/\/dpsniemojowice.pl\/2021\/wp-json\/wp\/v2\/media\/596"}],"wp:attachment":[{"href":"https:\/\/dpsniemojowice.pl\/2021\/wp-json\/wp\/v2\/media?parent=585"}],"wp:term":[{"taxonomy":"category","embeddable":true,"href":"https:\/\/dpsniemojowice.pl\/2021\/wp-json\/wp\/v2\/categories?post=585"},{"taxonomy":"post_tag","embeddable":true,"href":"https:\/\/dpsniemojowice.pl\/2021\/wp-json\/wp\/v2\/tags?post=585"}],"curies":[{"name":"wp","href":"https:\/\/api.w.org\/{rel}","templated":true}]}}