{"id":620,"date":"2014-09-05T09:09:59","date_gmt":"2014-09-05T09:09:59","guid":{"rendered":"http:\/\/dpsniemojowice.pl\/2021\/?p=620"},"modified":"2014-09-09T09:14:20","modified_gmt":"2014-09-09T09:14:20","slug":"ix-miedzypowiatowy-festiwal-piosenki-w-lochynsku","status":"publish","type":"post","link":"https:\/\/dpsniemojowice.pl\/2021\/aktualnosci\/ix-miedzypowiatowy-festiwal-piosenki-w-lochynsku\/","title":{"rendered":"IX MI\u0118DZYPOWIATOWY FESTIWAL PIOSENKI W \u0141OCHY\u0143SKU"},"content":{"rendered":"<p style=\"text-align: justify;\">W dniu 04.09.2014r. w Domu Pomocy Spo\u0142ecznej w \u0141ochy\u0144sku odby\u0142 si\u0119 IX Festiwal Piosenki. Uczestnikami Festiwalu s\u0105 osoby chore psychicznie i upo\u015bledzone umys\u0142owo oraz w wieku podesz\u0142ym niepe\u0142nosprawni fizycznie.<!--more--> Festiwal daje mieszka\u0144com Dom\u00f3w Pomocy Spo\u0142ecznej nie tylko mo\u017cliwo\u015b\u0107 wykazania si\u0119 zdolno\u015bciami artystycznymi, ale te\u017c nawi\u0105zania nowych znajomo\u015bci, integracji oraz oderwania si\u0119 od codziennego rytmu dnia.<\/p>\n<p style=\"text-align: justify;\">Na Festiwalu zaprezentowali si\u0119 mieszka\u0144cy Dom\u00f3w Pomocy Spo\u0142ecznej m.in. z Lisowic, \u0141ochy\u0144ska, Piotrkowa Trybunalskiego, Radziechowic. Udzia\u0142 w tej imprezie przypad\u0142 r\u00f3wnie\u017c naszym mieszka\u0144com , kt\u00f3rzy otrzymali zaproszenie od Dyrektora Domu Pomocy Spo\u0142ecznej w \u0141ochy\u0144sku Pani Marzeny Herman.<\/p>\n<p style=\"text-align: justify;\">Reprezentantk\u0105 naszego domu by\u0142a solistka, kt\u00f3ra za\u015bpiewa\u0142a piosenk\u0119 Violetty Villas \u201eList do Matki\u201d. Wyst\u0119p zosta\u0142 nagrodzony gromkimi brawami od publiczno\u015bci oraz komplementami ze strony prowadz\u0105cych.<\/p>\n<p style=\"text-align: justify;\">Po prezentacji solist\u00f3w odby\u0142 si\u0119 koncert kapeli podw\u00f3rkowej. Wszyscy uczestnicy festiwalu otrzymali pami\u0105tkowe upominki. Zabawa odbywa\u0142a si\u0119<\/p>\n<p style=\"text-align: justify;\">w mi\u0142ej i przyjaznej atmosferze. Po pe\u0142nym wra\u017ce\u0144 dniu oraz smacznym pocz\u0119stunku mieszka\u0144cy wr\u00f3cili do domu w Niemojowicach.<\/p>\n<p style=\"text-align: justify;\"><!-- index.php -->\n<div\n\tclass=\"ngg-galleryoverview ngg-ajax-pagination-none\"\n\tid=\"ngg-gallery-628-1\">\n\n    \t<div class=\"slideshowlink\">\n        <a href='https:\/\/dpsniemojowice.pl\/2021\/aktualnosci\/ix-miedzypowiatowy-festiwal-piosenki-w-lochynsku\/nggallery\/slideshow'>Pokaz slajd\u00f3w<\/a>\n\t\t\n\t<\/div>\n\t\t\t<!-- Thumbnails -->\n\t\t\t\t<div id=\"ngg-image-0\" class=\"ngg-gallery-thumbnail-box\" >\n\t\t\t\t        <div class=\"ngg-gallery-thumbnail\">\n            <a href=\"https:\/\/dpsniemojowice.pl\/2021\/wp-content\/gallery\/ix-miedzypowiatowy-festiwal-piosenki-w-lochynsku\/dsc03221.jpg\"\n               title=\"\"\n               data-src=\"https:\/\/dpsniemojowice.pl\/2021\/wp-content\/gallery\/ix-miedzypowiatowy-festiwal-piosenki-w-lochynsku\/dsc03221.jpg\"\n               data-thumbnail=\"https:\/\/dpsniemojowice.pl\/2021\/wp-content\/gallery\/ix-miedzypowiatowy-festiwal-piosenki-w-lochynsku\/thumbs\/thumbs_dsc03221.jpg\"\n               data-image-id=\"314\"\n               data-title=\"dsc03221\"\n               data-description=\"\"\n               data-image-slug=\"dsc03221\"\n               class=\"shutterset_628\">\n                <img\n                    title=\"dsc03221\"\n                    alt=\"dsc03221\"\n                    src=\"https:\/\/dpsniemojowice.pl\/2021\/wp-content\/gallery\/ix-miedzypowiatowy-festiwal-piosenki-w-lochynsku\/thumbs\/thumbs_dsc03221.jpg\"\n                    width=\"100\"\n                    height=\"75\"\n                    style=\"max-width:100%;\"\n                \/>\n            <\/a>\n        <\/div>\n\t\t\t\t\t\t\t<\/div> \n\t\t\t\n        \n\t\t\t\t<div id=\"ngg-image-1\" class=\"ngg-gallery-thumbnail-box\" >\n\t\t\t\t        <div class=\"ngg-gallery-thumbnail\">\n            <a href=\"https:\/\/dpsniemojowice.pl\/2021\/wp-content\/gallery\/ix-miedzypowiatowy-festiwal-piosenki-w-lochynsku\/dsc03224.jpg\"\n               title=\"\"\n               data-src=\"https:\/\/dpsniemojowice.pl\/2021\/wp-content\/gallery\/ix-miedzypowiatowy-festiwal-piosenki-w-lochynsku\/dsc03224.jpg\"\n               data-thumbnail=\"https:\/\/dpsniemojowice.pl\/2021\/wp-content\/gallery\/ix-miedzypowiatowy-festiwal-piosenki-w-lochynsku\/thumbs\/thumbs_dsc03224.jpg\"\n               data-image-id=\"315\"\n               data-title=\"dsc03224\"\n               data-description=\"\"\n               data-image-slug=\"dsc03224\"\n               class=\"shutterset_628\">\n                <img\n                    title=\"dsc03224\"\n                    alt=\"dsc03224\"\n                    src=\"https:\/\/dpsniemojowice.pl\/2021\/wp-content\/gallery\/ix-miedzypowiatowy-festiwal-piosenki-w-lochynsku\/thumbs\/thumbs_dsc03224.jpg\"\n                    width=\"100\"\n                    height=\"75\"\n                    style=\"max-width:100%;\"\n                \/>\n            <\/a>\n        <\/div>\n\t\t\t\t\t\t\t<\/div> \n\t\t\t\n        \n\t\t\t\t<div id=\"ngg-image-2\" class=\"ngg-gallery-thumbnail-box\" >\n\t\t\t\t        <div class=\"ngg-gallery-thumbnail\">\n            <a href=\"https:\/\/dpsniemojowice.pl\/2021\/wp-content\/gallery\/ix-miedzypowiatowy-festiwal-piosenki-w-lochynsku\/dsc03229.jpg\"\n               title=\"\"\n               data-src=\"https:\/\/dpsniemojowice.pl\/2021\/wp-content\/gallery\/ix-miedzypowiatowy-festiwal-piosenki-w-lochynsku\/dsc03229.jpg\"\n               data-thumbnail=\"https:\/\/dpsniemojowice.pl\/2021\/wp-content\/gallery\/ix-miedzypowiatowy-festiwal-piosenki-w-lochynsku\/thumbs\/thumbs_dsc03229.jpg\"\n               data-image-id=\"316\"\n               data-title=\"dsc03229\"\n               data-description=\"\"\n               data-image-slug=\"dsc03229\"\n               class=\"shutterset_628\">\n                <img\n                    title=\"dsc03229\"\n                    alt=\"dsc03229\"\n                    src=\"https:\/\/dpsniemojowice.pl\/2021\/wp-content\/gallery\/ix-miedzypowiatowy-festiwal-piosenki-w-lochynsku\/thumbs\/thumbs_dsc03229.jpg\"\n                    width=\"100\"\n                    height=\"75\"\n                    style=\"max-width:100%;\"\n                \/>\n            <\/a>\n        <\/div>\n\t\t\t\t\t\t\t<\/div> \n\t\t\t\n        \n\t\t\t\t<div id=\"ngg-image-3\" class=\"ngg-gallery-thumbnail-box\" >\n\t\t\t\t        <div class=\"ngg-gallery-thumbnail\">\n            <a href=\"https:\/\/dpsniemojowice.pl\/2021\/wp-content\/gallery\/ix-miedzypowiatowy-festiwal-piosenki-w-lochynsku\/dsc03248.jpg\"\n               title=\"\"\n               data-src=\"https:\/\/dpsniemojowice.pl\/2021\/wp-content\/gallery\/ix-miedzypowiatowy-festiwal-piosenki-w-lochynsku\/dsc03248.jpg\"\n               data-thumbnail=\"https:\/\/dpsniemojowice.pl\/2021\/wp-content\/gallery\/ix-miedzypowiatowy-festiwal-piosenki-w-lochynsku\/thumbs\/thumbs_dsc03248.jpg\"\n               data-image-id=\"317\"\n               data-title=\"dsc03248\"\n               data-description=\"\"\n               data-image-slug=\"dsc03248\"\n               class=\"shutterset_628\">\n                <img\n                    title=\"dsc03248\"\n                    alt=\"dsc03248\"\n                    src=\"https:\/\/dpsniemojowice.pl\/2021\/wp-content\/gallery\/ix-miedzypowiatowy-festiwal-piosenki-w-lochynsku\/thumbs\/thumbs_dsc03248.jpg\"\n                    width=\"100\"\n                    height=\"75\"\n                    style=\"max-width:100%;\"\n                \/>\n            <\/a>\n        <\/div>\n\t\t\t\t\t\t\t<\/div> \n\t\t\t\n        \n\t\t\n\t\t<!-- Pagination -->\n\t<div class='ngg-clear'><\/div>\t<\/div>\n<\/p>\n<p>&nbsp;<\/p>\n","protected":false},"excerpt":{"rendered":"<p>W dniu 04.09.2014r. w Domu Pomocy Spo\u0142ecznej w \u0141ochy\u0144sku odby\u0142 si\u0119 IX Festiwal Piosenki. Uczestnikami Festiwalu s\u0105 osoby chore psychicznie i upo\u015bledzone umys\u0142owo oraz w wieku podesz\u0142ym niepe\u0142nosprawni fizycznie.<\/p>\n","protected":false},"author":1,"featured_media":630,"comment_status":"open","ping_status":"open","sticky":false,"template":"","format":"standard","meta":{"ngg_post_thumbnail":0},"categories":[1],"tags":[],"_links":{"self":[{"href":"https:\/\/dpsniemojowice.pl\/2021\/wp-json\/wp\/v2\/posts\/620"}],"collection":[{"href":"https:\/\/dpsniemojowice.pl\/2021\/wp-json\/wp\/v2\/posts"}],"about":[{"href":"https:\/\/dpsniemojowice.pl\/2021\/wp-json\/wp\/v2\/types\/post"}],"author":[{"embeddable":true,"href":"https:\/\/dpsniemojowice.pl\/2021\/wp-json\/wp\/v2\/users\/1"}],"replies":[{"embeddable":true,"href":"https:\/\/dpsniemojowice.pl\/2021\/wp-json\/wp\/v2\/comments?post=620"}],"version-history":[{"count":4,"href":"https:\/\/dpsniemojowice.pl\/2021\/wp-json\/wp\/v2\/posts\/620\/revisions"}],"predecessor-version":[{"id":631,"href":"https:\/\/dpsniemojowice.pl\/2021\/wp-json\/wp\/v2\/posts\/620\/revisions\/631"}],"wp:featuredmedia":[{"embeddable":true,"href":"https:\/\/dpsniemojowice.pl\/2021\/wp-json\/wp\/v2\/media\/630"}],"wp:attachment":[{"href":"https:\/\/dpsniemojowice.pl\/2021\/wp-json\/wp\/v2\/media?parent=620"}],"wp:term":[{"taxonomy":"category","embeddable":true,"href":"https:\/\/dpsniemojowice.pl\/2021\/wp-json\/wp\/v2\/categories?post=620"},{"taxonomy":"post_tag","embeddable":true,"href":"https:\/\/dpsniemojowice.pl\/2021\/wp-json\/wp\/v2\/tags?post=620"}],"curies":[{"name":"wp","href":"https:\/\/api.w.org\/{rel}","templated":true}]}}