{"id":668,"date":"2014-10-23T12:30:37","date_gmt":"2014-10-23T12:30:37","guid":{"rendered":"http:\/\/dpsniemojowice.pl\/2021\/?p=668"},"modified":"2014-10-28T12:34:42","modified_gmt":"2014-10-28T12:34:42","slug":"spotkanie-rozancowe-w-domu-pomocy-spolecznej-w-drzewicy","status":"publish","type":"post","link":"https:\/\/dpsniemojowice.pl\/2021\/aktualnosci\/spotkanie-rozancowe-w-domu-pomocy-spolecznej-w-drzewicy\/","title":{"rendered":"SPOTKANIE R\u00d3\u017bA\u0143COWE W DOMU POMOCY SPO\u0141ECZNEJ W DRZEWICY"},"content":{"rendered":"<p style=\"text-align: justify;\">Korzystaj\u0105c z zaproszenia zaprzyja\u017anionego Domu Pomocy Spo\u0142ecznej dla Doros\u0142ych w Drzewicy\u00a0 dnia 22.10.2014r. mieszka\u0144cy naszego Domu wzi\u0119li udzia\u0142 w spotkaniu r\u00f3\u017ca\u0144cowym.<!--more--><b> <\/b>Pensjonariusze obu Dom\u00f3w uczestniczyli we wsp\u00f3lnej modlitwie w kaplicy Domu. Razem odm\u00f3wili r\u00f3\u017caniec oraz \u015bpiewali pie\u015bni Maryjne. W mi\u0142ej i przyjaznej atmosferze mieszka\u0144cy udali si\u0119 na przygotowany przez gospodarzy pocz\u0119stunek, po kt\u00f3rym szcz\u0119\u015bliwi i pe\u0142ni duchowej rado\u015bci wr\u00f3cili do Domu.<\/p>\n<p>Dzi\u0119kujemy za zaproszenie i wsp\u00f3lnie sp\u0119dzony czas.<\/p>\n<p><!-- index.php -->\n<div\n\tclass=\"ngg-galleryoverview ngg-ajax-pagination-none\"\n\tid=\"ngg-gallery-674-1\">\n\n    \t<div class=\"slideshowlink\">\n        <a href='https:\/\/dpsniemojowice.pl\/2021\/aktualnosci\/spotkanie-rozancowe-w-domu-pomocy-spolecznej-w-drzewicy\/nggallery\/slideshow'>Pokaz slajd\u00f3w<\/a>\n\t\t\n\t<\/div>\n\t\t\t<!-- Thumbnails -->\n\t\t\t\t<div id=\"ngg-image-0\" class=\"ngg-gallery-thumbnail-box\" >\n\t\t\t\t        <div class=\"ngg-gallery-thumbnail\">\n            <a href=\"https:\/\/dpsniemojowice.pl\/2021\/wp-content\/gallery\/spotkanie-rozancowe-w-domu-pomocy-spolecznej-w-drzewicy\/dsc03546.jpg\"\n               title=\"\"\n               data-src=\"https:\/\/dpsniemojowice.pl\/2021\/wp-content\/gallery\/spotkanie-rozancowe-w-domu-pomocy-spolecznej-w-drzewicy\/dsc03546.jpg\"\n               data-thumbnail=\"https:\/\/dpsniemojowice.pl\/2021\/wp-content\/gallery\/spotkanie-rozancowe-w-domu-pomocy-spolecznej-w-drzewicy\/thumbs\/thumbs_dsc03546.jpg\"\n               data-image-id=\"328\"\n               data-title=\"dsc03546\"\n               data-description=\"\"\n               data-image-slug=\"dsc03546\"\n               class=\"shutterset_674\">\n                <img\n                    title=\"dsc03546\"\n                    alt=\"dsc03546\"\n                    src=\"https:\/\/dpsniemojowice.pl\/2021\/wp-content\/gallery\/spotkanie-rozancowe-w-domu-pomocy-spolecznej-w-drzewicy\/thumbs\/thumbs_dsc03546.jpg\"\n                    width=\"100\"\n                    height=\"75\"\n                    style=\"max-width:100%;\"\n                \/>\n            <\/a>\n        <\/div>\n\t\t\t\t\t\t\t<\/div> \n\t\t\t\n        \n\t\t\t\t<div id=\"ngg-image-1\" class=\"ngg-gallery-thumbnail-box\" >\n\t\t\t\t        <div class=\"ngg-gallery-thumbnail\">\n            <a href=\"https:\/\/dpsniemojowice.pl\/2021\/wp-content\/gallery\/spotkanie-rozancowe-w-domu-pomocy-spolecznej-w-drzewicy\/dsc03553.jpg\"\n               title=\"\"\n               data-src=\"https:\/\/dpsniemojowice.pl\/2021\/wp-content\/gallery\/spotkanie-rozancowe-w-domu-pomocy-spolecznej-w-drzewicy\/dsc03553.jpg\"\n               data-thumbnail=\"https:\/\/dpsniemojowice.pl\/2021\/wp-content\/gallery\/spotkanie-rozancowe-w-domu-pomocy-spolecznej-w-drzewicy\/thumbs\/thumbs_dsc03553.jpg\"\n               data-image-id=\"329\"\n               data-title=\"dsc03553\"\n               data-description=\"\"\n               data-image-slug=\"dsc03553\"\n               class=\"shutterset_674\">\n                <img\n                    title=\"dsc03553\"\n                    alt=\"dsc03553\"\n                    src=\"https:\/\/dpsniemojowice.pl\/2021\/wp-content\/gallery\/spotkanie-rozancowe-w-domu-pomocy-spolecznej-w-drzewicy\/thumbs\/thumbs_dsc03553.jpg\"\n                    width=\"100\"\n                    height=\"75\"\n                    style=\"max-width:100%;\"\n                \/>\n            <\/a>\n        <\/div>\n\t\t\t\t\t\t\t<\/div> \n\t\t\t\n        \n\t\t\t\t<div id=\"ngg-image-2\" class=\"ngg-gallery-thumbnail-box\" >\n\t\t\t\t        <div class=\"ngg-gallery-thumbnail\">\n            <a href=\"https:\/\/dpsniemojowice.pl\/2021\/wp-content\/gallery\/spotkanie-rozancowe-w-domu-pomocy-spolecznej-w-drzewicy\/dsc03559.jpg\"\n               title=\"\"\n               data-src=\"https:\/\/dpsniemojowice.pl\/2021\/wp-content\/gallery\/spotkanie-rozancowe-w-domu-pomocy-spolecznej-w-drzewicy\/dsc03559.jpg\"\n               data-thumbnail=\"https:\/\/dpsniemojowice.pl\/2021\/wp-content\/gallery\/spotkanie-rozancowe-w-domu-pomocy-spolecznej-w-drzewicy\/thumbs\/thumbs_dsc03559.jpg\"\n               data-image-id=\"330\"\n               data-title=\"dsc03559\"\n               data-description=\"\"\n               data-image-slug=\"dsc03559\"\n               class=\"shutterset_674\">\n                <img\n                    title=\"dsc03559\"\n                    alt=\"dsc03559\"\n                    src=\"https:\/\/dpsniemojowice.pl\/2021\/wp-content\/gallery\/spotkanie-rozancowe-w-domu-pomocy-spolecznej-w-drzewicy\/thumbs\/thumbs_dsc03559.jpg\"\n                    width=\"100\"\n                    height=\"75\"\n                    style=\"max-width:100%;\"\n                \/>\n            <\/a>\n        <\/div>\n\t\t\t\t\t\t\t<\/div> \n\t\t\t\n        \n\t\t\n\t\t<!-- Pagination -->\n\t<div class='ngg-clear'><\/div>\t<\/div>\n<\/p>\n","protected":false},"excerpt":{"rendered":"<p>Korzystaj\u0105c z zaproszenia zaprzyja\u017anionego Domu Pomocy Spo\u0142ecznej dla Doros\u0142ych w Drzewicy\u00a0 dnia 22.10.2014r. mieszka\u0144cy naszego Domu wzi\u0119li udzia\u0142 w spotkaniu r\u00f3\u017ca\u0144cowym.<\/p>\n","protected":false},"author":1,"featured_media":673,"comment_status":"open","ping_status":"open","sticky":false,"template":"","format":"standard","meta":{"ngg_post_thumbnail":0},"categories":[1],"tags":[],"_links":{"self":[{"href":"https:\/\/dpsniemojowice.pl\/2021\/wp-json\/wp\/v2\/posts\/668"}],"collection":[{"href":"https:\/\/dpsniemojowice.pl\/2021\/wp-json\/wp\/v2\/posts"}],"about":[{"href":"https:\/\/dpsniemojowice.pl\/2021\/wp-json\/wp\/v2\/types\/post"}],"author":[{"embeddable":true,"href":"https:\/\/dpsniemojowice.pl\/2021\/wp-json\/wp\/v2\/users\/1"}],"replies":[{"embeddable":true,"href":"https:\/\/dpsniemojowice.pl\/2021\/wp-json\/wp\/v2\/comments?post=668"}],"version-history":[{"count":2,"href":"https:\/\/dpsniemojowice.pl\/2021\/wp-json\/wp\/v2\/posts\/668\/revisions"}],"predecessor-version":[{"id":676,"href":"https:\/\/dpsniemojowice.pl\/2021\/wp-json\/wp\/v2\/posts\/668\/revisions\/676"}],"wp:featuredmedia":[{"embeddable":true,"href":"https:\/\/dpsniemojowice.pl\/2021\/wp-json\/wp\/v2\/media\/673"}],"wp:attachment":[{"href":"https:\/\/dpsniemojowice.pl\/2021\/wp-json\/wp\/v2\/media?parent=668"}],"wp:term":[{"taxonomy":"category","embeddable":true,"href":"https:\/\/dpsniemojowice.pl\/2021\/wp-json\/wp\/v2\/categories?post=668"},{"taxonomy":"post_tag","embeddable":true,"href":"https:\/\/dpsniemojowice.pl\/2021\/wp-json\/wp\/v2\/tags?post=668"}],"curies":[{"name":"wp","href":"https:\/\/api.w.org\/{rel}","templated":true}]}}