{"id":690,"date":"2014-11-06T13:29:33","date_gmt":"2014-11-06T13:29:33","guid":{"rendered":"http:\/\/dpsniemojowice.pl\/2021\/?p=690"},"modified":"2014-11-06T13:29:54","modified_gmt":"2014-11-06T13:29:54","slug":"xvii-festiwal-sztuk-wszelakich-osob-niepelnosprawnych-w-lodzi","status":"publish","type":"post","link":"https:\/\/dpsniemojowice.pl\/2021\/aktualnosci\/xvii-festiwal-sztuk-wszelakich-osob-niepelnosprawnych-w-lodzi\/","title":{"rendered":"XVII FESTIWAL SZTUK WSZELAKICH OS\u00d3B NIEPE\u0141NOSPRAWNYCH W \u0141ODZI"},"content":{"rendered":"<p style=\"text-align: justify;\" align=\"JUSTIFY\"><span style=\"color: #000000;\">Korzystaj\u0105c z zaproszenia Fundacji Klubu Lokalnej Integracji \u201eLonia\u201d oraz 5 Domu Pomocy Spo\u0142ecznej w \u0141odzi w dniu 5.11.2014r. Mieszka\u0144cy naszego Domu po raz pierwszy wzi\u0119li udzia\u0142 w XVII Festiwalu Sztuk Wszelakich w \u0141odzi.<!--more--> Festiwal jest imprez\u0105 otwart\u0105 skierowan\u0105 do ka\u017cdego, kto interesuje si\u0119 sztuk\u0105, chce pozna\u0107 \u015bwiat wyobra\u017ani i wra\u017cliwo\u015bci drugiego cz\u0142owieka. Osoby niepe\u0142nosprawne mog\u0142y zaprezentowa\u0107 sw\u00f3j dorobek artystyczny w r\u00f3\u017cnych dziedzinach. Nasi mieszka\u0144cy wyst\u0105pili w przegl\u0105dzie teatralno \u2013 estradowym.<\/span><\/p>\n<p style=\"text-align: justify;\" align=\"JUSTIFY\"><span style=\"color: #000000;\">Grupa teatralna Domu Pomocy Spo\u0142ecznej w Niemojowicach o nazwie \u201eCzarno to widz\u0119\u201d przedstawi\u0142a program s\u0142owno \u2013 muzyczny pt.\u201d Nie ma problemu\u201d. Nasi arty\u015bci spotkali si\u0119 z bardzo mi\u0142ym przyj\u0119ciem, a po wyst\u0119pie nagrodzeni zostali gromkimi brawami. Po przedstawieniu swojego dorobku artystycznego ka\u017cda grupa otrzymywa\u0142a upominki oraz pami\u0105tkowe dyplomy. Po s\u0142odkim pocz\u0119stunku w radosnych nastrojach mieszka\u0144cy wr\u00f3cili do domu.<\/span><\/p>\n<p style=\"text-align: justify;\" align=\"JUSTIFY\"><!-- index.php -->\n<div\n\tclass=\"ngg-galleryoverview ngg-ajax-pagination-none\"\n\tid=\"ngg-gallery-695-1\">\n\n    \t<div class=\"slideshowlink\">\n        <a href='https:\/\/dpsniemojowice.pl\/2021\/aktualnosci\/xvii-festiwal-sztuk-wszelakich-osob-niepelnosprawnych-w-lodzi\/nggallery\/slideshow'>Pokaz slajd\u00f3w<\/a>\n\t\t\n\t<\/div>\n\t\t\t<!-- Thumbnails -->\n\t\t\t\t<div id=\"ngg-image-0\" class=\"ngg-gallery-thumbnail-box\" >\n\t\t\t\t        <div class=\"ngg-gallery-thumbnail\">\n            <a href=\"https:\/\/dpsniemojowice.pl\/2021\/wp-content\/gallery\/xvii-festiwal-sztuk-wszelakich-osob-niepelnosprawnych-w-lodzi\/dsc03814.jpg\"\n               title=\"\"\n               data-src=\"https:\/\/dpsniemojowice.pl\/2021\/wp-content\/gallery\/xvii-festiwal-sztuk-wszelakich-osob-niepelnosprawnych-w-lodzi\/dsc03814.jpg\"\n               data-thumbnail=\"https:\/\/dpsniemojowice.pl\/2021\/wp-content\/gallery\/xvii-festiwal-sztuk-wszelakich-osob-niepelnosprawnych-w-lodzi\/thumbs\/thumbs_dsc03814.jpg\"\n               data-image-id=\"337\"\n               data-title=\"dsc03814\"\n               data-description=\"\"\n               data-image-slug=\"dsc03814\"\n               class=\"shutterset_695\">\n                <img\n                    title=\"dsc03814\"\n                    alt=\"dsc03814\"\n                    src=\"https:\/\/dpsniemojowice.pl\/2021\/wp-content\/gallery\/xvii-festiwal-sztuk-wszelakich-osob-niepelnosprawnych-w-lodzi\/thumbs\/thumbs_dsc03814.jpg\"\n                    width=\"100\"\n                    height=\"75\"\n                    style=\"max-width:100%;\"\n                \/>\n            <\/a>\n        <\/div>\n\t\t\t\t\t\t\t<\/div> \n\t\t\t\n        \n\t\t\t\t<div id=\"ngg-image-1\" class=\"ngg-gallery-thumbnail-box\" >\n\t\t\t\t        <div class=\"ngg-gallery-thumbnail\">\n            <a href=\"https:\/\/dpsniemojowice.pl\/2021\/wp-content\/gallery\/xvii-festiwal-sztuk-wszelakich-osob-niepelnosprawnych-w-lodzi\/dsc03836.jpg\"\n               title=\"\"\n               data-src=\"https:\/\/dpsniemojowice.pl\/2021\/wp-content\/gallery\/xvii-festiwal-sztuk-wszelakich-osob-niepelnosprawnych-w-lodzi\/dsc03836.jpg\"\n               data-thumbnail=\"https:\/\/dpsniemojowice.pl\/2021\/wp-content\/gallery\/xvii-festiwal-sztuk-wszelakich-osob-niepelnosprawnych-w-lodzi\/thumbs\/thumbs_dsc03836.jpg\"\n               data-image-id=\"338\"\n               data-title=\"dsc03836\"\n               data-description=\"\"\n               data-image-slug=\"dsc03836\"\n               class=\"shutterset_695\">\n                <img\n                    title=\"dsc03836\"\n                    alt=\"dsc03836\"\n                    src=\"https:\/\/dpsniemojowice.pl\/2021\/wp-content\/gallery\/xvii-festiwal-sztuk-wszelakich-osob-niepelnosprawnych-w-lodzi\/thumbs\/thumbs_dsc03836.jpg\"\n                    width=\"100\"\n                    height=\"75\"\n                    style=\"max-width:100%;\"\n                \/>\n            <\/a>\n        <\/div>\n\t\t\t\t\t\t\t<\/div> \n\t\t\t\n        \n\t\t\t\t<div id=\"ngg-image-2\" class=\"ngg-gallery-thumbnail-box\" >\n\t\t\t\t        <div class=\"ngg-gallery-thumbnail\">\n            <a href=\"https:\/\/dpsniemojowice.pl\/2021\/wp-content\/gallery\/xvii-festiwal-sztuk-wszelakich-osob-niepelnosprawnych-w-lodzi\/dsc03851.jpg\"\n               title=\"\"\n               data-src=\"https:\/\/dpsniemojowice.pl\/2021\/wp-content\/gallery\/xvii-festiwal-sztuk-wszelakich-osob-niepelnosprawnych-w-lodzi\/dsc03851.jpg\"\n               data-thumbnail=\"https:\/\/dpsniemojowice.pl\/2021\/wp-content\/gallery\/xvii-festiwal-sztuk-wszelakich-osob-niepelnosprawnych-w-lodzi\/thumbs\/thumbs_dsc03851.jpg\"\n               data-image-id=\"339\"\n               data-title=\"dsc03851\"\n               data-description=\"\"\n               data-image-slug=\"dsc03851\"\n               class=\"shutterset_695\">\n                <img\n                    title=\"dsc03851\"\n                    alt=\"dsc03851\"\n                    src=\"https:\/\/dpsniemojowice.pl\/2021\/wp-content\/gallery\/xvii-festiwal-sztuk-wszelakich-osob-niepelnosprawnych-w-lodzi\/thumbs\/thumbs_dsc03851.jpg\"\n                    width=\"100\"\n                    height=\"75\"\n                    style=\"max-width:100%;\"\n                \/>\n            <\/a>\n        <\/div>\n\t\t\t\t\t\t\t<\/div> \n\t\t\t\n        \n\t\t\n\t\t<!-- Pagination -->\n\t<div class='ngg-clear'><\/div>\t<\/div>\n<\/p>\n","protected":false},"excerpt":{"rendered":"<p>Korzystaj\u0105c z zaproszenia Fundacji Klubu Lokalnej Integracji \u201eLonia\u201d oraz 5 Domu Pomocy Spo\u0142ecznej w \u0141odzi w dniu 5.11.2014r. Mieszka\u0144cy naszego Domu po raz pierwszy wzi\u0119li udzia\u0142 w XVII Festiwalu Sztuk Wszelakich w \u0141odzi.<\/p>\n","protected":false},"author":1,"featured_media":696,"comment_status":"open","ping_status":"open","sticky":false,"template":"","format":"standard","meta":{"ngg_post_thumbnail":0},"categories":[1],"tags":[],"_links":{"self":[{"href":"https:\/\/dpsniemojowice.pl\/2021\/wp-json\/wp\/v2\/posts\/690"}],"collection":[{"href":"https:\/\/dpsniemojowice.pl\/2021\/wp-json\/wp\/v2\/posts"}],"about":[{"href":"https:\/\/dpsniemojowice.pl\/2021\/wp-json\/wp\/v2\/types\/post"}],"author":[{"embeddable":true,"href":"https:\/\/dpsniemojowice.pl\/2021\/wp-json\/wp\/v2\/users\/1"}],"replies":[{"embeddable":true,"href":"https:\/\/dpsniemojowice.pl\/2021\/wp-json\/wp\/v2\/comments?post=690"}],"version-history":[{"count":2,"href":"https:\/\/dpsniemojowice.pl\/2021\/wp-json\/wp\/v2\/posts\/690\/revisions"}],"predecessor-version":[{"id":698,"href":"https:\/\/dpsniemojowice.pl\/2021\/wp-json\/wp\/v2\/posts\/690\/revisions\/698"}],"wp:featuredmedia":[{"embeddable":true,"href":"https:\/\/dpsniemojowice.pl\/2021\/wp-json\/wp\/v2\/media\/696"}],"wp:attachment":[{"href":"https:\/\/dpsniemojowice.pl\/2021\/wp-json\/wp\/v2\/media?parent=690"}],"wp:term":[{"taxonomy":"category","embeddable":true,"href":"https:\/\/dpsniemojowice.pl\/2021\/wp-json\/wp\/v2\/categories?post=690"},{"taxonomy":"post_tag","embeddable":true,"href":"https:\/\/dpsniemojowice.pl\/2021\/wp-json\/wp\/v2\/tags?post=690"}],"curies":[{"name":"wp","href":"https:\/\/api.w.org\/{rel}","templated":true}]}}