{"id":718,"date":"2014-11-27T06:46:49","date_gmt":"2014-11-27T06:46:49","guid":{"rendered":"http:\/\/dpsniemojowice.pl\/2021\/?p=718"},"modified":"2014-11-28T06:47:45","modified_gmt":"2014-11-28T06:47:45","slug":"wystep-choru-mlodziezy-z-gimnazjum-z-bialaczowa","status":"publish","type":"post","link":"https:\/\/dpsniemojowice.pl\/2021\/aktualnosci\/wystep-choru-mlodziezy-z-gimnazjum-z-bialaczowa\/","title":{"rendered":"WYST\u0118P CH\u00d3RU M\u0141ODZIE\u017bY Z GIMNAZJUM Z BIA\u0141ACZOWA"},"content":{"rendered":"<p style=\"text-align: justify;\" align=\"JUSTIFY\">Mi\u0142\u0105 niespodziank\u0119 Mieszka\u0144com naszego Domu zrobi\u0142a zaprzyja\u017aniona grupa m\u0142odzie\u017cy z Gimnazjum z Bia\u0142aczowa, kt\u00f3ra w dniu 26.11.2014r. przyjecha\u0142a wraz z opiekunami &#8211; Pani\u0105 El\u017cbiet\u0105 Al-Khouri i Pani\u0105 Katarzyn\u0105 \u0141\u0105czek z przygotowanym programem tematycznie nawi\u0105zuj\u0105cym do wydarze\u0144 11 listopada.<!--more--><\/p>\n<p style=\"text-align: justify;\" align=\"JUSTIFY\">Ch\u00f3r m\u0142odzie\u017cy pi\u0119knie wykona\u0142 pie\u015bni patriotyczne m.in. \u201ePierwsza brygada\u201d, \u201eMaszeruj\u0105 strzelcy\u201d, \u201eSerce w plecaku\u201d i wiele innych. M\u0142odzie\u017c przypomnia\u0142a histori\u0119 tragicznych wydarze\u0144 minionego wieku, tym samym od\u015bwie\u017caj\u0105c w pami\u0119ci mieszka\u0144c\u00f3w wspomnienia. Wielu z nich w\u0142\u0105cza\u0142o si\u0119 do wsp\u00f3lnego \u015bpiewu. Po wykonanym koncercie m\u0142odzie\u017c odwiedzi\u0142a mieszka\u0144c\u00f3w w ich pokojach.<\/p>\n<p style=\"text-align: justify;\" align=\"JUSTIFY\">M\u0142odzie\u017cy z Bia\u0142aczowa dzi\u0119kujemy za chwile pe\u0142ne wzrusze\u0144 i zapraszamy na kolejne spotkania.<\/p>\n<p style=\"text-align: justify;\" align=\"JUSTIFY\"><!-- index.php -->\n<div\n\tclass=\"ngg-galleryoverview ngg-ajax-pagination-none\"\n\tid=\"ngg-gallery-722-1\">\n\n    \t<div class=\"slideshowlink\">\n        <a href='https:\/\/dpsniemojowice.pl\/2021\/aktualnosci\/wystep-choru-mlodziezy-z-gimnazjum-z-bialaczowa\/nggallery\/slideshow'>Pokaz slajd\u00f3w<\/a>\n\t\t\n\t<\/div>\n\t\t\t<!-- Thumbnails -->\n\t\t\t\t<div id=\"ngg-image-0\" class=\"ngg-gallery-thumbnail-box\" >\n\t\t\t\t        <div class=\"ngg-gallery-thumbnail\">\n            <a href=\"https:\/\/dpsniemojowice.pl\/2021\/wp-content\/gallery\/wystep-choru-mlodziezy-z-gimnazjum-z-bialaczowa\/dsc04243.jpg\"\n               title=\"\"\n               data-src=\"https:\/\/dpsniemojowice.pl\/2021\/wp-content\/gallery\/wystep-choru-mlodziezy-z-gimnazjum-z-bialaczowa\/dsc04243.jpg\"\n               data-thumbnail=\"https:\/\/dpsniemojowice.pl\/2021\/wp-content\/gallery\/wystep-choru-mlodziezy-z-gimnazjum-z-bialaczowa\/thumbs\/thumbs_dsc04243.jpg\"\n               data-image-id=\"346\"\n               data-title=\"dsc04243\"\n               data-description=\"\"\n               data-image-slug=\"dsc04243\"\n               class=\"shutterset_722\">\n                <img\n                    title=\"dsc04243\"\n                    alt=\"dsc04243\"\n                    src=\"https:\/\/dpsniemojowice.pl\/2021\/wp-content\/gallery\/wystep-choru-mlodziezy-z-gimnazjum-z-bialaczowa\/thumbs\/thumbs_dsc04243.jpg\"\n                    width=\"100\"\n                    height=\"75\"\n                    style=\"max-width:100%;\"\n                \/>\n            <\/a>\n        <\/div>\n\t\t\t\t\t\t\t<\/div> \n\t\t\t\n        \n\t\t\t\t<div id=\"ngg-image-1\" class=\"ngg-gallery-thumbnail-box\" >\n\t\t\t\t        <div class=\"ngg-gallery-thumbnail\">\n            <a href=\"https:\/\/dpsniemojowice.pl\/2021\/wp-content\/gallery\/wystep-choru-mlodziezy-z-gimnazjum-z-bialaczowa\/dsc04257.jpg\"\n               title=\"\"\n               data-src=\"https:\/\/dpsniemojowice.pl\/2021\/wp-content\/gallery\/wystep-choru-mlodziezy-z-gimnazjum-z-bialaczowa\/dsc04257.jpg\"\n               data-thumbnail=\"https:\/\/dpsniemojowice.pl\/2021\/wp-content\/gallery\/wystep-choru-mlodziezy-z-gimnazjum-z-bialaczowa\/thumbs\/thumbs_dsc04257.jpg\"\n               data-image-id=\"347\"\n               data-title=\"dsc04257\"\n               data-description=\"\"\n               data-image-slug=\"dsc04257\"\n               class=\"shutterset_722\">\n                <img\n                    title=\"dsc04257\"\n                    alt=\"dsc04257\"\n                    src=\"https:\/\/dpsniemojowice.pl\/2021\/wp-content\/gallery\/wystep-choru-mlodziezy-z-gimnazjum-z-bialaczowa\/thumbs\/thumbs_dsc04257.jpg\"\n                    width=\"100\"\n                    height=\"75\"\n                    style=\"max-width:100%;\"\n                \/>\n            <\/a>\n        <\/div>\n\t\t\t\t\t\t\t<\/div> \n\t\t\t\n        \n\t\t\n\t\t<!-- Pagination -->\n\t<div class='ngg-clear'><\/div>\t<\/div>\n<\/p>\n","protected":false},"excerpt":{"rendered":"<p>Mi\u0142\u0105 niespodziank\u0119 Mieszka\u0144com naszego Domu zrobi\u0142a zaprzyja\u017aniona grupa m\u0142odzie\u017cy z Gimnazjum z Bia\u0142aczowa, kt\u00f3ra w dniu 26.11.2014r. przyjecha\u0142a wraz z opiekunami &#8211; Pani\u0105 El\u017cbiet\u0105 Al-Khouri i Pani\u0105 Katarzyn\u0105 \u0141\u0105czek z przygotowanym programem tematycznie nawi\u0105zuj\u0105cym do wydarze\u0144 11 listopada.<\/p>\n","protected":false},"author":1,"featured_media":724,"comment_status":"open","ping_status":"open","sticky":false,"template":"","format":"standard","meta":{"ngg_post_thumbnail":0},"categories":[1],"tags":[],"_links":{"self":[{"href":"https:\/\/dpsniemojowice.pl\/2021\/wp-json\/wp\/v2\/posts\/718"}],"collection":[{"href":"https:\/\/dpsniemojowice.pl\/2021\/wp-json\/wp\/v2\/posts"}],"about":[{"href":"https:\/\/dpsniemojowice.pl\/2021\/wp-json\/wp\/v2\/types\/post"}],"author":[{"embeddable":true,"href":"https:\/\/dpsniemojowice.pl\/2021\/wp-json\/wp\/v2\/users\/1"}],"replies":[{"embeddable":true,"href":"https:\/\/dpsniemojowice.pl\/2021\/wp-json\/wp\/v2\/comments?post=718"}],"version-history":[{"count":2,"href":"https:\/\/dpsniemojowice.pl\/2021\/wp-json\/wp\/v2\/posts\/718\/revisions"}],"predecessor-version":[{"id":725,"href":"https:\/\/dpsniemojowice.pl\/2021\/wp-json\/wp\/v2\/posts\/718\/revisions\/725"}],"wp:featuredmedia":[{"embeddable":true,"href":"https:\/\/dpsniemojowice.pl\/2021\/wp-json\/wp\/v2\/media\/724"}],"wp:attachment":[{"href":"https:\/\/dpsniemojowice.pl\/2021\/wp-json\/wp\/v2\/media?parent=718"}],"wp:term":[{"taxonomy":"category","embeddable":true,"href":"https:\/\/dpsniemojowice.pl\/2021\/wp-json\/wp\/v2\/categories?post=718"},{"taxonomy":"post_tag","embeddable":true,"href":"https:\/\/dpsniemojowice.pl\/2021\/wp-json\/wp\/v2\/tags?post=718"}],"curies":[{"name":"wp","href":"https:\/\/api.w.org\/{rel}","templated":true}]}}