{"id":741,"date":"2014-12-24T12:00:50","date_gmt":"2014-12-24T12:00:50","guid":{"rendered":"http:\/\/dpsniemojowice.pl\/2021\/?p=741"},"modified":"2014-12-29T21:01:29","modified_gmt":"2014-12-29T21:01:29","slug":"wigilia-2014","status":"publish","type":"post","link":"https:\/\/dpsniemojowice.pl\/2021\/aktualnosci\/wigilia-2014\/","title":{"rendered":"WIGILIA 2014"},"content":{"rendered":"<p style=\"text-align: justify;\" align=\"JUSTIFY\"><span style=\"color: #000000;\">Zgodnie z tradycj\u0105 w Domu Pomocy Spo\u0142ecznej w Niemojowicach odby\u0142a si\u0119 uroczysta kolacja wigilijna, w kt\u00f3rej uczestniczyli mieszka\u0144cy i pracownicy Domu oraz zaproszeni go\u015bcie<!--more-->:<\/span><\/p>\n<p style=\"text-align: justify;\" align=\"JUSTIFY\"><span style=\"color: #000000;\">&#8211; Wicestarosta Powiatu Opoczy\u0144skiego Pan Marcin Baranowski<\/span><\/p>\n<p style=\"text-align: justify;\" align=\"JUSTIFY\"><span style=\"color: #000000;\">&#8211; W\u00f3jt Gminy \u017barn\u00f3w Pan Krzysztof Nawrocki<\/span><\/p>\n<p style=\"text-align: justify;\" align=\"JUSTIFY\"><span style=\"color: #000000;\">&#8211; Proboszcz Parafii pw. \u015aw. Miko\u0142aja w \u017barnowie ks. Jan Dere\u0144<\/span><\/p>\n<p style=\"text-align: justify;\" align=\"JUSTIFY\"><span style=\"color: #000000;\">&#8211; Ksi\u0105dz Rezydent Jan Kruk<\/span><\/p>\n<p style=\"text-align: justify;\" align=\"JUSTIFY\"><span style=\"color: #000000;\">&#8211; Ksi\u0105dz Wikariusz Marcin Wojciechowski<\/span><\/p>\n<p style=\"text-align: justify;\" align=\"JUSTIFY\"><span style=\"color: #000000;\">&#8211; Kierownik O\u015brodka Pomocy Spo\u0142ecznej w \u017barnowie Pani Ma\u0142gorzata Pietruszka<\/span><\/p>\n<p style=\"text-align: justify;\" align=\"JUSTIFY\"><span style=\"color: #000000;\">&#8211; Kierownik Warsztat\u00f3w Terapii Zaj\u0119ciowej w \u017barnowie Pan Micha\u0142 Cegie\u0142a<\/span><\/p>\n<p style=\"text-align: justify;\" align=\"JUSTIFY\"><span style=\"color: #000000;\">Wszystkim zebranym \u017cyczenia z\u0142o\u017cy\u0142a Dyrektor Domu Pani Renata Konecka wraz z przewodnicz\u0105cym Rady Mieszka\u0144c\u00f3w Domu, po kt\u00f3rej g\u0142os zabrali zaproszeni go\u015bcie.<\/span><\/p>\n<p style=\"text-align: justify;\" align=\"JUSTIFY\"><span style=\"color: #000000;\">Nast\u0119pnie mieszka\u0144cy Domu przedstawili kr\u00f3tk\u0105 cz\u0119\u015b\u0107 artystyczn\u0105, w kt\u00f3rej nie zabrak\u0142o tradycyjnych polskich kol\u0119d.<\/span><\/p>\n<p style=\"text-align: justify;\" align=\"JUSTIFY\"><span style=\"color: #000000;\">Wsp\u00f3lne \u0142amanie si\u0119 op\u0142atkiem oraz kolacja wigilijna wzbudzi\u0142a u mieszka\u0144c\u00f3w wiele emocji a \u015bpiewane kol\u0119dy przynios\u0142y rado\u015b\u0107 i wywo\u0142a\u0142y mi\u0142\u0105 i rodzinn\u0105 atmosfer\u0119.<\/span><\/p>\n<p style=\"text-align: justify;\" align=\"JUSTIFY\"><!-- index.php -->\n<div\n\tclass=\"ngg-galleryoverview ngg-ajax-pagination-none\"\n\tid=\"ngg-gallery-746-1\">\n\n    \t<div class=\"slideshowlink\">\n        <a href='https:\/\/dpsniemojowice.pl\/2021\/aktualnosci\/wigilia-2014\/nggallery\/slideshow'>Pokaz slajd\u00f3w<\/a>\n\t\t\n\t<\/div>\n\t\t\t<!-- Thumbnails -->\n\t\t\t\t<div id=\"ngg-image-0\" class=\"ngg-gallery-thumbnail-box\" >\n\t\t\t\t        <div class=\"ngg-gallery-thumbnail\">\n            <a href=\"https:\/\/dpsniemojowice.pl\/2021\/wp-content\/gallery\/wigilia-2014\/dsc04363.jpg\"\n               title=\"\"\n               data-src=\"https:\/\/dpsniemojowice.pl\/2021\/wp-content\/gallery\/wigilia-2014\/dsc04363.jpg\"\n               data-thumbnail=\"https:\/\/dpsniemojowice.pl\/2021\/wp-content\/gallery\/wigilia-2014\/thumbs\/thumbs_dsc04363.jpg\"\n               data-image-id=\"352\"\n               data-title=\"dsc04363\"\n               data-description=\"\"\n               data-image-slug=\"dsc04363\"\n               class=\"shutterset_746\">\n                <img\n                    title=\"dsc04363\"\n                    alt=\"dsc04363\"\n                    src=\"https:\/\/dpsniemojowice.pl\/2021\/wp-content\/gallery\/wigilia-2014\/thumbs\/thumbs_dsc04363.jpg\"\n                    width=\"100\"\n                    height=\"75\"\n                    style=\"max-width:100%;\"\n                \/>\n            <\/a>\n        <\/div>\n\t\t\t\t\t\t\t<\/div> \n\t\t\t\n        \n\t\t\t\t<div id=\"ngg-image-1\" class=\"ngg-gallery-thumbnail-box\" >\n\t\t\t\t        <div class=\"ngg-gallery-thumbnail\">\n            <a href=\"https:\/\/dpsniemojowice.pl\/2021\/wp-content\/gallery\/wigilia-2014\/dsc04372.jpg\"\n               title=\"\"\n               data-src=\"https:\/\/dpsniemojowice.pl\/2021\/wp-content\/gallery\/wigilia-2014\/dsc04372.jpg\"\n               data-thumbnail=\"https:\/\/dpsniemojowice.pl\/2021\/wp-content\/gallery\/wigilia-2014\/thumbs\/thumbs_dsc04372.jpg\"\n               data-image-id=\"353\"\n               data-title=\"dsc04372\"\n               data-description=\"\"\n               data-image-slug=\"dsc04372\"\n               class=\"shutterset_746\">\n                <img\n                    title=\"dsc04372\"\n                    alt=\"dsc04372\"\n                    src=\"https:\/\/dpsniemojowice.pl\/2021\/wp-content\/gallery\/wigilia-2014\/thumbs\/thumbs_dsc04372.jpg\"\n                    width=\"100\"\n                    height=\"75\"\n                    style=\"max-width:100%;\"\n                \/>\n            <\/a>\n        <\/div>\n\t\t\t\t\t\t\t<\/div> \n\t\t\t\n        \n\t\t\t\t<div id=\"ngg-image-2\" class=\"ngg-gallery-thumbnail-box\" >\n\t\t\t\t        <div class=\"ngg-gallery-thumbnail\">\n            <a href=\"https:\/\/dpsniemojowice.pl\/2021\/wp-content\/gallery\/wigilia-2014\/dsc04389.jpg\"\n               title=\"\"\n               data-src=\"https:\/\/dpsniemojowice.pl\/2021\/wp-content\/gallery\/wigilia-2014\/dsc04389.jpg\"\n               data-thumbnail=\"https:\/\/dpsniemojowice.pl\/2021\/wp-content\/gallery\/wigilia-2014\/thumbs\/thumbs_dsc04389.jpg\"\n               data-image-id=\"354\"\n               data-title=\"dsc04389\"\n               data-description=\"\"\n               data-image-slug=\"dsc04389\"\n               class=\"shutterset_746\">\n                <img\n                    title=\"dsc04389\"\n                    alt=\"dsc04389\"\n                    src=\"https:\/\/dpsniemojowice.pl\/2021\/wp-content\/gallery\/wigilia-2014\/thumbs\/thumbs_dsc04389.jpg\"\n                    width=\"100\"\n                    height=\"75\"\n                    style=\"max-width:100%;\"\n                \/>\n            <\/a>\n        <\/div>\n\t\t\t\t\t\t\t<\/div> \n\t\t\t\n        \n\t\t\n\t\t<!-- Pagination -->\n\t<div class='ngg-clear'><\/div>\t<\/div>\n<\/p>\n<p style=\"text-align: justify;\" align=\"JUSTIFY\">\n","protected":false},"excerpt":{"rendered":"<p>Zgodnie z tradycj\u0105 w Domu Pomocy Spo\u0142ecznej w Niemojowicach odby\u0142a si\u0119 uroczysta kolacja wigilijna, w kt\u00f3rej uczestniczyli mieszka\u0144cy i pracownicy Domu oraz zaproszeni go\u015bcie<\/p>\n","protected":false},"author":1,"featured_media":380,"comment_status":"open","ping_status":"open","sticky":false,"template":"","format":"standard","meta":{"ngg_post_thumbnail":0},"categories":[1],"tags":[],"_links":{"self":[{"href":"https:\/\/dpsniemojowice.pl\/2021\/wp-json\/wp\/v2\/posts\/741"}],"collection":[{"href":"https:\/\/dpsniemojowice.pl\/2021\/wp-json\/wp\/v2\/posts"}],"about":[{"href":"https:\/\/dpsniemojowice.pl\/2021\/wp-json\/wp\/v2\/types\/post"}],"author":[{"embeddable":true,"href":"https:\/\/dpsniemojowice.pl\/2021\/wp-json\/wp\/v2\/users\/1"}],"replies":[{"embeddable":true,"href":"https:\/\/dpsniemojowice.pl\/2021\/wp-json\/wp\/v2\/comments?post=741"}],"version-history":[{"count":2,"href":"https:\/\/dpsniemojowice.pl\/2021\/wp-json\/wp\/v2\/posts\/741\/revisions"}],"predecessor-version":[{"id":748,"href":"https:\/\/dpsniemojowice.pl\/2021\/wp-json\/wp\/v2\/posts\/741\/revisions\/748"}],"wp:featuredmedia":[{"embeddable":true,"href":"https:\/\/dpsniemojowice.pl\/2021\/wp-json\/wp\/v2\/media\/380"}],"wp:attachment":[{"href":"https:\/\/dpsniemojowice.pl\/2021\/wp-json\/wp\/v2\/media?parent=741"}],"wp:term":[{"taxonomy":"category","embeddable":true,"href":"https:\/\/dpsniemojowice.pl\/2021\/wp-json\/wp\/v2\/categories?post=741"},{"taxonomy":"post_tag","embeddable":true,"href":"https:\/\/dpsniemojowice.pl\/2021\/wp-json\/wp\/v2\/tags?post=741"}],"curies":[{"name":"wp","href":"https:\/\/api.w.org\/{rel}","templated":true}]}}