{"id":772,"date":"2015-01-22T21:42:43","date_gmt":"2015-01-22T21:42:43","guid":{"rendered":"http:\/\/dpsniemojowice.pl\/2021\/?p=772"},"modified":"2015-01-22T21:43:16","modified_gmt":"2015-01-22T21:43:16","slug":"dzien-babci-i-dziadka-3","status":"publish","type":"post","link":"https:\/\/dpsniemojowice.pl\/2021\/aktualnosci\/dzien-babci-i-dziadka-3\/","title":{"rendered":"DZIE\u0143 BABCI I DZIADKA"},"content":{"rendered":"<p style=\"text-align: justify;\" align=\"JUSTIFY\">Dzie\u0144 Babci i Dziadka to pi\u0119kne dni, w kt\u00f3rych podkre\u015blamy szczeg\u00f3ln\u0105 wi\u0119\u017a z naszymi babciami i dziadkami. W tym szczeg\u00f3lnym dniu tak\u017ce Mieszka\u0144cy naszego Domu wzi\u0119li udzia\u0142 w spotkaniu zorganizowanym z tej okazji. <!--more-->Obejrzeli cz\u0119\u015b\u0107 artystyczn\u0105 przygotowan\u0105 przez instruktor\u00f3w terapii zaj\u0119ciowej wraz z mieszka\u0144cami z grupy teatralno- wokalnej \u201eCzarno to widz\u0119\u201d dzia\u0142aj\u0105cej na terenie Domu . Potem wsp\u00f3lnie bawili si\u0119 przy zabawach tanecznych z wykorzystaniem chusty animacyjnej. Po pocz\u0119stunku wzruszeni wr\u00f3cili do swoich pokoi. Wszyscy Mieszka\u0144cy otrzymali r\u0119cznie robione upominki.<\/p>\n<p style=\"text-align: justify;\" align=\"JUSTIFY\">Babciom i Dziadkom \u017cyczymy du\u017co zdrowia i samych pogodnych dni!!!<\/p>\n<p style=\"text-align: justify;\" align=\"JUSTIFY\">STO LAT!!!!<\/p>\n<p style=\"text-align: justify;\" align=\"JUSTIFY\"><!-- index.php -->\n<div\n\tclass=\"ngg-galleryoverview ngg-ajax-pagination-none\"\n\tid=\"ngg-gallery-779-1\">\n\n    \t<div class=\"slideshowlink\">\n        <a href='https:\/\/dpsniemojowice.pl\/2021\/aktualnosci\/dzien-babci-i-dziadka-3\/nggallery\/slideshow'>Pokaz slajd\u00f3w<\/a>\n\t\t\n\t<\/div>\n\t\t\t<!-- Thumbnails -->\n\t\t\t\t<div id=\"ngg-image-0\" class=\"ngg-gallery-thumbnail-box\" >\n\t\t\t\t        <div class=\"ngg-gallery-thumbnail\">\n            <a href=\"https:\/\/dpsniemojowice.pl\/2021\/wp-content\/gallery\/dzien-babci-i-dziadka-3\/dsc04576.jpg\"\n               title=\"\"\n               data-src=\"https:\/\/dpsniemojowice.pl\/2021\/wp-content\/gallery\/dzien-babci-i-dziadka-3\/dsc04576.jpg\"\n               data-thumbnail=\"https:\/\/dpsniemojowice.pl\/2021\/wp-content\/gallery\/dzien-babci-i-dziadka-3\/thumbs\/thumbs_dsc04576.jpg\"\n               data-image-id=\"362\"\n               data-title=\"dsc04576\"\n               data-description=\"\"\n               data-image-slug=\"dsc04576\"\n               class=\"shutterset_779\">\n                <img\n                    title=\"dsc04576\"\n                    alt=\"dsc04576\"\n                    src=\"https:\/\/dpsniemojowice.pl\/2021\/wp-content\/gallery\/dzien-babci-i-dziadka-3\/thumbs\/thumbs_dsc04576.jpg\"\n                    width=\"100\"\n                    height=\"75\"\n                    style=\"max-width:100%;\"\n                \/>\n            <\/a>\n        <\/div>\n\t\t\t\t\t\t\t<\/div> \n\t\t\t\n        \n\t\t\t\t<div id=\"ngg-image-1\" class=\"ngg-gallery-thumbnail-box\" >\n\t\t\t\t        <div class=\"ngg-gallery-thumbnail\">\n            <a href=\"https:\/\/dpsniemojowice.pl\/2021\/wp-content\/gallery\/dzien-babci-i-dziadka-3\/dsc04580.jpg\"\n               title=\"\"\n               data-src=\"https:\/\/dpsniemojowice.pl\/2021\/wp-content\/gallery\/dzien-babci-i-dziadka-3\/dsc04580.jpg\"\n               data-thumbnail=\"https:\/\/dpsniemojowice.pl\/2021\/wp-content\/gallery\/dzien-babci-i-dziadka-3\/thumbs\/thumbs_dsc04580.jpg\"\n               data-image-id=\"363\"\n               data-title=\"dsc04580\"\n               data-description=\"\"\n               data-image-slug=\"dsc04580\"\n               class=\"shutterset_779\">\n                <img\n                    title=\"dsc04580\"\n                    alt=\"dsc04580\"\n                    src=\"https:\/\/dpsniemojowice.pl\/2021\/wp-content\/gallery\/dzien-babci-i-dziadka-3\/thumbs\/thumbs_dsc04580.jpg\"\n                    width=\"100\"\n                    height=\"75\"\n                    style=\"max-width:100%;\"\n                \/>\n            <\/a>\n        <\/div>\n\t\t\t\t\t\t\t<\/div> \n\t\t\t\n        \n\t\t\t\t<div id=\"ngg-image-2\" class=\"ngg-gallery-thumbnail-box\" >\n\t\t\t\t        <div class=\"ngg-gallery-thumbnail\">\n            <a href=\"https:\/\/dpsniemojowice.pl\/2021\/wp-content\/gallery\/dzien-babci-i-dziadka-3\/dsc04590.jpg\"\n               title=\"\"\n               data-src=\"https:\/\/dpsniemojowice.pl\/2021\/wp-content\/gallery\/dzien-babci-i-dziadka-3\/dsc04590.jpg\"\n               data-thumbnail=\"https:\/\/dpsniemojowice.pl\/2021\/wp-content\/gallery\/dzien-babci-i-dziadka-3\/thumbs\/thumbs_dsc04590.jpg\"\n               data-image-id=\"364\"\n               data-title=\"dsc04590\"\n               data-description=\"\"\n               data-image-slug=\"dsc04590\"\n               class=\"shutterset_779\">\n                <img\n                    title=\"dsc04590\"\n                    alt=\"dsc04590\"\n                    src=\"https:\/\/dpsniemojowice.pl\/2021\/wp-content\/gallery\/dzien-babci-i-dziadka-3\/thumbs\/thumbs_dsc04590.jpg\"\n                    width=\"100\"\n                    height=\"75\"\n                    style=\"max-width:100%;\"\n                \/>\n            <\/a>\n        <\/div>\n\t\t\t\t\t\t\t<\/div> \n\t\t\t\n        \n\t\t\t\t<div id=\"ngg-image-3\" class=\"ngg-gallery-thumbnail-box\" >\n\t\t\t\t        <div class=\"ngg-gallery-thumbnail\">\n            <a href=\"https:\/\/dpsniemojowice.pl\/2021\/wp-content\/gallery\/dzien-babci-i-dziadka-3\/dsc04610.jpg\"\n               title=\"\"\n               data-src=\"https:\/\/dpsniemojowice.pl\/2021\/wp-content\/gallery\/dzien-babci-i-dziadka-3\/dsc04610.jpg\"\n               data-thumbnail=\"https:\/\/dpsniemojowice.pl\/2021\/wp-content\/gallery\/dzien-babci-i-dziadka-3\/thumbs\/thumbs_dsc04610.jpg\"\n               data-image-id=\"365\"\n               data-title=\"dsc04610\"\n               data-description=\"\"\n               data-image-slug=\"dsc04610\"\n               class=\"shutterset_779\">\n                <img\n                    title=\"dsc04610\"\n                    alt=\"dsc04610\"\n                    src=\"https:\/\/dpsniemojowice.pl\/2021\/wp-content\/gallery\/dzien-babci-i-dziadka-3\/thumbs\/thumbs_dsc04610.jpg\"\n                    width=\"100\"\n                    height=\"75\"\n                    style=\"max-width:100%;\"\n                \/>\n            <\/a>\n        <\/div>\n\t\t\t\t\t\t\t<\/div> \n\t\t\t\n        \n\t\t\n\t\t<!-- Pagination -->\n\t<div class='ngg-clear'><\/div>\t<\/div>\n<\/p>\n","protected":false},"excerpt":{"rendered":"<p>Dzie\u0144 Babci i Dziadka to pi\u0119kne dni, w kt\u00f3rych podkre\u015blamy szczeg\u00f3ln\u0105 wi\u0119\u017a z naszymi babciami i dziadkami. W tym szczeg\u00f3lnym dniu tak\u017ce Mieszka\u0144cy naszego Domu wzi\u0119li udzia\u0142 w spotkaniu zorganizowanym z tej okazji.<\/p>\n","protected":false},"author":1,"featured_media":778,"comment_status":"open","ping_status":"open","sticky":false,"template":"","format":"standard","meta":{"ngg_post_thumbnail":0},"categories":[1],"tags":[],"_links":{"self":[{"href":"https:\/\/dpsniemojowice.pl\/2021\/wp-json\/wp\/v2\/posts\/772"}],"collection":[{"href":"https:\/\/dpsniemojowice.pl\/2021\/wp-json\/wp\/v2\/posts"}],"about":[{"href":"https:\/\/dpsniemojowice.pl\/2021\/wp-json\/wp\/v2\/types\/post"}],"author":[{"embeddable":true,"href":"https:\/\/dpsniemojowice.pl\/2021\/wp-json\/wp\/v2\/users\/1"}],"replies":[{"embeddable":true,"href":"https:\/\/dpsniemojowice.pl\/2021\/wp-json\/wp\/v2\/comments?post=772"}],"version-history":[{"count":2,"href":"https:\/\/dpsniemojowice.pl\/2021\/wp-json\/wp\/v2\/posts\/772\/revisions"}],"predecessor-version":[{"id":781,"href":"https:\/\/dpsniemojowice.pl\/2021\/wp-json\/wp\/v2\/posts\/772\/revisions\/781"}],"wp:featuredmedia":[{"embeddable":true,"href":"https:\/\/dpsniemojowice.pl\/2021\/wp-json\/wp\/v2\/media\/778"}],"wp:attachment":[{"href":"https:\/\/dpsniemojowice.pl\/2021\/wp-json\/wp\/v2\/media?parent=772"}],"wp:term":[{"taxonomy":"category","embeddable":true,"href":"https:\/\/dpsniemojowice.pl\/2021\/wp-json\/wp\/v2\/categories?post=772"},{"taxonomy":"post_tag","embeddable":true,"href":"https:\/\/dpsniemojowice.pl\/2021\/wp-json\/wp\/v2\/tags?post=772"}],"curies":[{"name":"wp","href":"https:\/\/api.w.org\/{rel}","templated":true}]}}