{"id":829,"date":"2015-02-26T00:09:53","date_gmt":"2015-02-26T00:09:53","guid":{"rendered":"http:\/\/dpsniemojowice.pl\/2021\/?p=829"},"modified":"2015-02-28T00:15:54","modified_gmt":"2015-02-28T00:15:54","slug":"wyjazd-do-kina-w-drzewicy","status":"publish","type":"post","link":"https:\/\/dpsniemojowice.pl\/2021\/aktualnosci\/wyjazd-do-kina-w-drzewicy\/","title":{"rendered":"WYJAZD DO KINA W DRZEWICY"},"content":{"rendered":"<p style=\"text-align: justify;\"><span style=\"color: #000000;\">W dniu 25.02.2015r. Mieszka\u0144cy naszego Domu wybrali si\u0119 do kina. Tym razem seans odby\u0142 si\u0119 w Regionalnym Centrum Kultury w Drzewicy. Mieszka\u0144cy obejrzeli film pt. \u201eWkr\u0119ceni 2\u201d, w kt\u00f3rym wzi\u0119\u0142a udzia\u0142 plejada polskich gwiazd kina.<!--more--> Bohaterowie znani z pierwszej cz\u0119\u015bci filmu ruszyli na podb\u00f3j stolicy i polskiego showbiznesu. Widzowie mogli przekona\u0107 si\u0119, jak naprawd\u0119 funkcjonuje \u015bwiat gwiazd znanych z program\u00f3w rozrywkowych. Zabawna komedia rozbawi\u0142a wszystkich ogl\u0105daj\u0105cych. Po seansie mieszka\u0144cy zadowoleni z wyjazdu wr\u00f3cili do Domu.<\/span><\/p>\n<p style=\"text-align: justify;\">            \n\t\t<div class=\"ngg-gallery-singlepic-image \" style=\"\">\n\t\t\t    \t<a href=\"https:\/\/dpsniemojowice.pl\/2021\/wp-content\/gallery\/wyjazd-do-kina-w-drzewicy\/dsc04971.jpg\"\n\t\t     title=\"\"\n             data-src=\"https:\/\/dpsniemojowice.pl\/2021\/wp-content\/gallery\/wyjazd-do-kina-w-drzewicy\/dsc04971.jpg\"\n             data-thumbnail=\"https:\/\/dpsniemojowice.pl\/2021\/wp-content\/gallery\/wyjazd-do-kina-w-drzewicy\/thumbs\/thumbs_dsc04971.jpg\"\n             data-image-id=\"378\"\n             data-title=\"dsc04971\"\n             data-description=\"\"\n             target='_self'\n             class=\"shutterset_c14a9bd317d983004115456a9a074f26\">\n            <img class=\"ngg-singlepic\"\n             src=\"https:\/\/dpsniemojowice.pl\/2021\/nextgen-image\/378\/0x0x100\/633ec762282c2e23ad45f8dcb22ba3fc\"\n             alt=\"dsc04971\"\n             title=\"dsc04971\"\n                           \/>\n    \t<\/a>\n\t\t      <\/div>\n        <\/p>\n<p style=\"text-align: justify;\">            \n\t\t<div class=\"ngg-gallery-singlepic-image \" style=\"\">\n\t\t\t    \t<a href=\"https:\/\/dpsniemojowice.pl\/2021\/wp-content\/gallery\/wyjazd-do-kina-w-drzewicy\/dsc04972.jpg\"\n\t\t     title=\"\"\n             data-src=\"https:\/\/dpsniemojowice.pl\/2021\/wp-content\/gallery\/wyjazd-do-kina-w-drzewicy\/dsc04972.jpg\"\n             data-thumbnail=\"https:\/\/dpsniemojowice.pl\/2021\/wp-content\/gallery\/wyjazd-do-kina-w-drzewicy\/thumbs\/thumbs_dsc04972.jpg\"\n             data-image-id=\"379\"\n             data-title=\"dsc04972\"\n             data-description=\"\"\n             target='_self'\n             class=\"shutterset_57c57c28deb3120d23d9e48aac6e3211\">\n            <img class=\"ngg-singlepic\"\n             src=\"https:\/\/dpsniemojowice.pl\/2021\/nextgen-image\/379\/0x0x100\/d24fb6dada5add981f7e8f197f571fd3\"\n             alt=\"dsc04972\"\n             title=\"dsc04972\"\n                           \/>\n    \t<\/a>\n\t\t      <\/div>\n        <\/p>\n","protected":false},"excerpt":{"rendered":"<p>W dniu 25.02.2015r. Mieszka\u0144cy naszego Domu wybrali si\u0119 do kina. Tym razem seans odby\u0142 si\u0119 w Regionalnym Centrum Kultury w Drzewicy. Mieszka\u0144cy obejrzeli film pt. \u201eWkr\u0119ceni 2\u201d, w kt\u00f3rym wzi\u0119\u0142a udzia\u0142 plejada polskich gwiazd kina.<\/p>\n","protected":false},"author":1,"featured_media":834,"comment_status":"open","ping_status":"open","sticky":false,"template":"","format":"standard","meta":{"ngg_post_thumbnail":0},"categories":[1],"tags":[],"_links":{"self":[{"href":"https:\/\/dpsniemojowice.pl\/2021\/wp-json\/wp\/v2\/posts\/829"}],"collection":[{"href":"https:\/\/dpsniemojowice.pl\/2021\/wp-json\/wp\/v2\/posts"}],"about":[{"href":"https:\/\/dpsniemojowice.pl\/2021\/wp-json\/wp\/v2\/types\/post"}],"author":[{"embeddable":true,"href":"https:\/\/dpsniemojowice.pl\/2021\/wp-json\/wp\/v2\/users\/1"}],"replies":[{"embeddable":true,"href":"https:\/\/dpsniemojowice.pl\/2021\/wp-json\/wp\/v2\/comments?post=829"}],"version-history":[{"count":2,"href":"https:\/\/dpsniemojowice.pl\/2021\/wp-json\/wp\/v2\/posts\/829\/revisions"}],"predecessor-version":[{"id":835,"href":"https:\/\/dpsniemojowice.pl\/2021\/wp-json\/wp\/v2\/posts\/829\/revisions\/835"}],"wp:featuredmedia":[{"embeddable":true,"href":"https:\/\/dpsniemojowice.pl\/2021\/wp-json\/wp\/v2\/media\/834"}],"wp:attachment":[{"href":"https:\/\/dpsniemojowice.pl\/2021\/wp-json\/wp\/v2\/media?parent=829"}],"wp:term":[{"taxonomy":"category","embeddable":true,"href":"https:\/\/dpsniemojowice.pl\/2021\/wp-json\/wp\/v2\/categories?post=829"},{"taxonomy":"post_tag","embeddable":true,"href":"https:\/\/dpsniemojowice.pl\/2021\/wp-json\/wp\/v2\/tags?post=829"}],"curies":[{"name":"wp","href":"https:\/\/api.w.org\/{rel}","templated":true}]}}