{"id":838,"date":"2015-03-05T05:12:20","date_gmt":"2015-03-05T05:12:20","guid":{"rendered":"http:\/\/dpsniemojowice.pl\/2021\/?p=838"},"modified":"2015-03-09T05:21:32","modified_gmt":"2015-03-09T05:21:32","slug":"dzien-kobiet","status":"publish","type":"post","link":"https:\/\/dpsniemojowice.pl\/2021\/aktualnosci\/dzien-kobiet\/","title":{"rendered":"DZIE\u0143 KOBIET"},"content":{"rendered":"<p style=\"text-align: justify;\"><span style=\"color: #000000;\">W dniu 05.03.2015r. w naszym Domu odby\u0142y si\u0119 obchody Dnia Kobiet. Grupa teatralna \u201eCzarno to widz\u0119\u201d pod czujnym okiem instruktor\u00f3w terapii zaj\u0119ciowej przygotowa\u0142a i przedstawi\u0142a s\u0142owno -muzyczny program zwi\u0105zany z tym \u015bwi\u0119tem.<!--more--> Nie zabrak\u0142o w nim piosenek i wierszy o kobietach i dla kobiet oraz humorystycznego skeczu. Po wyst\u0119pie m\u0119ska cz\u0119\u015b\u0107 Mieszka\u0144c\u00f3w rozda\u0142a wszystkim paniom r\u0119cznie zrobione upominki ze s\u0142odk\u0105 niespodziank\u0105 w \u015brodku.<\/span><\/p>\n<p style=\"text-align: justify;\"><span style=\"color: #000000;\">Kolejnym bardzo mi\u0142ym akcentem by\u0142o wr\u0119czenie Mieszkankom wiosennych kwiat\u00f3w przez m\u0119\u017cczyzn pracuj\u0105cych w naszym Domu.<\/span><\/p>\n<p style=\"text-align: justify;\"><span style=\"color: #000000;\">Wszystkim Panom bardzo dzi\u0119kujemy za pami\u0119\u0107 a Paniom z okazji ich \u015bwi\u0119ta sk\u0142adamy najserdeczniejsze \u017cyczenia!!!<\/span><\/p>\n<p>&nbsp;<\/p>\n<p style=\"text-align: justify;\"><!-- index.php -->\n<div\n\tclass=\"ngg-galleryoverview ngg-ajax-pagination-none\"\n\tid=\"ngg-gallery-843-1\">\n\n    \t\t<!-- Thumbnails -->\n\t\t\t\t<div id=\"ngg-image-0\" class=\"ngg-gallery-thumbnail-box\" >\n\t\t\t\t        <div class=\"ngg-gallery-thumbnail\">\n            <a href=\"https:\/\/dpsniemojowice.pl\/2021\/wp-content\/gallery\/dzien-kobiet-2\/dsc04980.jpg\"\n               title=\"\"\n               data-src=\"https:\/\/dpsniemojowice.pl\/2021\/wp-content\/gallery\/dzien-kobiet-2\/dsc04980.jpg\"\n               data-thumbnail=\"https:\/\/dpsniemojowice.pl\/2021\/wp-content\/gallery\/dzien-kobiet-2\/thumbs\/thumbs_dsc04980.jpg\"\n               data-image-id=\"380\"\n               data-title=\"dsc04980\"\n               data-description=\"\"\n               data-image-slug=\"dsc04980\"\n               class=\"shutterset_843\">\n                <img\n                    title=\"dsc04980\"\n                    alt=\"dsc04980\"\n                    src=\"https:\/\/dpsniemojowice.pl\/2021\/wp-content\/gallery\/dzien-kobiet-2\/cache\/dsc04980-nggid03380-ngg0dyn-520x410x100-00f0w010c011r110f110r010t010.jpg\"\n                    width=\"520\"\n                    height=\"410\"\n                    style=\"max-width:100%;\"\n                \/>\n            <\/a>\n        <\/div>\n\t\t\t\t\t\t\t<\/div> \n\t\t\t\n        \n\t\t\t\t<div id=\"ngg-image-1\" class=\"ngg-gallery-thumbnail-box\" >\n\t\t\t\t        <div class=\"ngg-gallery-thumbnail\">\n            <a href=\"https:\/\/dpsniemojowice.pl\/2021\/wp-content\/gallery\/dzien-kobiet-2\/dsc04984.jpg\"\n               title=\"\"\n               data-src=\"https:\/\/dpsniemojowice.pl\/2021\/wp-content\/gallery\/dzien-kobiet-2\/dsc04984.jpg\"\n               data-thumbnail=\"https:\/\/dpsniemojowice.pl\/2021\/wp-content\/gallery\/dzien-kobiet-2\/thumbs\/thumbs_dsc04984.jpg\"\n               data-image-id=\"381\"\n               data-title=\"dsc04984\"\n               data-description=\"\"\n               data-image-slug=\"dsc04984\"\n               class=\"shutterset_843\">\n                <img\n                    title=\"dsc04984\"\n                    alt=\"dsc04984\"\n                    src=\"https:\/\/dpsniemojowice.pl\/2021\/wp-content\/gallery\/dzien-kobiet-2\/cache\/dsc04984-nggid03381-ngg0dyn-520x410x100-00f0w010c011r110f110r010t010.jpg\"\n                    width=\"520\"\n                    height=\"410\"\n                    style=\"max-width:100%;\"\n                \/>\n            <\/a>\n        <\/div>\n\t\t\t\t\t\t\t<\/div> \n\t\t\t\n        \n\t\t\t\t<div id=\"ngg-image-2\" class=\"ngg-gallery-thumbnail-box\" >\n\t\t\t\t        <div class=\"ngg-gallery-thumbnail\">\n            <a href=\"https:\/\/dpsniemojowice.pl\/2021\/wp-content\/gallery\/dzien-kobiet-2\/dsc04989.jpg\"\n               title=\"\"\n               data-src=\"https:\/\/dpsniemojowice.pl\/2021\/wp-content\/gallery\/dzien-kobiet-2\/dsc04989.jpg\"\n               data-thumbnail=\"https:\/\/dpsniemojowice.pl\/2021\/wp-content\/gallery\/dzien-kobiet-2\/thumbs\/thumbs_dsc04989.jpg\"\n               data-image-id=\"382\"\n               data-title=\"dsc04989\"\n               data-description=\"\"\n               data-image-slug=\"dsc04989\"\n               class=\"shutterset_843\">\n                <img\n                    title=\"dsc04989\"\n                    alt=\"dsc04989\"\n                    src=\"https:\/\/dpsniemojowice.pl\/2021\/wp-content\/gallery\/dzien-kobiet-2\/cache\/dsc04989-nggid03382-ngg0dyn-520x410x100-00f0w010c011r110f110r010t010.jpg\"\n                    width=\"520\"\n                    height=\"410\"\n                    style=\"max-width:100%;\"\n                \/>\n            <\/a>\n        <\/div>\n\t\t\t\t\t\t\t<\/div> \n\t\t\t\n        \n\t\t\n\t\t<!-- Pagination -->\n\t<div class='ngg-clear'><\/div>\t<\/div>\n<\/p>\n<p>&nbsp;<\/p>\n<p>&nbsp;<\/p>\n","protected":false},"excerpt":{"rendered":"<p>W dniu 05.03.2015r. w naszym Domu odby\u0142y si\u0119 obchody Dnia Kobiet. Grupa teatralna \u201eCzarno to widz\u0119\u201d pod czujnym okiem instruktor\u00f3w terapii zaj\u0119ciowej przygotowa\u0142a i przedstawi\u0142a s\u0142owno -muzyczny program zwi\u0105zany z tym \u015bwi\u0119tem.<\/p>\n","protected":false},"author":1,"featured_media":845,"comment_status":"open","ping_status":"open","sticky":false,"template":"","format":"standard","meta":{"ngg_post_thumbnail":0},"categories":[1],"tags":[],"_links":{"self":[{"href":"https:\/\/dpsniemojowice.pl\/2021\/wp-json\/wp\/v2\/posts\/838"}],"collection":[{"href":"https:\/\/dpsniemojowice.pl\/2021\/wp-json\/wp\/v2\/posts"}],"about":[{"href":"https:\/\/dpsniemojowice.pl\/2021\/wp-json\/wp\/v2\/types\/post"}],"author":[{"embeddable":true,"href":"https:\/\/dpsniemojowice.pl\/2021\/wp-json\/wp\/v2\/users\/1"}],"replies":[{"embeddable":true,"href":"https:\/\/dpsniemojowice.pl\/2021\/wp-json\/wp\/v2\/comments?post=838"}],"version-history":[{"count":5,"href":"https:\/\/dpsniemojowice.pl\/2021\/wp-json\/wp\/v2\/posts\/838\/revisions"}],"predecessor-version":[{"id":849,"href":"https:\/\/dpsniemojowice.pl\/2021\/wp-json\/wp\/v2\/posts\/838\/revisions\/849"}],"wp:featuredmedia":[{"embeddable":true,"href":"https:\/\/dpsniemojowice.pl\/2021\/wp-json\/wp\/v2\/media\/845"}],"wp:attachment":[{"href":"https:\/\/dpsniemojowice.pl\/2021\/wp-json\/wp\/v2\/media?parent=838"}],"wp:term":[{"taxonomy":"category","embeddable":true,"href":"https:\/\/dpsniemojowice.pl\/2021\/wp-json\/wp\/v2\/categories?post=838"},{"taxonomy":"post_tag","embeddable":true,"href":"https:\/\/dpsniemojowice.pl\/2021\/wp-json\/wp\/v2\/tags?post=838"}],"curies":[{"name":"wp","href":"https:\/\/api.w.org\/{rel}","templated":true}]}}