{"id":85,"date":"2013-02-07T20:10:50","date_gmt":"2013-02-07T20:10:50","guid":{"rendered":"http:\/\/dpsniemojowice.pl\/2021\/?p=85"},"modified":"2013-03-07T12:23:44","modified_gmt":"2013-03-07T12:23:44","slug":"bal-karnawalowy","status":"publish","type":"post","link":"https:\/\/dpsniemojowice.pl\/2021\/aktualnosci\/bal-karnawalowy\/","title":{"rendered":"Zabawa ostatkowa"},"content":{"rendered":"<p style=\"text-align: justify;\">Ko\u0144cz\u0105cy si\u0119 karnawa\u0142 a wraz z nim t\u0142usty czwartek zainspirowa\u0142 personel Domu Pomocy Spo\u0142ecznej w Niemojowicach do zorganizowania mieszka\u0144com zabawy ostatkowej. Dn. 07.02.2013r. odby\u0142 si\u0119 \u201e Bal Dresiarza\u201d , w kt\u00f3rym licznie uczestniczyli mieszka\u0144cy oraz personel Domu ubrani w stroje sportowe. Has\u0142o przewodnie balu brzmia\u0142o<!--more-->\u201dw zdrowym ciele \u2013 zdrowy duch\u201d. Imprezie towarzyszy\u0142y liczne zabawy i konkursy sportowe. Mieszka\u0144cy aktywnie brali udzia\u0142 w rozgrywkach przeplatanych zabaw\u0105 taneczn\u0105 przy muzyce disco-polo. Spotkanie zako\u0144czy\u0142 s\u0142odki pocz\u0119stunek, w kt\u00f3rym nie zabrak\u0142o tradycyjnego p\u0105czka w\u0142asnego wypieku.<\/p>\n<p style=\"text-align: center;\"><!-- index.php -->\n<div\n\tclass=\"ngg-galleryoverview ngg-ajax-pagination-none\"\n\tid=\"ngg-gallery-67ce980d56ae70fb03bb86d0b8c575da-1\">\n\n    \t<div class=\"slideshowlink\">\n        <a href='https:\/\/dpsniemojowice.pl\/2021\/aktualnosci\/bal-karnawalowy\/nggallery\/slideshow'>Pokaz slajd\u00f3w<\/a>\n\t\t\n\t<\/div>\n\t\t\t<!-- Thumbnails -->\n\t\t\t\t<div id=\"ngg-image-0\" class=\"ngg-gallery-thumbnail-box\" >\n\t\t\t\t        <div class=\"ngg-gallery-thumbnail\">\n            <a href=\"https:\/\/dpsniemojowice.pl\/2021\/wp-content\/gallery\/bal-karnawalowy\/100_2833.jpg\"\n               title=\"\"\n               data-src=\"https:\/\/dpsniemojowice.pl\/2021\/wp-content\/gallery\/bal-karnawalowy\/100_2833.jpg\"\n               data-thumbnail=\"https:\/\/dpsniemojowice.pl\/2021\/wp-content\/gallery\/bal-karnawalowy\/thumbs\/thumbs_100_2833.jpg\"\n               data-image-id=\"14\"\n               data-title=\"100_2833\"\n               data-description=\"\"\n               data-image-slug=\"100_2833\"\n               class=\"shutterset_67ce980d56ae70fb03bb86d0b8c575da\">\n                <img\n                    title=\"100_2833\"\n                    alt=\"100_2833\"\n                    src=\"https:\/\/dpsniemojowice.pl\/2021\/wp-content\/gallery\/bal-karnawalowy\/thumbs\/thumbs_100_2833.jpg\"\n                    width=\"100\"\n                    height=\"75\"\n                    style=\"max-width:100%;\"\n                \/>\n            <\/a>\n        <\/div>\n\t\t\t\t\t\t\t<\/div> \n\t\t\t\n        \n\t\t\t\t<div id=\"ngg-image-1\" class=\"ngg-gallery-thumbnail-box\" >\n\t\t\t\t        <div class=\"ngg-gallery-thumbnail\">\n            <a href=\"https:\/\/dpsniemojowice.pl\/2021\/wp-content\/gallery\/bal-karnawalowy\/100_2840.jpg\"\n               title=\"\"\n               data-src=\"https:\/\/dpsniemojowice.pl\/2021\/wp-content\/gallery\/bal-karnawalowy\/100_2840.jpg\"\n               data-thumbnail=\"https:\/\/dpsniemojowice.pl\/2021\/wp-content\/gallery\/bal-karnawalowy\/thumbs\/thumbs_100_2840.jpg\"\n               data-image-id=\"15\"\n               data-title=\"100_2840\"\n               data-description=\"\"\n               data-image-slug=\"100_2840\"\n               class=\"shutterset_67ce980d56ae70fb03bb86d0b8c575da\">\n                <img\n                    title=\"100_2840\"\n                    alt=\"100_2840\"\n                    src=\"https:\/\/dpsniemojowice.pl\/2021\/wp-content\/gallery\/bal-karnawalowy\/thumbs\/thumbs_100_2840.jpg\"\n                    width=\"100\"\n                    height=\"75\"\n                    style=\"max-width:100%;\"\n                \/>\n            <\/a>\n        <\/div>\n\t\t\t\t\t\t\t<\/div> \n\t\t\t\n        \n\t\t\t\t<div id=\"ngg-image-2\" class=\"ngg-gallery-thumbnail-box\" >\n\t\t\t\t        <div class=\"ngg-gallery-thumbnail\">\n            <a href=\"https:\/\/dpsniemojowice.pl\/2021\/wp-content\/gallery\/bal-karnawalowy\/100_2859.jpg\"\n               title=\"\"\n               data-src=\"https:\/\/dpsniemojowice.pl\/2021\/wp-content\/gallery\/bal-karnawalowy\/100_2859.jpg\"\n               data-thumbnail=\"https:\/\/dpsniemojowice.pl\/2021\/wp-content\/gallery\/bal-karnawalowy\/thumbs\/thumbs_100_2859.jpg\"\n               data-image-id=\"16\"\n               data-title=\"100_2859\"\n               data-description=\"\"\n               data-image-slug=\"100_2859\"\n               class=\"shutterset_67ce980d56ae70fb03bb86d0b8c575da\">\n                <img\n                    title=\"100_2859\"\n                    alt=\"100_2859\"\n                    src=\"https:\/\/dpsniemojowice.pl\/2021\/wp-content\/gallery\/bal-karnawalowy\/thumbs\/thumbs_100_2859.jpg\"\n                    width=\"100\"\n                    height=\"75\"\n                    style=\"max-width:100%;\"\n                \/>\n            <\/a>\n        <\/div>\n\t\t\t\t\t\t\t<\/div> \n\t\t\t\n        \n\t\t\n\t\t<!-- Pagination -->\n\t<div class='ngg-clear'><\/div>\t<\/div>\n<\/p>\n","protected":false},"excerpt":{"rendered":"<p>Ko\u0144cz\u0105cy si\u0119 karnawa\u0142 a wraz z nim t\u0142usty czwartek zainspirowa\u0142 personel Domu Pomocy Spo\u0142ecznej w Niemojowicach do zorganizowania mieszka\u0144com zabawy ostatkowej. Dn. 07.02.2013r. odby\u0142 si\u0119 \u201e Bal Dresiarza\u201d , w kt\u00f3rym licznie uczestniczyli mieszka\u0144cy oraz personel Domu ubrani w stroje sportowe. Has\u0142o przewodnie balu brzmia\u0142o<\/p>\n","protected":false},"author":1,"featured_media":86,"comment_status":"open","ping_status":"open","sticky":false,"template":"","format":"standard","meta":{"ngg_post_thumbnail":0},"categories":[1],"tags":[],"_links":{"self":[{"href":"https:\/\/dpsniemojowice.pl\/2021\/wp-json\/wp\/v2\/posts\/85"}],"collection":[{"href":"https:\/\/dpsniemojowice.pl\/2021\/wp-json\/wp\/v2\/posts"}],"about":[{"href":"https:\/\/dpsniemojowice.pl\/2021\/wp-json\/wp\/v2\/types\/post"}],"author":[{"embeddable":true,"href":"https:\/\/dpsniemojowice.pl\/2021\/wp-json\/wp\/v2\/users\/1"}],"replies":[{"embeddable":true,"href":"https:\/\/dpsniemojowice.pl\/2021\/wp-json\/wp\/v2\/comments?post=85"}],"version-history":[{"count":13,"href":"https:\/\/dpsniemojowice.pl\/2021\/wp-json\/wp\/v2\/posts\/85\/revisions"}],"predecessor-version":[{"id":100,"href":"https:\/\/dpsniemojowice.pl\/2021\/wp-json\/wp\/v2\/posts\/85\/revisions\/100"}],"wp:featuredmedia":[{"embeddable":true,"href":"https:\/\/dpsniemojowice.pl\/2021\/wp-json\/wp\/v2\/media\/86"}],"wp:attachment":[{"href":"https:\/\/dpsniemojowice.pl\/2021\/wp-json\/wp\/v2\/media?parent=85"}],"wp:term":[{"taxonomy":"category","embeddable":true,"href":"https:\/\/dpsniemojowice.pl\/2021\/wp-json\/wp\/v2\/categories?post=85"},{"taxonomy":"post_tag","embeddable":true,"href":"https:\/\/dpsniemojowice.pl\/2021\/wp-json\/wp\/v2\/tags?post=85"}],"curies":[{"name":"wp","href":"https:\/\/api.w.org\/{rel}","templated":true}]}}