{"id":911,"date":"2015-05-26T03:51:10","date_gmt":"2015-05-26T03:51:10","guid":{"rendered":"http:\/\/dpsniemojowice.pl\/2021\/?p=911"},"modified":"2015-05-27T03:57:51","modified_gmt":"2015-05-27T03:57:51","slug":"dzien-matki-i-ojca","status":"publish","type":"post","link":"https:\/\/dpsniemojowice.pl\/2021\/aktualnosci\/dzien-matki-i-ojca\/","title":{"rendered":"DZIE\u0143 MATKI I OJCA"},"content":{"rendered":"<p style=\"text-align: justify;\" align=\"JUSTIFY\">Dzi\u015b w Domu Pomocy Spo\u0142ecznej w Niemojowicach zosta\u0142 zorganizowany Dzie\u0144 Matki i Ojca. Mi\u0142ym zaskoczeniem dla Mieszka\u0144c\u00f3w by\u0142a cz\u0119\u015b\u0107 artystyczna przygotowana przez instruktor\u00f3w terapii zaj\u0119ciowej oraz fizjoterapeut\u00f3w.<!--more--> Wszyscy mogli wys\u0142ucha\u0107 wspania\u0142ych wierszy dedykowanych Mamom i Ojcom oraz piosenek, kt\u00f3re wzruszy\u0142y do \u0142ez. Dalsz\u0105 cz\u0119\u015bci\u0105 spotkania by\u0142 grill i zabawa taneczna przeplatana konkursami. Po wsp\u00f3lnie sp\u0119dzonym czasie zm\u0119czeni, ale zadowoleni Mieszka\u0144cy wr\u00f3cili do swoich pokoi.<\/p>\n<p align=\"CENTER\"><span style=\"color: #ff0000;\"><strong>WSZYSTKIM MAMOM I TATUSIOM \u017bYCZYMY WSZYSTKIEGO NAJLEPSZEGO!<\/strong><\/span><\/p>\n<p align=\"CENTER\"><!-- index.php -->\n<div\n\tclass=\"ngg-galleryoverview ngg-ajax-pagination-none\"\n\tid=\"ngg-gallery-919-1\">\n\n    \t\t<!-- Thumbnails -->\n\t\t\t\t<div id=\"ngg-image-0\" class=\"ngg-gallery-thumbnail-box\" >\n\t\t\t\t        <div class=\"ngg-gallery-thumbnail\">\n            <a href=\"https:\/\/dpsniemojowice.pl\/2021\/wp-content\/gallery\/dzien-matki-i-ojca\/dsc05357.jpg\"\n               title=\"\"\n               data-src=\"https:\/\/dpsniemojowice.pl\/2021\/wp-content\/gallery\/dzien-matki-i-ojca\/dsc05357.jpg\"\n               data-thumbnail=\"https:\/\/dpsniemojowice.pl\/2021\/wp-content\/gallery\/dzien-matki-i-ojca\/thumbs\/thumbs_dsc05357.jpg\"\n               data-image-id=\"400\"\n               data-title=\"dsc05357\"\n               data-description=\"\"\n               data-image-slug=\"dsc05357\"\n               class=\"shutterset_919\">\n                <img\n                    title=\"dsc05357\"\n                    alt=\"dsc05357\"\n                    src=\"https:\/\/dpsniemojowice.pl\/2021\/wp-content\/gallery\/dzien-matki-i-ojca\/cache\/dsc05357-nggid03400-ngg0dyn-160x120x100-00f0w010c011r110f110r010t010.jpg\"\n                    width=\"160\"\n                    height=\"120\"\n                    style=\"max-width:100%;\"\n                \/>\n            <\/a>\n        <\/div>\n\t\t\t\t\t\t\t<\/div> \n\t\t\t\n        \n\t\t\t\t<div id=\"ngg-image-1\" class=\"ngg-gallery-thumbnail-box\" >\n\t\t\t\t        <div class=\"ngg-gallery-thumbnail\">\n            <a href=\"https:\/\/dpsniemojowice.pl\/2021\/wp-content\/gallery\/dzien-matki-i-ojca\/dsc05385.jpg\"\n               title=\"\"\n               data-src=\"https:\/\/dpsniemojowice.pl\/2021\/wp-content\/gallery\/dzien-matki-i-ojca\/dsc05385.jpg\"\n               data-thumbnail=\"https:\/\/dpsniemojowice.pl\/2021\/wp-content\/gallery\/dzien-matki-i-ojca\/thumbs\/thumbs_dsc05385.jpg\"\n               data-image-id=\"401\"\n               data-title=\"dsc05385\"\n               data-description=\"\"\n               data-image-slug=\"dsc05385\"\n               class=\"shutterset_919\">\n                <img\n                    title=\"dsc05385\"\n                    alt=\"dsc05385\"\n                    src=\"https:\/\/dpsniemojowice.pl\/2021\/wp-content\/gallery\/dzien-matki-i-ojca\/cache\/dsc05385-nggid03401-ngg0dyn-160x120x100-00f0w010c011r110f110r010t010.jpg\"\n                    width=\"160\"\n                    height=\"120\"\n                    style=\"max-width:100%;\"\n                \/>\n            <\/a>\n        <\/div>\n\t\t\t\t\t\t\t<\/div> \n\t\t\t\n        \n\t\t\t\t<div id=\"ngg-image-2\" class=\"ngg-gallery-thumbnail-box\" >\n\t\t\t\t        <div class=\"ngg-gallery-thumbnail\">\n            <a href=\"https:\/\/dpsniemojowice.pl\/2021\/wp-content\/gallery\/dzien-matki-i-ojca\/dsc05389.jpg\"\n               title=\"\"\n               data-src=\"https:\/\/dpsniemojowice.pl\/2021\/wp-content\/gallery\/dzien-matki-i-ojca\/dsc05389.jpg\"\n               data-thumbnail=\"https:\/\/dpsniemojowice.pl\/2021\/wp-content\/gallery\/dzien-matki-i-ojca\/thumbs\/thumbs_dsc05389.jpg\"\n               data-image-id=\"402\"\n               data-title=\"dsc05389\"\n               data-description=\"\"\n               data-image-slug=\"dsc05389\"\n               class=\"shutterset_919\">\n                <img\n                    title=\"dsc05389\"\n                    alt=\"dsc05389\"\n                    src=\"https:\/\/dpsniemojowice.pl\/2021\/wp-content\/gallery\/dzien-matki-i-ojca\/cache\/dsc05389-nggid03402-ngg0dyn-160x120x100-00f0w010c011r110f110r010t010.jpg\"\n                    width=\"160\"\n                    height=\"120\"\n                    style=\"max-width:100%;\"\n                \/>\n            <\/a>\n        <\/div>\n\t\t\t\t\t\t\t<\/div> \n\t\t\t\n        \n\t\t\t\t<div id=\"ngg-image-3\" class=\"ngg-gallery-thumbnail-box\" >\n\t\t\t\t        <div class=\"ngg-gallery-thumbnail\">\n            <a href=\"https:\/\/dpsniemojowice.pl\/2021\/wp-content\/gallery\/dzien-matki-i-ojca\/dsc05430.jpg\"\n               title=\"\"\n               data-src=\"https:\/\/dpsniemojowice.pl\/2021\/wp-content\/gallery\/dzien-matki-i-ojca\/dsc05430.jpg\"\n               data-thumbnail=\"https:\/\/dpsniemojowice.pl\/2021\/wp-content\/gallery\/dzien-matki-i-ojca\/thumbs\/thumbs_dsc05430.jpg\"\n               data-image-id=\"403\"\n               data-title=\"dsc05430\"\n               data-description=\"\"\n               data-image-slug=\"dsc05430\"\n               class=\"shutterset_919\">\n                <img\n                    title=\"dsc05430\"\n                    alt=\"dsc05430\"\n                    src=\"https:\/\/dpsniemojowice.pl\/2021\/wp-content\/gallery\/dzien-matki-i-ojca\/cache\/dsc05430-nggid03403-ngg0dyn-160x120x100-00f0w010c011r110f110r010t010.jpg\"\n                    width=\"160\"\n                    height=\"120\"\n                    style=\"max-width:100%;\"\n                \/>\n            <\/a>\n        <\/div>\n\t\t\t\t\t\t\t<\/div> \n\t\t\t\n        \n\t\t\t\t<div id=\"ngg-image-4\" class=\"ngg-gallery-thumbnail-box\" >\n\t\t\t\t        <div class=\"ngg-gallery-thumbnail\">\n            <a href=\"https:\/\/dpsniemojowice.pl\/2021\/wp-content\/gallery\/dzien-matki-i-ojca\/dsc05474.jpg\"\n               title=\"\"\n               data-src=\"https:\/\/dpsniemojowice.pl\/2021\/wp-content\/gallery\/dzien-matki-i-ojca\/dsc05474.jpg\"\n               data-thumbnail=\"https:\/\/dpsniemojowice.pl\/2021\/wp-content\/gallery\/dzien-matki-i-ojca\/thumbs\/thumbs_dsc05474.jpg\"\n               data-image-id=\"404\"\n               data-title=\"dsc05474\"\n               data-description=\"\"\n               data-image-slug=\"dsc05474\"\n               class=\"shutterset_919\">\n                <img\n                    title=\"dsc05474\"\n                    alt=\"dsc05474\"\n                    src=\"https:\/\/dpsniemojowice.pl\/2021\/wp-content\/gallery\/dzien-matki-i-ojca\/cache\/dsc05474-nggid03404-ngg0dyn-160x120x100-00f0w010c011r110f110r010t010.jpg\"\n                    width=\"160\"\n                    height=\"120\"\n                    style=\"max-width:100%;\"\n                \/>\n            <\/a>\n        <\/div>\n\t\t\t\t\t\t\t<\/div> \n\t\t\t\n        \n\t\t\n\t\t<!-- Pagination -->\n\t<div class='ngg-clear'><\/div>\t<\/div>\n<\/p>\n","protected":false},"excerpt":{"rendered":"<p>Dzi\u015b w Domu Pomocy Spo\u0142ecznej w Niemojowicach zosta\u0142 zorganizowany Dzie\u0144 Matki i Ojca. Mi\u0142ym zaskoczeniem dla Mieszka\u0144c\u00f3w by\u0142a cz\u0119\u015b\u0107 artystyczna przygotowana przez instruktor\u00f3w terapii zaj\u0119ciowej oraz fizjoterapeut\u00f3w.<\/p>\n","protected":false},"author":1,"featured_media":916,"comment_status":"open","ping_status":"open","sticky":false,"template":"","format":"standard","meta":{"ngg_post_thumbnail":0},"categories":[1],"tags":[],"_links":{"self":[{"href":"https:\/\/dpsniemojowice.pl\/2021\/wp-json\/wp\/v2\/posts\/911"}],"collection":[{"href":"https:\/\/dpsniemojowice.pl\/2021\/wp-json\/wp\/v2\/posts"}],"about":[{"href":"https:\/\/dpsniemojowice.pl\/2021\/wp-json\/wp\/v2\/types\/post"}],"author":[{"embeddable":true,"href":"https:\/\/dpsniemojowice.pl\/2021\/wp-json\/wp\/v2\/users\/1"}],"replies":[{"embeddable":true,"href":"https:\/\/dpsniemojowice.pl\/2021\/wp-json\/wp\/v2\/comments?post=911"}],"version-history":[{"count":4,"href":"https:\/\/dpsniemojowice.pl\/2021\/wp-json\/wp\/v2\/posts\/911\/revisions"}],"predecessor-version":[{"id":923,"href":"https:\/\/dpsniemojowice.pl\/2021\/wp-json\/wp\/v2\/posts\/911\/revisions\/923"}],"wp:featuredmedia":[{"embeddable":true,"href":"https:\/\/dpsniemojowice.pl\/2021\/wp-json\/wp\/v2\/media\/916"}],"wp:attachment":[{"href":"https:\/\/dpsniemojowice.pl\/2021\/wp-json\/wp\/v2\/media?parent=911"}],"wp:term":[{"taxonomy":"category","embeddable":true,"href":"https:\/\/dpsniemojowice.pl\/2021\/wp-json\/wp\/v2\/categories?post=911"},{"taxonomy":"post_tag","embeddable":true,"href":"https:\/\/dpsniemojowice.pl\/2021\/wp-json\/wp\/v2\/tags?post=911"}],"curies":[{"name":"wp","href":"https:\/\/api.w.org\/{rel}","templated":true}]}}