{"id":968,"date":"2015-09-06T12:39:04","date_gmt":"2015-09-06T12:39:04","guid":{"rendered":"http:\/\/dpsniemojowice.pl\/2021\/?p=968"},"modified":"2015-09-07T12:45:02","modified_gmt":"2015-09-07T12:45:02","slug":"narodowe-czytanie-lalki-boleslawa-prusa","status":"publish","type":"post","link":"https:\/\/dpsniemojowice.pl\/2021\/aktualnosci\/narodowe-czytanie-lalki-boleslawa-prusa\/","title":{"rendered":"NARODOWE CZYTANIE \u201eLALKI\u201d BOLES\u0141AWA PRUSA"},"content":{"rendered":"<p align=\"JUSTIFY\">Dnia 5 wrze\u015bnia 2015r. w ca\u0142ej Polsce odby\u0142o si\u0119 Narodowe Czytanie powie\u015bci Boles\u0142awa Prusa pt. \u201eLalka\u201d. R\u00f3wnie\u017c w naszym Domu, dzi\u0119ki uprzejmo\u015bci cz\u0142onk\u00f3w Klubu Aktywnego Seniora z \u017barnowa, mieszka\u0144cy mieli okazj\u0119 wys\u0142ucha\u0107 kilku fragment\u00f3w ksi\u0105\u017cki. <!--more-->Po przybli\u017ceniu los\u00f3w bohater\u00f3w uczestnicy spotkania przy s\u0142odkim pocz\u0119stunku zorganizowanym przez przyby\u0142ych go\u015bci, wsp\u00f3lnie \u015bpiewali znane piosenki ludowe.<\/p>\n<p align=\"JUSTIFY\">Cz\u0142onkom Klubu Aktywnego Seniora w \u017barnowie bardzo serdecznie dzi\u0119kujemy za pami\u0119\u0107 i wsp\u00f3lnie sp\u0119dzony czas!<\/p>\n<p align=\"JUSTIFY\"><!-- index.php -->\n<div\n\tclass=\"ngg-galleryoverview ngg-ajax-pagination-none\"\n\tid=\"ngg-gallery-974-1\">\n\n    \t\t<!-- Thumbnails -->\n\t\t\t\t<div id=\"ngg-image-0\" class=\"ngg-gallery-thumbnail-box\" >\n\t\t\t\t        <div class=\"ngg-gallery-thumbnail\">\n            <a href=\"https:\/\/dpsniemojowice.pl\/2021\/wp-content\/gallery\/narodowe-czytanie-lalki-boleslawa-prusa\/dscf1440.jpg\"\n               title=\"\"\n               data-src=\"https:\/\/dpsniemojowice.pl\/2021\/wp-content\/gallery\/narodowe-czytanie-lalki-boleslawa-prusa\/dscf1440.jpg\"\n               data-thumbnail=\"https:\/\/dpsniemojowice.pl\/2021\/wp-content\/gallery\/narodowe-czytanie-lalki-boleslawa-prusa\/thumbs\/thumbs_dscf1440.jpg\"\n               data-image-id=\"423\"\n               data-title=\"dscf1440\"\n               data-description=\"\"\n               data-image-slug=\"dscf1440\"\n               class=\"shutterset_974\">\n                <img\n                    title=\"dscf1440\"\n                    alt=\"dscf1440\"\n                    src=\"https:\/\/dpsniemojowice.pl\/2021\/wp-content\/gallery\/narodowe-czytanie-lalki-boleslawa-prusa\/cache\/dscf1440-nggid03423-ngg0dyn-160x150x100-00f0w010c011r110f110r010t010.jpg\"\n                    width=\"160\"\n                    height=\"150\"\n                    style=\"max-width:100%;\"\n                \/>\n            <\/a>\n        <\/div>\n\t\t\t\t\t\t\t<\/div> \n\t\t\t\n                            \n\t\t\t\t<div id=\"ngg-image-1\" class=\"ngg-gallery-thumbnail-box\" >\n\t\t\t\t        <div class=\"ngg-gallery-thumbnail\">\n            <a href=\"https:\/\/dpsniemojowice.pl\/2021\/wp-content\/gallery\/narodowe-czytanie-lalki-boleslawa-prusa\/dscf1445.jpg\"\n               title=\"\"\n               data-src=\"https:\/\/dpsniemojowice.pl\/2021\/wp-content\/gallery\/narodowe-czytanie-lalki-boleslawa-prusa\/dscf1445.jpg\"\n               data-thumbnail=\"https:\/\/dpsniemojowice.pl\/2021\/wp-content\/gallery\/narodowe-czytanie-lalki-boleslawa-prusa\/thumbs\/thumbs_dscf1445.jpg\"\n               data-image-id=\"424\"\n               data-title=\"dscf1445\"\n               data-description=\"\"\n               data-image-slug=\"dscf1445\"\n               class=\"shutterset_974\">\n                <img\n                    title=\"dscf1445\"\n                    alt=\"dscf1445\"\n                    src=\"https:\/\/dpsniemojowice.pl\/2021\/wp-content\/gallery\/narodowe-czytanie-lalki-boleslawa-prusa\/cache\/dscf1445-nggid03424-ngg0dyn-160x150x100-00f0w010c011r110f110r010t010.jpg\"\n                    width=\"160\"\n                    height=\"150\"\n                    style=\"max-width:100%;\"\n                \/>\n            <\/a>\n        <\/div>\n\t\t\t\t\t\t\t<\/div> \n\t\t\t\n                            \n\t\t\t\t<div id=\"ngg-image-2\" class=\"ngg-gallery-thumbnail-box\" >\n\t\t\t\t        <div class=\"ngg-gallery-thumbnail\">\n            <a href=\"https:\/\/dpsniemojowice.pl\/2021\/wp-content\/gallery\/narodowe-czytanie-lalki-boleslawa-prusa\/dscf1451.jpg\"\n               title=\"\"\n               data-src=\"https:\/\/dpsniemojowice.pl\/2021\/wp-content\/gallery\/narodowe-czytanie-lalki-boleslawa-prusa\/dscf1451.jpg\"\n               data-thumbnail=\"https:\/\/dpsniemojowice.pl\/2021\/wp-content\/gallery\/narodowe-czytanie-lalki-boleslawa-prusa\/thumbs\/thumbs_dscf1451.jpg\"\n               data-image-id=\"425\"\n               data-title=\"dscf1451\"\n               data-description=\"\"\n               data-image-slug=\"dscf1451\"\n               class=\"shutterset_974\">\n                <img\n                    title=\"dscf1451\"\n                    alt=\"dscf1451\"\n                    src=\"https:\/\/dpsniemojowice.pl\/2021\/wp-content\/gallery\/narodowe-czytanie-lalki-boleslawa-prusa\/cache\/dscf1451-nggid03425-ngg0dyn-160x150x100-00f0w010c011r110f110r010t010.jpg\"\n                    width=\"160\"\n                    height=\"150\"\n                    style=\"max-width:100%;\"\n                \/>\n            <\/a>\n        <\/div>\n\t\t\t\t\t\t\t<\/div> \n\t\t\t\n                                    <br style=\"clear: both\" \/>\n                    \n\t\t\n\t\t<!-- Pagination -->\n\t<div class='ngg-clear'><\/div>\t<\/div>\n<\/p>\n","protected":false},"excerpt":{"rendered":"<p>Dnia 5 wrze\u015bnia 2015r. w ca\u0142ej Polsce odby\u0142o si\u0119 Narodowe Czytanie powie\u015bci Boles\u0142awa Prusa pt. \u201eLalka\u201d. R\u00f3wnie\u017c w naszym Domu, dzi\u0119ki uprzejmo\u015bci cz\u0142onk\u00f3w Klubu Aktywnego Seniora z \u017barnowa, mieszka\u0144cy mieli okazj\u0119 wys\u0142ucha\u0107 kilku fragment\u00f3w ksi\u0105\u017cki.<\/p>\n","protected":false},"author":1,"featured_media":973,"comment_status":"open","ping_status":"open","sticky":false,"template":"","format":"standard","meta":{"ngg_post_thumbnail":0},"categories":[1],"tags":[],"_links":{"self":[{"href":"https:\/\/dpsniemojowice.pl\/2021\/wp-json\/wp\/v2\/posts\/968"}],"collection":[{"href":"https:\/\/dpsniemojowice.pl\/2021\/wp-json\/wp\/v2\/posts"}],"about":[{"href":"https:\/\/dpsniemojowice.pl\/2021\/wp-json\/wp\/v2\/types\/post"}],"author":[{"embeddable":true,"href":"https:\/\/dpsniemojowice.pl\/2021\/wp-json\/wp\/v2\/users\/1"}],"replies":[{"embeddable":true,"href":"https:\/\/dpsniemojowice.pl\/2021\/wp-json\/wp\/v2\/comments?post=968"}],"version-history":[{"count":2,"href":"https:\/\/dpsniemojowice.pl\/2021\/wp-json\/wp\/v2\/posts\/968\/revisions"}],"predecessor-version":[{"id":976,"href":"https:\/\/dpsniemojowice.pl\/2021\/wp-json\/wp\/v2\/posts\/968\/revisions\/976"}],"wp:featuredmedia":[{"embeddable":true,"href":"https:\/\/dpsniemojowice.pl\/2021\/wp-json\/wp\/v2\/media\/973"}],"wp:attachment":[{"href":"https:\/\/dpsniemojowice.pl\/2021\/wp-json\/wp\/v2\/media?parent=968"}],"wp:term":[{"taxonomy":"category","embeddable":true,"href":"https:\/\/dpsniemojowice.pl\/2021\/wp-json\/wp\/v2\/categories?post=968"},{"taxonomy":"post_tag","embeddable":true,"href":"https:\/\/dpsniemojowice.pl\/2021\/wp-json\/wp\/v2\/tags?post=968"}],"curies":[{"name":"wp","href":"https:\/\/api.w.org\/{rel}","templated":true}]}}