{"id":978,"date":"2015-09-18T06:16:26","date_gmt":"2015-09-18T06:16:26","guid":{"rendered":"http:\/\/dpsniemojowice.pl\/2021\/?p=978"},"modified":"2015-09-18T06:16:45","modified_gmt":"2015-09-18T06:16:45","slug":"iv-spotkanie-integracyjne-domow-pomocy-spolecznej","status":"publish","type":"post","link":"https:\/\/dpsniemojowice.pl\/2021\/aktualnosci\/iv-spotkanie-integracyjne-domow-pomocy-spolecznej\/","title":{"rendered":"IV SPOTKANIE INTEGRACYJNE DOM\u00d3W POMOCY SPO\u0141ECZNEJ"},"content":{"rendered":"<p style=\"text-align: justify;\" align=\"JUSTIFY\">W dniu 16.09.2015r. ju\u017c po raz kolejny odby\u0142o si\u0119 w naszym Domu spotkanie z zaprzyja\u017anionymi Domami &#8211; Drzewicy, Ko\u0144skich oraz \u0141ochy\u0144ska. <!--more-->W spotkaniu wzi\u0119li udzia\u0142 zaproszeni go\u015bcie:<\/p>\n<p style=\"text-align: justify;\" align=\"JUSTIFY\"><strong>Pani Barbara Chomicz <\/strong>\u2013 Przewodnicz\u0105ca Rady Powiatu Opoczy\u0144skiego<\/p>\n<p style=\"text-align: justify;\" align=\"JUSTIFY\"><strong>Pan Krzysztof Nawrocki <\/strong>\u2013 W\u00f3jt Gminy \u017barn\u00f3w<\/p>\n<p style=\"text-align: justify;\" align=\"JUSTIFY\"><strong>Pan Bogdan Kubiszewski <\/strong>\u2013 Sekretarz Gminy \u017barn\u00f3w oraz Cz\u0142onek Zarz\u0105du Powiatu Opoczy\u0144skiego<\/p>\n<p style=\"text-align: justify;\" align=\"JUSTIFY\"><strong>Pan Tomasz Kopera <\/strong>\u2013 przedstawiciel Biura Poselskiego Pos\u0142a na Sejm RP Pana Roberta Telusa<\/p>\n<p style=\"text-align: justify;\" align=\"JUSTIFY\"><strong>Pani Anna S\u0142oniewska <\/strong>&#8211; Skarbnik Powiatu Opoczy\u0144skiego<\/p>\n<p style=\"text-align: justify;\" align=\"JUSTIFY\"><strong>Pani Gra\u017cyna Wielgus <\/strong>\u2013 Sekretarz Powiatu Opoczy\u0144skiego<\/p>\n<p style=\"text-align: justify;\" align=\"JUSTIFY\"><strong>Pani Barbara Karasi\u0144ska <\/strong>\u2013 przedstawiciel Powiatowego Centrum Pomocy Rodzinie w Opocznie<\/p>\n<p style=\"text-align: justify;\" align=\"JUSTIFY\"><strong>Pani Gra\u017cyna Norii<\/strong> \u2013 w\u0142a\u015bcicielka Zak\u0142adu Fryzjerskiego \u201eMagnolia\u201d w \u017barnowie wraz z wolontariuszami<\/p>\n<p style=\"text-align: justify;\" align=\"JUSTIFY\">oraz Dyrektorzy Dom\u00f3w Pomocy Spo\u0142ecznej:<\/p>\n<p style=\"text-align: justify;\" align=\"JUSTIFY\"><strong>Pani Barbara Krawczyk<\/strong> \u2013 Dyrektor DPS w Ko\u0144skich<\/p>\n<p style=\"text-align: justify;\" align=\"JUSTIFY\"><strong>Pani Marzena Herman<\/strong> \u2013 Dyrektor DPS w \u0141ochy\u0144sku<\/p>\n<p style=\"text-align: justify;\" align=\"JUSTIFY\"><strong>Pan Krzysztof\u00a0 Wylon<\/strong> \u2013 Dyrektor DPS w Drzewicy.<\/p>\n<p style=\"text-align: justify;\" align=\"JUSTIFY\">Spotkanie rozpocz\u0119\u0142a Dyrektor Domu Renata Konecka wraz z Przewodnicz\u0105cym Rady Mieszka\u0144c\u00f3w Domu Pomocy Spo\u0142ecznej w Niemojowicach. Po serdecznym przywitaniu og\u00f3\u0142u, g\u0142os zabrali zaproszeni go\u015bcie. Pani Przewodnicz\u0105ca Rady Powiatu Opoczy\u0144skiego powita\u0142a wszystkich i \u017cyczy\u0142a mi\u0142ej zabawy w imieniu Starost\u00f3w Powiatu Opoczy\u0144skiego i swoim w\u0142asnym. Nast\u0119pnie g\u0142os zabrali Pan Tomasz Kopera przedstawiciel Biura Poselskiego Pos\u0142a na Sejm RP Pana Roberta Telusa oraz W\u00f3jt Gminy \u017barn\u00f3w Pan Krzysztof Nawrocki.<\/p>\n<p style=\"text-align: justify;\" align=\"JUSTIFY\">W nast\u0119pnej cz\u0119\u015bci spotkania ka\u017cdy z Dom\u00f3w zaprezentowa\u0142 kr\u00f3tk\u0105 cz\u0119\u015b\u0107 artystyczn\u0105. Grupy wyst\u0119puj\u0105ce zosta\u0142y nagrodzone gromkimi brawami. Po gor\u0105cym posi\u0142ku uczestnicy w\u0142\u0105czyli si\u0119 do zabawy tanecznej przeplatanej licznymi konkursami. Kolejnym punktem spotkania by\u0142 grill, nie zabrak\u0142o r\u00f3wnie\u017c s\u0142odkiego akcentu.<\/p>\n<p style=\"text-align: justify;\" align=\"JUSTIFY\">Wszystko co dobre jednak szybko si\u0119 ko\u0144czy, r\u00f3wnie\u017c wsp\u00f3lna zabawa musia\u0142a dobiec ko\u0144ca. Ka\u017cdy z Dom\u00f3w za uczestnictwo w spotkaniu otrzyma\u0142 dyplom oraz drobny upominek wykonany przez mieszka\u0144c\u00f3w naszego Domu podczas zaj\u0119\u0107 na terapii zaj\u0119ciowej.<\/p>\n<p style=\"text-align: justify;\" align=\"JUSTIFY\"><span style=\"color: #cc0000;\"><strong>Chcieliby\u015bmy serdecznie podzi\u0119kowa\u0107 zespo\u0142owi \u201eMagnetic\u201d, kt\u00f3ry nieodp\u0142atnie poprowadzi\u0142 zabaw\u0119 taneczn\u0105!!<\/strong><\/span><\/p>\n<p style=\"text-align: center;\" align=\"JUSTIFY\"><!-- index.php -->\n<div\n\tclass=\"ngg-galleryoverview ngg-ajax-pagination-none\"\n\tid=\"ngg-gallery-992-1\">\n\n    \t\t<!-- Thumbnails -->\n\t\t\t\t<div id=\"ngg-image-0\" class=\"ngg-gallery-thumbnail-box\" >\n\t\t\t\t        <div class=\"ngg-gallery-thumbnail\">\n            <a href=\"https:\/\/dpsniemojowice.pl\/2021\/wp-content\/gallery\/iv-spotkanie-integracyjne-domow-pomocy-spolecznej\/dsc06078.jpg\"\n               title=\"\"\n               data-src=\"https:\/\/dpsniemojowice.pl\/2021\/wp-content\/gallery\/iv-spotkanie-integracyjne-domow-pomocy-spolecznej\/dsc06078.jpg\"\n               data-thumbnail=\"https:\/\/dpsniemojowice.pl\/2021\/wp-content\/gallery\/iv-spotkanie-integracyjne-domow-pomocy-spolecznej\/thumbs\/thumbs_dsc06078.jpg\"\n               data-image-id=\"426\"\n               data-title=\"dsc06078\"\n               data-description=\"\"\n               data-image-slug=\"dsc06078\"\n               class=\"shutterset_992\">\n                <img\n                    title=\"dsc06078\"\n                    alt=\"dsc06078\"\n                    src=\"https:\/\/dpsniemojowice.pl\/2021\/wp-content\/gallery\/iv-spotkanie-integracyjne-domow-pomocy-spolecznej\/cache\/dsc06078-nggid03426-ngg0dyn-150x115x100-00f0w010c011r110f110r010t010.jpg\"\n                    width=\"150\"\n                    height=\"115\"\n                    style=\"max-width:100%;\"\n                \/>\n            <\/a>\n        <\/div>\n\t\t\t\t\t\t\t<\/div> \n\t\t\t\n                            \n\t\t\t\t<div id=\"ngg-image-1\" class=\"ngg-gallery-thumbnail-box\" >\n\t\t\t\t        <div class=\"ngg-gallery-thumbnail\">\n            <a href=\"https:\/\/dpsniemojowice.pl\/2021\/wp-content\/gallery\/iv-spotkanie-integracyjne-domow-pomocy-spolecznej\/dsc06096.jpg\"\n               title=\"\"\n               data-src=\"https:\/\/dpsniemojowice.pl\/2021\/wp-content\/gallery\/iv-spotkanie-integracyjne-domow-pomocy-spolecznej\/dsc06096.jpg\"\n               data-thumbnail=\"https:\/\/dpsniemojowice.pl\/2021\/wp-content\/gallery\/iv-spotkanie-integracyjne-domow-pomocy-spolecznej\/thumbs\/thumbs_dsc06096.jpg\"\n               data-image-id=\"427\"\n               data-title=\"dsc06096\"\n               data-description=\"\"\n               data-image-slug=\"dsc06096\"\n               class=\"shutterset_992\">\n                <img\n                    title=\"dsc06096\"\n                    alt=\"dsc06096\"\n                    src=\"https:\/\/dpsniemojowice.pl\/2021\/wp-content\/gallery\/iv-spotkanie-integracyjne-domow-pomocy-spolecznej\/cache\/dsc06096-nggid03427-ngg0dyn-150x115x100-00f0w010c011r110f110r010t010.jpg\"\n                    width=\"150\"\n                    height=\"115\"\n                    style=\"max-width:100%;\"\n                \/>\n            <\/a>\n        <\/div>\n\t\t\t\t\t\t\t<\/div> \n\t\t\t\n                            \n\t\t\t\t<div id=\"ngg-image-2\" class=\"ngg-gallery-thumbnail-box\" >\n\t\t\t\t        <div class=\"ngg-gallery-thumbnail\">\n            <a href=\"https:\/\/dpsniemojowice.pl\/2021\/wp-content\/gallery\/iv-spotkanie-integracyjne-domow-pomocy-spolecznej\/dsc06108.jpg\"\n               title=\"\"\n               data-src=\"https:\/\/dpsniemojowice.pl\/2021\/wp-content\/gallery\/iv-spotkanie-integracyjne-domow-pomocy-spolecznej\/dsc06108.jpg\"\n               data-thumbnail=\"https:\/\/dpsniemojowice.pl\/2021\/wp-content\/gallery\/iv-spotkanie-integracyjne-domow-pomocy-spolecznej\/thumbs\/thumbs_dsc06108.jpg\"\n               data-image-id=\"428\"\n               data-title=\"dsc06108\"\n               data-description=\"\"\n               data-image-slug=\"dsc06108\"\n               class=\"shutterset_992\">\n                <img\n                    title=\"dsc06108\"\n                    alt=\"dsc06108\"\n                    src=\"https:\/\/dpsniemojowice.pl\/2021\/wp-content\/gallery\/iv-spotkanie-integracyjne-domow-pomocy-spolecznej\/cache\/dsc06108-nggid03428-ngg0dyn-150x115x100-00f0w010c011r110f110r010t010.jpg\"\n                    width=\"150\"\n                    height=\"115\"\n                    style=\"max-width:100%;\"\n                \/>\n            <\/a>\n        <\/div>\n\t\t\t\t\t\t\t<\/div> \n\t\t\t\n                                    <br style=\"clear: both\" \/>\n                    \n\t\t\t\t<div id=\"ngg-image-3\" class=\"ngg-gallery-thumbnail-box\" >\n\t\t\t\t        <div class=\"ngg-gallery-thumbnail\">\n            <a href=\"https:\/\/dpsniemojowice.pl\/2021\/wp-content\/gallery\/iv-spotkanie-integracyjne-domow-pomocy-spolecznej\/dsc06124.jpg\"\n               title=\"\"\n               data-src=\"https:\/\/dpsniemojowice.pl\/2021\/wp-content\/gallery\/iv-spotkanie-integracyjne-domow-pomocy-spolecznej\/dsc06124.jpg\"\n               data-thumbnail=\"https:\/\/dpsniemojowice.pl\/2021\/wp-content\/gallery\/iv-spotkanie-integracyjne-domow-pomocy-spolecznej\/thumbs\/thumbs_dsc06124.jpg\"\n               data-image-id=\"429\"\n               data-title=\"dsc06124\"\n               data-description=\"\"\n               data-image-slug=\"dsc06124\"\n               class=\"shutterset_992\">\n                <img\n                    title=\"dsc06124\"\n                    alt=\"dsc06124\"\n                    src=\"https:\/\/dpsniemojowice.pl\/2021\/wp-content\/gallery\/iv-spotkanie-integracyjne-domow-pomocy-spolecznej\/cache\/dsc06124-nggid03429-ngg0dyn-150x115x100-00f0w010c011r110f110r010t010.jpg\"\n                    width=\"150\"\n                    height=\"115\"\n                    style=\"max-width:100%;\"\n                \/>\n            <\/a>\n        <\/div>\n\t\t\t\t\t\t\t<\/div> \n\t\t\t\n                            \n\t\t\t\t<div id=\"ngg-image-4\" class=\"ngg-gallery-thumbnail-box\" >\n\t\t\t\t        <div class=\"ngg-gallery-thumbnail\">\n            <a href=\"https:\/\/dpsniemojowice.pl\/2021\/wp-content\/gallery\/iv-spotkanie-integracyjne-domow-pomocy-spolecznej\/dsc06137.jpg\"\n               title=\"\"\n               data-src=\"https:\/\/dpsniemojowice.pl\/2021\/wp-content\/gallery\/iv-spotkanie-integracyjne-domow-pomocy-spolecznej\/dsc06137.jpg\"\n               data-thumbnail=\"https:\/\/dpsniemojowice.pl\/2021\/wp-content\/gallery\/iv-spotkanie-integracyjne-domow-pomocy-spolecznej\/thumbs\/thumbs_dsc06137.jpg\"\n               data-image-id=\"430\"\n               data-title=\"dsc06137\"\n               data-description=\"\"\n               data-image-slug=\"dsc06137\"\n               class=\"shutterset_992\">\n                <img\n                    title=\"dsc06137\"\n                    alt=\"dsc06137\"\n                    src=\"https:\/\/dpsniemojowice.pl\/2021\/wp-content\/gallery\/iv-spotkanie-integracyjne-domow-pomocy-spolecznej\/cache\/dsc06137-nggid03430-ngg0dyn-150x115x100-00f0w010c011r110f110r010t010.jpg\"\n                    width=\"150\"\n                    height=\"115\"\n                    style=\"max-width:100%;\"\n                \/>\n            <\/a>\n        <\/div>\n\t\t\t\t\t\t\t<\/div> \n\t\t\t\n                            \n\t\t\t\t<div id=\"ngg-image-5\" class=\"ngg-gallery-thumbnail-box\" >\n\t\t\t\t        <div class=\"ngg-gallery-thumbnail\">\n            <a href=\"https:\/\/dpsniemojowice.pl\/2021\/wp-content\/gallery\/iv-spotkanie-integracyjne-domow-pomocy-spolecznej\/dsc06165.jpg\"\n               title=\"\"\n               data-src=\"https:\/\/dpsniemojowice.pl\/2021\/wp-content\/gallery\/iv-spotkanie-integracyjne-domow-pomocy-spolecznej\/dsc06165.jpg\"\n               data-thumbnail=\"https:\/\/dpsniemojowice.pl\/2021\/wp-content\/gallery\/iv-spotkanie-integracyjne-domow-pomocy-spolecznej\/thumbs\/thumbs_dsc06165.jpg\"\n               data-image-id=\"431\"\n               data-title=\"dsc06165\"\n               data-description=\"\"\n               data-image-slug=\"dsc06165\"\n               class=\"shutterset_992\">\n                <img\n                    title=\"dsc06165\"\n                    alt=\"dsc06165\"\n                    src=\"https:\/\/dpsniemojowice.pl\/2021\/wp-content\/gallery\/iv-spotkanie-integracyjne-domow-pomocy-spolecznej\/cache\/dsc06165-nggid03431-ngg0dyn-150x115x100-00f0w010c011r110f110r010t010.jpg\"\n                    width=\"150\"\n                    height=\"115\"\n                    style=\"max-width:100%;\"\n                \/>\n            <\/a>\n        <\/div>\n\t\t\t\t\t\t\t<\/div> \n\t\t\t\n                                    <br style=\"clear: both\" \/>\n                    \n\t\t\t\t<div id=\"ngg-image-6\" class=\"ngg-gallery-thumbnail-box\" >\n\t\t\t\t        <div class=\"ngg-gallery-thumbnail\">\n            <a href=\"https:\/\/dpsniemojowice.pl\/2021\/wp-content\/gallery\/iv-spotkanie-integracyjne-domow-pomocy-spolecznej\/dsc06180.jpg\"\n               title=\"\"\n               data-src=\"https:\/\/dpsniemojowice.pl\/2021\/wp-content\/gallery\/iv-spotkanie-integracyjne-domow-pomocy-spolecznej\/dsc06180.jpg\"\n               data-thumbnail=\"https:\/\/dpsniemojowice.pl\/2021\/wp-content\/gallery\/iv-spotkanie-integracyjne-domow-pomocy-spolecznej\/thumbs\/thumbs_dsc06180.jpg\"\n               data-image-id=\"432\"\n               data-title=\"dsc06180\"\n               data-description=\"\"\n               data-image-slug=\"dsc06180\"\n               class=\"shutterset_992\">\n                <img\n                    title=\"dsc06180\"\n                    alt=\"dsc06180\"\n                    src=\"https:\/\/dpsniemojowice.pl\/2021\/wp-content\/gallery\/iv-spotkanie-integracyjne-domow-pomocy-spolecznej\/cache\/dsc06180-nggid03432-ngg0dyn-150x115x100-00f0w010c011r110f110r010t010.jpg\"\n                    width=\"150\"\n                    height=\"115\"\n                    style=\"max-width:100%;\"\n                \/>\n            <\/a>\n        <\/div>\n\t\t\t\t\t\t\t<\/div> \n\t\t\t\n                            \n\t\t\t\t<div id=\"ngg-image-7\" class=\"ngg-gallery-thumbnail-box\" >\n\t\t\t\t        <div class=\"ngg-gallery-thumbnail\">\n            <a href=\"https:\/\/dpsniemojowice.pl\/2021\/wp-content\/gallery\/iv-spotkanie-integracyjne-domow-pomocy-spolecznej\/dsc06199.jpg\"\n               title=\"\"\n               data-src=\"https:\/\/dpsniemojowice.pl\/2021\/wp-content\/gallery\/iv-spotkanie-integracyjne-domow-pomocy-spolecznej\/dsc06199.jpg\"\n               data-thumbnail=\"https:\/\/dpsniemojowice.pl\/2021\/wp-content\/gallery\/iv-spotkanie-integracyjne-domow-pomocy-spolecznej\/thumbs\/thumbs_dsc06199.jpg\"\n               data-image-id=\"433\"\n               data-title=\"dsc06199\"\n               data-description=\"\"\n               data-image-slug=\"dsc06199\"\n               class=\"shutterset_992\">\n                <img\n                    title=\"dsc06199\"\n                    alt=\"dsc06199\"\n                    src=\"https:\/\/dpsniemojowice.pl\/2021\/wp-content\/gallery\/iv-spotkanie-integracyjne-domow-pomocy-spolecznej\/cache\/dsc06199-nggid03433-ngg0dyn-150x115x100-00f0w010c011r110f110r010t010.jpg\"\n                    width=\"150\"\n                    height=\"115\"\n                    style=\"max-width:100%;\"\n                \/>\n            <\/a>\n        <\/div>\n\t\t\t\t\t\t\t<\/div> \n\t\t\t\n                            \n\t\t\t\t<div id=\"ngg-image-8\" class=\"ngg-gallery-thumbnail-box\" >\n\t\t\t\t        <div class=\"ngg-gallery-thumbnail\">\n            <a href=\"https:\/\/dpsniemojowice.pl\/2021\/wp-content\/gallery\/iv-spotkanie-integracyjne-domow-pomocy-spolecznej\/dsc06219.jpg\"\n               title=\"\"\n               data-src=\"https:\/\/dpsniemojowice.pl\/2021\/wp-content\/gallery\/iv-spotkanie-integracyjne-domow-pomocy-spolecznej\/dsc06219.jpg\"\n               data-thumbnail=\"https:\/\/dpsniemojowice.pl\/2021\/wp-content\/gallery\/iv-spotkanie-integracyjne-domow-pomocy-spolecznej\/thumbs\/thumbs_dsc06219.jpg\"\n               data-image-id=\"434\"\n               data-title=\"dsc06219\"\n               data-description=\"\"\n               data-image-slug=\"dsc06219\"\n               class=\"shutterset_992\">\n                <img\n                    title=\"dsc06219\"\n                    alt=\"dsc06219\"\n                    src=\"https:\/\/dpsniemojowice.pl\/2021\/wp-content\/gallery\/iv-spotkanie-integracyjne-domow-pomocy-spolecznej\/cache\/dsc06219-nggid03434-ngg0dyn-150x115x100-00f0w010c011r110f110r010t010.jpg\"\n                    width=\"150\"\n                    height=\"115\"\n                    style=\"max-width:100%;\"\n                \/>\n            <\/a>\n        <\/div>\n\t\t\t\t\t\t\t<\/div> \n\t\t\t\n                                    <br style=\"clear: both\" \/>\n                    \n\t\t\t\t<div id=\"ngg-image-9\" class=\"ngg-gallery-thumbnail-box\" >\n\t\t\t\t        <div class=\"ngg-gallery-thumbnail\">\n            <a href=\"https:\/\/dpsniemojowice.pl\/2021\/wp-content\/gallery\/iv-spotkanie-integracyjne-domow-pomocy-spolecznej\/dsc06248.jpg\"\n               title=\"\"\n               data-src=\"https:\/\/dpsniemojowice.pl\/2021\/wp-content\/gallery\/iv-spotkanie-integracyjne-domow-pomocy-spolecznej\/dsc06248.jpg\"\n               data-thumbnail=\"https:\/\/dpsniemojowice.pl\/2021\/wp-content\/gallery\/iv-spotkanie-integracyjne-domow-pomocy-spolecznej\/thumbs\/thumbs_dsc06248.jpg\"\n               data-image-id=\"435\"\n               data-title=\"dsc06248\"\n               data-description=\"\"\n               data-image-slug=\"dsc06248\"\n               class=\"shutterset_992\">\n                <img\n                    title=\"dsc06248\"\n                    alt=\"dsc06248\"\n                    src=\"https:\/\/dpsniemojowice.pl\/2021\/wp-content\/gallery\/iv-spotkanie-integracyjne-domow-pomocy-spolecznej\/cache\/dsc06248-nggid03435-ngg0dyn-150x115x100-00f0w010c011r110f110r010t010.jpg\"\n                    width=\"150\"\n                    height=\"115\"\n                    style=\"max-width:100%;\"\n                \/>\n            <\/a>\n        <\/div>\n\t\t\t\t\t\t\t<\/div> \n\t\t\t\n                            \n\t\t\t\t<div id=\"ngg-image-10\" class=\"ngg-gallery-thumbnail-box\" >\n\t\t\t\t        <div class=\"ngg-gallery-thumbnail\">\n            <a href=\"https:\/\/dpsniemojowice.pl\/2021\/wp-content\/gallery\/iv-spotkanie-integracyjne-domow-pomocy-spolecznej\/dsc06289.jpg\"\n               title=\"\"\n               data-src=\"https:\/\/dpsniemojowice.pl\/2021\/wp-content\/gallery\/iv-spotkanie-integracyjne-domow-pomocy-spolecznej\/dsc06289.jpg\"\n               data-thumbnail=\"https:\/\/dpsniemojowice.pl\/2021\/wp-content\/gallery\/iv-spotkanie-integracyjne-domow-pomocy-spolecznej\/thumbs\/thumbs_dsc06289.jpg\"\n               data-image-id=\"436\"\n               data-title=\"dsc06289\"\n               data-description=\"\"\n               data-image-slug=\"dsc06289\"\n               class=\"shutterset_992\">\n                <img\n                    title=\"dsc06289\"\n                    alt=\"dsc06289\"\n                    src=\"https:\/\/dpsniemojowice.pl\/2021\/wp-content\/gallery\/iv-spotkanie-integracyjne-domow-pomocy-spolecznej\/cache\/dsc06289-nggid03436-ngg0dyn-150x115x100-00f0w010c011r110f110r010t010.jpg\"\n                    width=\"150\"\n                    height=\"115\"\n                    style=\"max-width:100%;\"\n                \/>\n            <\/a>\n        <\/div>\n\t\t\t\t\t\t\t<\/div> \n\t\t\t\n                            \n\t\t\t\t<div id=\"ngg-image-11\" class=\"ngg-gallery-thumbnail-box\" >\n\t\t\t\t        <div class=\"ngg-gallery-thumbnail\">\n            <a href=\"https:\/\/dpsniemojowice.pl\/2021\/wp-content\/gallery\/iv-spotkanie-integracyjne-domow-pomocy-spolecznej\/dsc06300.jpg\"\n               title=\"\"\n               data-src=\"https:\/\/dpsniemojowice.pl\/2021\/wp-content\/gallery\/iv-spotkanie-integracyjne-domow-pomocy-spolecznej\/dsc06300.jpg\"\n               data-thumbnail=\"https:\/\/dpsniemojowice.pl\/2021\/wp-content\/gallery\/iv-spotkanie-integracyjne-domow-pomocy-spolecznej\/thumbs\/thumbs_dsc06300.jpg\"\n               data-image-id=\"437\"\n               data-title=\"dsc06300\"\n               data-description=\"\"\n               data-image-slug=\"dsc06300\"\n               class=\"shutterset_992\">\n                <img\n                    title=\"dsc06300\"\n                    alt=\"dsc06300\"\n                    src=\"https:\/\/dpsniemojowice.pl\/2021\/wp-content\/gallery\/iv-spotkanie-integracyjne-domow-pomocy-spolecznej\/cache\/dsc06300-nggid03437-ngg0dyn-150x115x100-00f0w010c011r110f110r010t010.jpg\"\n                    width=\"150\"\n                    height=\"115\"\n                    style=\"max-width:100%;\"\n                \/>\n            <\/a>\n        <\/div>\n\t\t\t\t\t\t\t<\/div> \n\t\t\t\n                                    <br style=\"clear: both\" \/>\n                    \n\t\t\n\t\t<!-- Pagination -->\n\t<div class='ngg-clear'><\/div>\t<\/div>\n<\/p>\n","protected":false},"excerpt":{"rendered":"<p>W dniu 16.09.2015r. ju\u017c po raz kolejny odby\u0142o si\u0119 w naszym Domu spotkanie z zaprzyja\u017anionymi Domami &#8211; Drzewicy, Ko\u0144skich oraz \u0141ochy\u0144ska.<\/p>\n","protected":false},"author":1,"featured_media":997,"comment_status":"open","ping_status":"open","sticky":false,"template":"","format":"standard","meta":{"ngg_post_thumbnail":0},"categories":[1],"tags":[],"_links":{"self":[{"href":"https:\/\/dpsniemojowice.pl\/2021\/wp-json\/wp\/v2\/posts\/978"}],"collection":[{"href":"https:\/\/dpsniemojowice.pl\/2021\/wp-json\/wp\/v2\/posts"}],"about":[{"href":"https:\/\/dpsniemojowice.pl\/2021\/wp-json\/wp\/v2\/types\/post"}],"author":[{"embeddable":true,"href":"https:\/\/dpsniemojowice.pl\/2021\/wp-json\/wp\/v2\/users\/1"}],"replies":[{"embeddable":true,"href":"https:\/\/dpsniemojowice.pl\/2021\/wp-json\/wp\/v2\/comments?post=978"}],"version-history":[{"count":5,"href":"https:\/\/dpsniemojowice.pl\/2021\/wp-json\/wp\/v2\/posts\/978\/revisions"}],"predecessor-version":[{"id":998,"href":"https:\/\/dpsniemojowice.pl\/2021\/wp-json\/wp\/v2\/posts\/978\/revisions\/998"}],"wp:featuredmedia":[{"embeddable":true,"href":"https:\/\/dpsniemojowice.pl\/2021\/wp-json\/wp\/v2\/media\/997"}],"wp:attachment":[{"href":"https:\/\/dpsniemojowice.pl\/2021\/wp-json\/wp\/v2\/media?parent=978"}],"wp:term":[{"taxonomy":"category","embeddable":true,"href":"https:\/\/dpsniemojowice.pl\/2021\/wp-json\/wp\/v2\/categories?post=978"},{"taxonomy":"post_tag","embeddable":true,"href":"https:\/\/dpsniemojowice.pl\/2021\/wp-json\/wp\/v2\/tags?post=978"}],"curies":[{"name":"wp","href":"https:\/\/api.w.org\/{rel}","templated":true}]}}